{"id":266095,"date":"2025-07-22T17:24:11","date_gmt":"2025-07-22T17:24:11","guid":{"rendered":"https:\/\/www.europesays.com\/fr\/266095\/"},"modified":"2025-07-22T17:24:11","modified_gmt":"2025-07-22T17:24:11","slug":"info-rtl-rachida-dati-renvoyee-en-correctionnelle-emmanuel-macron-prend-note-de-cette-decision-et-la-maintient-au-gouvernement","status":"publish","type":"post","link":"https:\/\/www.europesays.com\/fr\/266095\/","title":{"rendered":"INFO RTL &#8211; Rachida Dati renvoy\u00e9e en correctionnelle, Emmanuel Macron \u00ab\u00a0prend note\u00a0\u00bb de cette d\u00e9cision et la maintient au gouvernement"},"content":{"rendered":"<p class=\"article-p mdl\">Emmanuel Macron \u00ab\u00a0prendre note\u00a0\u00bb du renvoi de Rachida Dati en correctionnelle pour \u00ab\u00a0corruption\u00a0\u00bb et \u00ab\u00a0trafic d&rsquo;influence\u00a0\u00bb, a indiqu\u00e9 l&rsquo;\u00c9lys\u00e9e \u00e0 RTL, ce mardi 22 juillet 2025. Elle reste maintenue au gouvernement.\u00a0<\/p>\n<p class=\"article-p mdl\">Plus t\u00f4t dans la journ\u00e9e, des juges d&rsquo;instruction parisiens ont ordonn\u00e9 le renvoi en correctionnelle de la\u00a0<a class=\"link\" href=\"https:\/\/www.rtl.fr\/actu\/politique\/affaire-carlos-ghosn-tout-comprendre-a-la-procedure-qui-vise-rachida-dati-7900519410\" title=\"Affaire Carlos Ghosn : tout comprendre \u00e0 la proc\u00e9dure qui vise Rachida Dati\" rel=\"nofollow noopener\" target=\"_blank\">ministre de la Culture<\/a>\u00a0et de l&rsquo;ex-patron de Renault-Nissan\u00a0<a class=\"link\" href=\"https:\/\/www.rtl.fr\/actu\/international\/paris-rejet-des-demandes-de-carlos-ghosn-visant-a-annuler-son-mandat-d-arret-7900488296\" title=\"Paris : rejet des demandes de Carlos Ghosn visant \u00e0 annuler son mandat d&#039;arr\u00eat\" rel=\"nofollow noopener\" target=\"_blank\">Carlos Ghosn<\/a>\u00a0pour corruption et trafic d&rsquo;influence.\u00a0<strong>Les deux mis en cause contestent les accusations<\/strong> dans ce dossier judiciaire instruit depuis 2019 \u00e0 Paris et aux lourds enjeux politiques, Rachida Dati \u00e9tant l&rsquo;une des principales figures du gouvernement de Fran\u00e7ois Bayrou et\u00a0<a class=\"link\" href=\"https:\/\/www.rtl.fr\/actu\/politique\/municipales-a-paris-ou-legislative-partielle-rachida-dati-entretient-le-flou-et-met-en-garde-le-camp-barnier-7900525060\" title=\"Municipales \u00e0 Paris ou l\u00e9gislative partielle ? Rachida Dati entretient le flou et met en garde le camp Barnier\" rel=\"nofollow noopener\" target=\"_blank\">potentielle candidate \u00e0 la mairie de Paris<\/a>.\u00a0<\/p>\n<p class=\"article-p mdl\"><strong>Une premi\u00e8re audience, pr\u00e9vue le 29 septembre, doit permettre de fixer la date du proc\u00e8s<\/strong>, selon une source judiciaire. Le proc\u00e8s pourrait se tenir apr\u00e8s les \u00e9lections municipales, pr\u00e9vues en mars 2026.\u00a0<\/p>\n<p class=\"article-p mdl\">La ministre, 59 ans, sera jug\u00e9e pour recel d&rsquo;abus de pouvoir et d&rsquo;abus de confiance, corruption et trafic d&rsquo;influence passifs par personne investie d&rsquo;un mandat \u00e9lectif public au sein d&rsquo;une organisation internationale, le\u00a0<a class=\"link\" href=\"https:\/\/www.rtl.fr\/actu\/justice-faits-divers\/cprruption-le-pnf-requiert-un-proces-contre-rachida-dati-et-carlos-ghosn-7900440899\" title=\"Corruption : le PNF requiert un proc\u00e8s contre Rachida Dati et Carlos Ghosn\" rel=\"nofollow noopener\" target=\"_blank\">Parlement europ\u00e9en<\/a>. <strong>Elle est soup\u00e7onn\u00e9e d&rsquo;avoir per\u00e7u 900.000 euros entre 2010 et 2012<\/strong> pour des prestations de conseil act\u00e9es dans une convention d&rsquo;honoraires sign\u00e9e le 28 octobre 2009 avec RNBV, filiale de l&rsquo;alliance Renault-Nissan, mais sans avoir r\u00e9ellement travaill\u00e9, alors qu&rsquo;elle \u00e9tait avocate et d\u00e9put\u00e9e europ\u00e9enne (2009-2019).\u00a0<\/p>\n<p>            Rachida Dati mise en examen en juillet 2021<\/p>\n<p class=\"article-p mdl\">Les investigations ont cherch\u00e9 \u00e9galement \u00e0 d\u00e9terminer si cette convention d&rsquo;honoraires avait pu servir \u00e0 masquer une activit\u00e9 de lobbying au Parlement europ\u00e9en, interdite \u00e0 tout \u00e9lu.\u00a0<\/p>\n<p class=\"article-p mdl\">Apr\u00e8s avoir \u00e9t\u00e9 initialement plac\u00e9e sous le statut plus favorable de t\u00e9moin assist\u00e9,\u00a0<a class=\"link\" href=\"https:\/\/www.rtl.fr\/actu\/justice-faits-divers\/affaire-ghosn-rachida-dati-mise-en-examen-notamment-pour-corruption-passive-7900057618\" title=\"Affaire Ghosn : Rachida Dati mise en examen notamment pour &quot;corruption passive&quot;\" rel=\"nofollow noopener\" target=\"_blank\"><strong>Rachida Dati a \u00e9t\u00e9 mise en examen en juillet 2021<\/strong><\/a>. La ministre de la Culture, qui a aussi \u00e9t\u00e9 garde des Sceaux sous Nicolas Sarkozy, consid\u00e8re notamment ces faits comme prescrits et a multipli\u00e9 en vain les recours pour mettre fin aux poursuites.\u00a0<\/p>\n<p class=\"article-p mdl\">\u00ab\u00a0Des recours sont toujours pendants, mais ne font pas obstacle \u00e0 ce que les magistrats instructeurs rendent leur ordonnance de fin d&rsquo;information\u00a0\u00bb, a soulign\u00e9 la source judiciaire \u00e0 l&rsquo;AFP.<\/p>\n<p class=\"article-p mdl\"><a class=\"link\" href=\"https:\/\/www.rtl.fr\/actu\/justice-faits-divers\/carlos-ghosn-cinq-ans-apres-son-arrestation-que-devient-l-ex-pdg-de-renault-7900322568\" title=\"Carlos Ghosn : cinq ans apr\u00e8s son arrestation, que devient l&#039;ex-PDG de Renault ?\" rel=\"nofollow noopener\" target=\"_blank\"><strong>Carlos Ghosn<\/strong><\/a><strong>, 71 ans, est vis\u00e9 depuis avril 2023 par un mandat d&rsquo;arr\u00eat international<\/strong> dans ce dossier et sera jug\u00e9 pour abus de pouvoirs par dirigeant de soci\u00e9t\u00e9, abus de confiance, corruption et trafic d&rsquo;influence actifs, dans un dossier o\u00f9 l&rsquo;entreprise Renault s&rsquo;est constitu\u00e9e partie civile. Il conteste l&rsquo;ensemble des accusations.\u00a0<\/p>\n<p class=\"article-p mdl\">Celui qui poss\u00e8de les nationalit\u00e9s libanaise, fran\u00e7aise et br\u00e9silienne a \u00e9t\u00e9 arr\u00eat\u00e9 fin 2018 au Japon o\u00f9 il devait \u00eatre jug\u00e9 pour des malversations financi\u00e8res pr\u00e9sum\u00e9es quand il \u00e9tait \u00e0 la t\u00eate de Renault-Nissan. Il a trouv\u00e9 refuge au Liban fin 2019 apr\u00e8s une fuite rocambolesque du Japon.\u00a0<\/p>\n<p>    La r\u00e9daction vous recommande<\/p>\n<p class=\"s-newsletter__title\">\n                L\u2019actualit\u00e9 par la r\u00e9daction de RTL dans votre bo\u00eete mail.\n            <\/p>\n<p class=\"s-newsletter__subtitle\">\n                Gr\u00e2ce \u00e0 votre compte RTL abonnez-vous \u00e0 la newsletter RTL info pour suivre toute l&rsquo;actualit\u00e9 au quotidien\n            <\/p>\n<p>\n                                    Lire la suite\n                                <\/p>\n","protected":false},"excerpt":{"rendered":"Emmanuel Macron \u00ab\u00a0prendre note\u00a0\u00bb du renvoi de Rachida Dati en correctionnelle pour \u00ab\u00a0corruption\u00a0\u00bb et \u00ab\u00a0trafic d&rsquo;influence\u00a0\u00bb, a indiqu\u00e9&hellip;\n","protected":false},"author":2,"featured_media":266096,"comment_status":"","ping_status":"","sticky":false,"template":"","format":"standard","meta":{"footnotes":""},"categories":[2],"tags":[11,1073,107,1011,27,12,316,417,25],"class_list":{"0":"post-266095","1":"post","2":"type-post","3":"status-publish","4":"format-standard","5":"has-post-thumbnail","7":"category-actualites","8":"tag-actualites","9":"tag-emmanuel-macron","10":"tag-fil-info","11":"tag-fr","12":"tag-france","13":"tag-news","14":"tag-politique","15":"tag-rachida-dati","16":"tag-republique-francaise"},"share_on_mastodon":{"url":"https:\/\/pubeurope.com\/@fr\/114898053643708437","error":""},"_links":{"self":[{"href":"https:\/\/www.europesays.com\/fr\/wp-json\/wp\/v2\/posts\/266095","targetHints":{"allow":["GET"]}}],"collection":[{"href":"https:\/\/www.europesays.com\/fr\/wp-json\/wp\/v2\/posts"}],"about":[{"href":"https:\/\/www.europesays.com\/fr\/wp-json\/wp\/v2\/types\/post"}],"author":[{"embeddable":true,"href":"https:\/\/www.europesays.com\/fr\/wp-json\/wp\/v2\/users\/2"}],"replies":[{"embeddable":true,"href":"https:\/\/www.europesays.com\/fr\/wp-json\/wp\/v2\/comments?post=266095"}],"version-history":[{"count":0,"href":"https:\/\/www.europesays.com\/fr\/wp-json\/wp\/v2\/posts\/266095\/revisions"}],"wp:featuredmedia":[{"embeddable":true,"href":"https:\/\/www.europesays.com\/fr\/wp-json\/wp\/v2\/media\/266096"}],"wp:attachment":[{"href":"https:\/\/www.europesays.com\/fr\/wp-json\/wp\/v2\/media?parent=266095"}],"wp:term":[{"taxonomy":"category","embeddable":true,"href":"https:\/\/www.europesays.com\/fr\/wp-json\/wp\/v2\/categories?post=266095"},{"taxonomy":"post_tag","embeddable":true,"href":"https:\/\/www.europesays.com\/fr\/wp-json\/wp\/v2\/tags?post=266095"}],"curies":[{"name":"wp","href":"https:\/\/api.w.org\/{rel}","templated":true}]}}