{"id":2661,"date":"2025-04-04T12:01:09","date_gmt":"2025-04-04T12:01:09","guid":{"rendered":"https:\/\/www.europesays.com\/fr\/2661\/"},"modified":"2025-04-04T12:01:09","modified_gmt":"2025-04-04T12:01:09","slug":"un-policier-de-la-brav-m-en-urgence-absolue-apres-un-accident-de-la-route","status":"publish","type":"post","link":"https:\/\/www.europesays.com\/fr\/2661\/","title":{"rendered":"un policier de la Brav-M en urgence absolue apr\u00e8s un accident de la route"},"content":{"rendered":"<p>            Par<br \/>\n        <strong><br \/>\n            <a href=\"https:\/\/actu.fr\/auteur\/antoine-blanchet\" title=\"Consulter tous les articles de Antoine Blanchet\" rel=\"nofollow noopener\" target=\"_blank\">Antoine Blanchet<\/a><br \/>\n        <\/strong><\/p>\n<p>        Publi\u00e9 le<\/p>\n<p>            4 avr. 2025 \u00e0 10h02        <\/p>\n<p>Jeudi 3 avril 2025 dans la soir\u00e9e, un <strong>violent accident<\/strong> de la route impliquant deux policiers s\u2019est produit \u00e0 <a href=\"https:\/\/actu.fr\/ile-de-france\/montreuil_93048\" rel=\"nofollow noopener\" target=\"_blank\">Montreuil<\/a> en Seine-Saint-Denis, nous indique des sources concordantes. Les deux agents de la Brav-M ont \u00e9t\u00e9 hospitalis\u00e9s, dont un en urgence absolue.\u00a0<\/p>\n<p>Une enqu\u00eate ouverte<\/p>\n<p class=\" wall-content\">Le choc s\u2019est produit vers 19h30 au niveau de la<strong> rue de Rosny<\/strong>. \u00c0 deux sur une moto, les deux policiers de la Brav-M escortaient une voiture de police jusqu\u2019au commissariat apr\u00e8s une interpellation. \u00c0 l\u2019angle avec la rue des Roches, le deux-roues a \u00e9t\u00e9 violemment percut\u00e9 par une voiture.<\/p>\n<p class=\" wall-content\">Les deux policiers ont alors \u00e9t\u00e9 projet\u00e9s sur plusieurs m\u00e8tres. Pris en charge par les secours, ils ont \u00e9t\u00e9 hospitalis\u00e9s. L\u2019un d\u2019eux a \u00e9t\u00e9 transport\u00e9 en urgence absolue \u00e0 l\u2019h\u00f4pital de la Piti\u00e9-Salp\u00eatri\u00e8re \u00e0 Paris. Il souffrirait d\u2019un <strong>traumatisme cr\u00e2nien<\/strong>. Selon nos informations, son \u00e9tat se serait am\u00e9lior\u00e9 dans la nuit et son pronostic vital ne serait plus engag\u00e9. En parall\u00e8le, son coll\u00e8ge a \u00e9t\u00e9 transport\u00e9 en urgence relative \u00e0 l\u2019h\u00f4pital Beaujon de <a href=\"https:\/\/actu.fr\/ile-de-france\/clichy_92024\" rel=\"nofollow noopener\" target=\"_blank\">Clichy<\/a> (Hauts-de-Seine).<\/p>\n<p class=\" wall-content\">Une <strong>enqu\u00eate a \u00e9t\u00e9 ouverte<\/strong> pour d\u00e9terminer les causes de l\u2019accident. La conductrice du v\u00e9hicule ayant percut\u00e9 les policiers a subi un d\u00e9pistage. Elle s\u2019est r\u00e9v\u00e9l\u00e9e n\u00e9gative \u00e0 l\u2019alcool et aux stup\u00e9fiants.\u00a0<\/p>\n<p class=\" wall-content\">Suivez toute l\u2019actualit\u00e9 de vos villes et m\u00e9dias favoris en vous inscrivant \u00e0 <a href=\"https:\/\/moncompte.actu.fr\" title=\"D\u00e9couvez Mon Actu\" rel=\"nofollow noopener\" data-trk=\"{&quot;cta&quot;:{&quot;action&quot;:&quot;https:\\\/\\\/moncompte.actu.fr&quot;,&quot;category&quot;:&quot;mon compte&quot;,&quot;from&quot;:&quot;article footer&quot;,&quot;name&quot;:&quot;Mon actu&quot;,&quot;type&quot;:&quot;cta&quot;}}\" target=\"_blank\">Mon Actu<\/a>.<\/p>\n","protected":false},"excerpt":{"rendered":"Par Antoine Blanchet Publi\u00e9 le 4 avr. 2025 \u00e0 10h02 Jeudi 3 avril 2025 dans la soir\u00e9e, un&hellip;\n","protected":false},"author":2,"featured_media":2662,"comment_status":"","ping_status":"","sticky":false,"template":"","format":"standard","meta":{"footnotes":""},"categories":[1888],"tags":[119,1111,1928,11,1927,1777,674,118,1011,27,12,1926,626,1925,1072,25],"class_list":{"0":"post-2661","1":"post","2":"type-post","3":"status-publish","4":"format-standard","5":"has-post-thumbnail","7":"category-paris","8":"tag-accident","9":"tag-actu","10":"tag-actu-paris","11":"tag-actualites","12":"tag-actualites-paris","13":"tag-eu","14":"tag-europe","15":"tag-faits-divers","16":"tag-fr","17":"tag-france","18":"tag-news","19":"tag-news-paris","20":"tag-paris","21":"tag-paris-news","22":"tag-police","23":"tag-republique-francaise"},"share_on_mastodon":{"url":"https:\/\/pubeurope.com\/@fr\/114279591930007309","error":""},"_links":{"self":[{"href":"https:\/\/www.europesays.com\/fr\/wp-json\/wp\/v2\/posts\/2661","targetHints":{"allow":["GET"]}}],"collection":[{"href":"https:\/\/www.europesays.com\/fr\/wp-json\/wp\/v2\/posts"}],"about":[{"href":"https:\/\/www.europesays.com\/fr\/wp-json\/wp\/v2\/types\/post"}],"author":[{"embeddable":true,"href":"https:\/\/www.europesays.com\/fr\/wp-json\/wp\/v2\/users\/2"}],"replies":[{"embeddable":true,"href":"https:\/\/www.europesays.com\/fr\/wp-json\/wp\/v2\/comments?post=2661"}],"version-history":[{"count":0,"href":"https:\/\/www.europesays.com\/fr\/wp-json\/wp\/v2\/posts\/2661\/revisions"}],"wp:featuredmedia":[{"embeddable":true,"href":"https:\/\/www.europesays.com\/fr\/wp-json\/wp\/v2\/media\/2662"}],"wp:attachment":[{"href":"https:\/\/www.europesays.com\/fr\/wp-json\/wp\/v2\/media?parent=2661"}],"wp:term":[{"taxonomy":"category","embeddable":true,"href":"https:\/\/www.europesays.com\/fr\/wp-json\/wp\/v2\/categories?post=2661"},{"taxonomy":"post_tag","embeddable":true,"href":"https:\/\/www.europesays.com\/fr\/wp-json\/wp\/v2\/tags?post=2661"}],"curies":[{"name":"wp","href":"https:\/\/api.w.org\/{rel}","templated":true}]}}