{"id":26611,"date":"2025-04-15T13:26:09","date_gmt":"2025-04-15T13:26:09","guid":{"rendered":"https:\/\/www.europesays.com\/fr\/26611\/"},"modified":"2025-04-15T13:26:09","modified_gmt":"2025-04-15T13:26:09","slug":"bayrou-invoque-une-epreuve-de-verite-sur-les-finances-publiques-15-04-2025-a-1446","status":"publish","type":"post","link":"https:\/\/www.europesays.com\/fr\/26611\/","title":{"rendered":"Bayrou invoque une \u00ab\u00a0\u00e9preuve de v\u00e9rit\u00e9\u00a0\u00bb sur les finances publiques &#8211; 15\/04\/2025 \u00e0 14:46"},"content":{"rendered":"<p>        <img fetchpriority=\"high\" decoding=\"async\" src=\"https:\/\/www.europesays.com\/fr\/wp-content\/uploads\/2025\/04\/c46821d0f14b72337df84516c7932acf-760x507.jpg\" alt=\"Le Premier ministre fran\u00e7ais Fran\u00e7ois Bayrou\" loading=\"eager\" width=\"760\" height=\"507\" style=\"max-width: 100%!important; height: auto;\"\/><\/p>\n<p class=\"c-image-news__legend\">Le Premier ministre fran\u00e7ais Fran\u00e7ois Bayrou<\/p>\n<p>\n Le Premier ministre fran\u00e7ais, Fran\u00e7ois Bayrou, a tir\u00e9 mardi la sonnette d&rsquo;alarme sur l&rsquo;\u00e9tat des finances publiques, invoquant une \u00ab\u00a0\u00e9preuve de v\u00e9rit\u00e9\u00a0\u00bb alors que le gouvernement tente d&rsquo;\u00e9baucher un budget pour 2026 entre efforts de d\u00e9sendettement, r\u00e9armement, incertitudes \u00e9conomiques et menaces de censure par le Parlement.\n<\/p>\n<p>\n Deux mois apr\u00e8s avoir fait adopter dans la douleur le Projet de loi de finances 2025, l&rsquo;ex\u00e9cutif pr\u00e9pare d\u00e9j\u00e0 sa feuille de route budg\u00e9taire pour l&rsquo;an prochain dans un contexte boulevers\u00e9 par l&rsquo;administration de Donald Trump.\n<\/p>\n<p>\n Le d\u00e9sengagement s\u00e9curitaire des Etats-Unis en Europe oblige la France \u00e0 renforcer ses d\u00e9penses militaires tandis que la hausse des droits de douane am\u00e9ricains menace la fragile croissance \u00e9conomique du pays.\n<\/p>\n<p>\n \u00ab\u00a0Voil\u00e0 le paysage d\u00e9sormais, paysage tourment\u00e9 dans lequel se dresse la montagne de difficult\u00e9s que notre pays doit affronter\u00a0\u00bb, a d\u00e9clar\u00e9 Fran\u00e7ois Bayrou lors d&rsquo;une conf\u00e9rence de presse \u00e0 l&rsquo;issue d&rsquo;un \u00ab\u00a0comit\u00e9 d&rsquo;alerte sur le budget\u00a0\u00bb ayant r\u00e9uni plusieurs membres du gouvernement ainsi que des parlementaires et des repr\u00e9sentants syndicaux.\n<\/p>\n<p>\n \u00ab\u00a0Notre conviction, celle qui justifie la r\u00e9union de ce matin, est que seule une prise de conscience de nos concitoyens, seule la confrontation les yeux ouverts avec la v\u00e9rit\u00e9 de notre situation peut soutenir une action d\u00e9termin\u00e9e\u00a0\u00bb, a-t-il poursuivi.\n<\/p>\n<p>\n \u00ab\u00a0Nous devons mesurer la gravit\u00e9 de la situation\u00a0\u00bb.\n<\/p>\n<p>\n Faisant le constat, infographies \u00e0 l&rsquo;appui, d&rsquo;un d\u00e9ficit de production et d&rsquo;un trop faible taux d&#8217;emploi chez les jeunes et les seniors, Fran\u00e7ois Bayrou a plaid\u00e9 pour une \u00ab\u00a0politique de r\u00e9\u00e9quilibrage des d\u00e9penses publiques\u00a0\u00bb.\n<\/p>\n<p>\n Tout en \u00e9cartant d&#8217;embl\u00e9e deux \u00ab\u00a0solutions de facilit\u00e9\u00a0\u00bb selon lui : une augmentation des pr\u00e9l\u00e8vements obligatoires et un recours accru \u00e0 l&rsquo;endettement, qualifi\u00e9 de \u00ab\u00a0pi\u00e8ge dangereux\u00a0\u00bb.\n<\/p>\n<p>\n Dans ce cadre, le Premier ministre a d\u00e9taill\u00e9 quatre \u00ab\u00a0voies d&rsquo;ascension\u00a0\u00bb pour l'\u00a0\u00bbHimalaya de difficult\u00e9s\u00a0\u00bb qu&rsquo;il avait d\u00e9crit d\u00e8s son arriv\u00e9e \u00e0 Matignon en d\u00e9cembre dernier : renforcer les capacit\u00e9s de d\u00e9fense de la France, refuser le surendettement, refonder l&rsquo;action publique et encourager l&rsquo;activit\u00e9 \u00e9conomique du pays.\n<\/p>\n<p>\n Sans d\u00e9tailler dans l&rsquo;imm\u00e9diat de mesures, Fran\u00e7ois Bayrou a d\u00e9fendu un \u00ab\u00a0diagnostic\u00a0\u00bb qui doit permettre \u00ab\u00a0dans les semaines et les mois qui viennent de proposer des orientations et des solutions\u00a0\u00bb.\n<\/p>\n<p>\n Alors que le Projet de loi de finances est habituellement pr\u00e9sent\u00e9 en septembre, le chef du gouvernement a promis \u00ab\u00a0un calendrier beaucoup plus ambitieux et beaucoup plus exigeant qui va permettre de rassembler toutes les contributions, toutes les suggestions, toutes les consultations\u00a0\u00bb.\n<\/p>\n<p>\n \u00ab\u00a0\u00a0\u00bbNotre but, c&rsquo;est que ces grandes orientations et ces grands choix soient propos\u00e9s (&#8230;) avant le 14 juillet\u00a0\u00bb, a-t-il indiqu\u00e9.\n<\/p>\n<p>\n \u00ab\u00a0OP\u00c9RATION DE COMMUNICATION\u00a0\u00bb\n<\/p>\n<p>\n Pour 2025, le gouvernement a abaiss\u00e9 sa pr\u00e9vision de croissance du produit int\u00e9rieur brut (PIB) pour cette ann\u00e9e \u00e0 0,7%, contre 0,9% auparavant, tout en maintenant sa trajectoire de r\u00e9duction du d\u00e9ficit public afin de le ramener sous le seuil de 3% du PIB en 2029.\n<\/p>\n<p>\n Soit un d\u00e9ficit public attendu \u00e0 5,4% du PIB cette ann\u00e9e, puis \u00e0 4,6% l&rsquo;an prochain.\n<\/p>\n<p>\n Pour rentrer dans les clous budg\u00e9taires, un effort \u00ab\u00a0tr\u00e8s consid\u00e9rable\u00a0\u00bb de 40 milliards d&rsquo;euros pour 2026 a \u00e9t\u00e9 annonc\u00e9 dimanche par le ministre de l&rsquo;Economie, Eric Lombard, selon qui cet ajustement passera essentiellement par une r\u00e9duction de la d\u00e9pense publique.\n<\/p>\n<p>\n Mais aucun d\u00e9tail sur ces \u00e9conomies attendues n&rsquo;a \u00e9t\u00e9 d\u00e9voil\u00e9 au cours de la conf\u00e9rence de presse de Fran\u00e7ois Bayrou.\n<\/p>\n<p>\n Regrettant \u00eatre le \u00ab\u00a0figurant d&rsquo;une op\u00e9ration de communication\u00a0\u00bb, le d\u00e9put\u00e9 La France insoumise (LFI) et pr\u00e9sident de la commission des Finances \u00e0 l&rsquo;Assembl\u00e9e nationale Eric Coquerel a d\u00e9plor\u00e9 un \u00ab\u00a0exercice de propagande plus que de v\u00e9rit\u00e9\u00a0\u00bb.\n<\/p>\n<p>\n La formation d&rsquo;extr\u00eame-gauche a d\u00e9j\u00e0 menac\u00e9 de d\u00e9poser une nouvelle motion de censure contre le gouvernement, une mise en garde \u00e9galement reprise par le Rassemblement national (RN) et le Parti socialiste (PS).\n<\/p>\n<p>\n La secr\u00e9taire g\u00e9n\u00e9rale de la CGT Sophie Binet a elle aussi d\u00e9nonc\u00e9 un \u00ab\u00a0exercice de communication\u00a0\u00bb, sans dialogue ni annonces.\n<\/p>\n<p>\n \u00ab\u00a0Le gouvernement a un tabou, c&rsquo;est celui des recettes\u00a0\u00bb, a-t-elle point\u00e9, notant le refus de l&rsquo;ex\u00e9cutif de taxer le patrimoine et les dividendes ou d&rsquo;augmenter les imp\u00f4ts pour les plus ais\u00e9s.\n<\/p>\n<p>\n Du c\u00f4t\u00e9 de la CFDT, la secr\u00e9taire g\u00e9n\u00e9rale du syndicat, Maryse L\u00e9on, a regrett\u00e9 pour sa part une vision uniquement \u00ab\u00a0comptable\u00a0\u00bb des finances publiques et plaid\u00e9 pour que les \u00ab\u00a0efforts soient partag\u00e9s\u00a0\u00bb.\n<\/p>\n<p>\n \u00ab\u00a0On ne fait pas un budget uniquement avec un tableur Excel\u00a0\u00bb, a-t-elle tanc\u00e9, d\u00e9fendant un \u00ab\u00a0enjeu de justice sociale\u00a0\u00bb.\n<\/p>\n<p>\n (R\u00e9dig\u00e9 par Blandine H\u00e9nault, \u00e9dit\u00e9 par Kate Entringer)<\/p>\n","protected":false},"excerpt":{"rendered":"Le Premier ministre fran\u00e7ais Fran\u00e7ois Bayrou Le Premier ministre fran\u00e7ais, Fran\u00e7ois Bayrou, a tir\u00e9 mardi la sonnette d&rsquo;alarme&hellip;\n","protected":false},"author":2,"featured_media":26612,"comment_status":"","ping_status":"","sticky":false,"template":"","format":"standard","meta":{"footnotes":""},"categories":[4],"tags":[400,11,398,408,405,1011,27,403,402,399,404,12,25,401,406,407],"class_list":{"0":"post-26611","1":"post","2":"type-post","3":"status-publish","4":"format-standard","5":"has-post-thumbnail","7":"category-france","8":"tag-action-cac-40","9":"tag-actualites","10":"tag-bourse-de-paris","11":"tag-boursorama","12":"tag-cotations","13":"tag-fr","14":"tag-france","15":"tag-indices-devises","16":"tag-investir","17":"tag-investissement","18":"tag-marche-boursier","19":"tag-news","20":"tag-republique-francaise","21":"tag-sicav","22":"tag-trackers","23":"tag-warrants"},"share_on_mastodon":{"url":"https:\/\/pubeurope.com\/@fr\/114342211384588609","error":""},"_links":{"self":[{"href":"https:\/\/www.europesays.com\/fr\/wp-json\/wp\/v2\/posts\/26611","targetHints":{"allow":["GET"]}}],"collection":[{"href":"https:\/\/www.europesays.com\/fr\/wp-json\/wp\/v2\/posts"}],"about":[{"href":"https:\/\/www.europesays.com\/fr\/wp-json\/wp\/v2\/types\/post"}],"author":[{"embeddable":true,"href":"https:\/\/www.europesays.com\/fr\/wp-json\/wp\/v2\/users\/2"}],"replies":[{"embeddable":true,"href":"https:\/\/www.europesays.com\/fr\/wp-json\/wp\/v2\/comments?post=26611"}],"version-history":[{"count":0,"href":"https:\/\/www.europesays.com\/fr\/wp-json\/wp\/v2\/posts\/26611\/revisions"}],"wp:featuredmedia":[{"embeddable":true,"href":"https:\/\/www.europesays.com\/fr\/wp-json\/wp\/v2\/media\/26612"}],"wp:attachment":[{"href":"https:\/\/www.europesays.com\/fr\/wp-json\/wp\/v2\/media?parent=26611"}],"wp:term":[{"taxonomy":"category","embeddable":true,"href":"https:\/\/www.europesays.com\/fr\/wp-json\/wp\/v2\/categories?post=26611"},{"taxonomy":"post_tag","embeddable":true,"href":"https:\/\/www.europesays.com\/fr\/wp-json\/wp\/v2\/tags?post=26611"}],"curies":[{"name":"wp","href":"https:\/\/api.w.org\/{rel}","templated":true}]}}