{"id":266116,"date":"2025-07-22T17:37:36","date_gmt":"2025-07-22T17:37:36","guid":{"rendered":"https:\/\/www.europesays.com\/fr\/266116\/"},"modified":"2025-07-22T17:37:36","modified_gmt":"2025-07-22T17:37:36","slug":"invite-de-la-semaine-jean-louis-perrin-co-createur-de-la-fresque-vegetale-a-longeville-pour-le-tour-de-france-doubs-toute-linfo-locale","status":"publish","type":"post","link":"https:\/\/www.europesays.com\/fr\/266116\/","title":{"rendered":"Invit\u00e9 de la semaine. Jean-Louis Perrin, co-cr\u00e9ateur de la fresque v\u00e9g\u00e9tale \u00e0 Longeville pour le Tour de France &#8211; Doubs : toute l&rsquo;info locale"},"content":{"rendered":"<p>        <a href=\"https:\/\/hebdo25.net\/wp-content\/uploads\/2025\/07\/WhatsApp-Image-2025-07-16-at-01.33.44.jpeg\" data-caption=\"Jean-Louis Perrin, co-cr\u00e9ateur de la fresque v\u00e9g\u00e9tale r\u00e9alis\u00e9e \u00e0 Longeville, \u00e0 l\u2019occasion du Tour de France 2025. Photo MS\" rel=\"nofollow noopener\" target=\"_blank\"><img loading=\"lazy\" decoding=\"async\" width=\"696\" height=\"902\" class=\"entry-thumb td-modal-image\" src=\"https:\/\/www.europesays.com\/fr\/wp-content\/uploads\/2025\/07\/WhatsApp-Image-2025-07-16-at-01.33.44-696x902.jpeg\"   alt=\"Jean-Louis Perrin, co-cr\u00e9ateur de la fresque v\u00e9g\u00e9tale \u00e0 Longeville pour le Tour de France\" title=\"Jean-Louis Perrin. Photo MS\"\/><\/a>Jean-Louis Perrin, co-cr\u00e9ateur de la fresque v\u00e9g\u00e9tale r\u00e9alis\u00e9e \u00e0 Longeville, \u00e0 l\u2019occasion du Tour de France 2025. Photo MS<br \/>\n        <strong>Comment est n\u00e9e cette passion pour les fresques g\u00e9antes v\u00e9g\u00e9tales\u00a0?<\/strong><\/p>\n<p style=\"font-weight: 400;\">En 2019, j\u2019ai eu l\u2019occasion de prendre part \u00e0 l\u2019\u00e9tape entre Belfort et Chalon-sur-Sa\u00f4ne. Je souhaitais donner un coup de main \u00e0 l\u2019Association Nationale du Cheval de trait comtois (ANCTC) qui cherchait une animation pour f\u00eater son centenaire. L\u2019id\u00e9e d\u2019une fresque est venue avec l\u2019artiste jurassien Pierre Duc. Finalement, je me suis pris au jeu et j\u2019ai tr\u00e8s vite \u00e9t\u00e9 passionn\u00e9. Ce n\u2019est pas moi l\u2019artiste, je coordonne les b\u00e9n\u00e9voles qui aident \u00e0 la conception. Parmi mes amis, Laurent B\u00f4le est un graphiste local qui sait \u00e9galement r\u00e9aliser ce genre de fresque. Nous nous sommes associ\u00e9s pour r\u00e9aliser un nouveau dessin \u00e0 l\u2019occasion du Tour de France Femmes l\u2019an pass\u00e9, qui a bien fonctionn\u00e9. Les organisateurs de l\u2019\u00e9tape entre Nantua et Pontarlier nous ont recontact\u00e9s pour une nouvelle fresque cette ann\u00e9e et nous sommes tr\u00e8s fiers de participer \u00e0 cette aventure !<\/p>\n<p><a data-no-instant=\"1\" href=\"https:\/\/hebdo25.net\/contact\/\" rel=\"noopener nofollow\" class=\"a2t-link\" aria-label=\"Carre\u0301\" target=\"_blank\"><img loading=\"lazy\" decoding=\"async\" src=\"https:\/\/www.europesays.com\/fr\/wp-content\/uploads\/2025\/06\/Carre-scaled.png\" alt=\"\"   width=\"600\" height=\"550\"\/><\/a><br style=\"clear: both; display: block; float: none;\"\/><br \/>\n<strong>Comment se d\u00e9roule la cr\u00e9ation d\u2019une \u0153uvre r\u00e9alis\u00e9e\u00a0sur un hectare\u00a0?<\/strong><\/p>\n<p style=\"font-weight: 400;\">Nous choisissons avec Laurent un endroit et proposons des esquisses. Le D\u00e9partement et la FDSEA donnent aussi leur avis, car cette cr\u00e9ation entre <a href=\"https:\/\/www.letour.fr\/fr\/actus\/2025\/prix-les-agriculteurs-aiment-le-tour-2024-la-champagne-se-ressert-une-coupe\/1324865\" rel=\"nofollow noopener\" target=\"_blank\">dans le cadre du concours \u00ab\u00a0Les Agriculteurs aiment le Tour\u00a0\u00bb, port\u00e9 par A.S.O et la FNSEA<\/a>. Plusieurs fresques des diff\u00e9rents d\u00e9partements sont en lice pour remporter le titre chaque ann\u00e9e. Pour celle de Longeville comme l\u2019an pass\u00e9, Laurent B\u00f4le dessine d\u2019abord sur une feuille ce qu\u2019il imagine avant de voir comment nous pouvons rendre \u00e7a concret dans un champ assez large et propice pour que l\u2019h\u00e9licopt\u00e8re puisse correctement filmer.<\/p>\n<p><strong>Le Doubs a d\u00e9j\u00e0 remport\u00e9 deux fois le prix sp\u00e9cial Raymond Poulidor avec vos deux pr\u00e9c\u00e9dentes fresques sans jamais d\u00e9crocher la victoire\u2026<\/strong><\/p>\n<p style=\"font-weight: 400;\">En r\u00e9alit\u00e9, on cherche surtout \u00e0 apporter notre contribution \u00e0 un \u00e9norme \u00e9v\u00e9nement. Le concours n\u2019est pas une priorit\u00e9 mais chaque prix est une satisfaction suppl\u00e9mentaire. Ce prix sp\u00e9cial Raymond Poulidor, c\u2019est un lot de consolation, alors pourquoi ne pas penser \u00e0 la victoire\u00a0cette fois\u00a0!<\/p>\n<p><strong>Qu\u2019avez-vous choisi pour cette fresque \u00e0 Longeville\u00a0?<\/strong><\/p>\n<p style=\"font-weight: 400;\">C\u2019est d\u2019abord le maire de la commune, Pierre-Andr\u00e9 Vouillot, qui nous a contact\u00e9s. Nous sommes rapidement tomb\u00e9s d\u2019accord sur le fait de mettre Gustave Courbet en avant. Sa renomm\u00e9e est internationale, l\u2019\u00e9tape passe au c\u0153ur du Pays de Courbet et \u00e7a change un peu de l\u2019agriculture et du terroir local. Il n\u2019est pour autant pas oubli\u00e9 avec la pr\u00e9sence d\u2019une montb\u00e9liarde et d\u2019un cheval. La fresque sera agr\u00e9ment\u00e9e de quelques phrases et du logo du D\u00e9partement. La particularit\u00e9 de cette fresque r\u00e9side dans la posture de Courbet : il salue directement la cam\u00e9ra et les t\u00e9l\u00e9spectateurs\u00a0!<\/p>\n<p><img fetchpriority=\"high\" decoding=\"async\" class=\"wp-image-78135 \" src=\"https:\/\/www.europesays.com\/fr\/wp-content\/uploads\/2025\/07\/WhatsApp-Image-2025-07-16-at-01.35.11.jpeg\" alt=\"\" width=\"423\" height=\"504\"  \/>Sur un hectare de parcelle agricole, la fresque v\u00e9g\u00e9tale met en avant le c\u00e9l\u00e8bre peintre du Doubs Gustave Courbet<br \/>\n<strong>Un signe distinctif suffisant pour vous \u00e0 remporter le concours\u00a0?<\/strong><\/p>\n<p style=\"font-weight: 400;\">Cela en fait partie mais quand on parle d\u2019agriculture, j\u2019ai du mal \u00e0 imaginer que l\u2019on puisse dessiner quelque chose en utilisant du plastique ou des produits qui peuvent abimer la terre. Notre fresque est 100% v\u00e9g\u00e9tale. Il n\u2019y a pas d\u2019emballages color\u00e9s ou de peinture chimique comme on peut le voir ailleurs par exemple. Chez nous, tout est fait au sol \u00e0 l\u2019aide de mat\u00e9riaux qui n\u2019impactent pas l\u2019environnement. Les vaches peuvent retourner dans le champ de la fresque d\u00e8s le lendemain.<\/p>\n<p><strong>Propos recueillis par M.S<\/strong><\/p>\n<p><a href=\"#\" target=\"_blank\"><img decoding=\"async\" src=\"https:\/\/www.europesays.com\/fr\/wp-content\/uploads\/2025\/04\/newspaper-rec728.jpg\"\/><\/a>        <\/p>\n","protected":false},"excerpt":{"rendered":"Jean-Louis Perrin, co-cr\u00e9ateur de la fresque v\u00e9g\u00e9tale r\u00e9alis\u00e9e \u00e0 Longeville, \u00e0 l\u2019occasion du Tour de France 2025. Photo&hellip;\n","protected":false},"author":2,"featured_media":266117,"comment_status":"","ping_status":"","sticky":false,"template":"","format":"standard","meta":{"footnotes":""},"categories":[1358],"tags":[1348,1384,1385,1386,58,59,1011,27],"class_list":{"0":"post-266116","1":"post","2":"type-post","3":"status-publish","4":"format-standard","5":"has-post-thumbnail","7":"category-arts-et-design","8":"tag-arts","9":"tag-arts-and-design","10":"tag-arts-et-design","11":"tag-design","12":"tag-divertissement","13":"tag-entertainment","14":"tag-fr","15":"tag-france"},"share_on_mastodon":{"url":"https:\/\/pubeurope.com\/@fr\/114898104758343633","error":""},"_links":{"self":[{"href":"https:\/\/www.europesays.com\/fr\/wp-json\/wp\/v2\/posts\/266116","targetHints":{"allow":["GET"]}}],"collection":[{"href":"https:\/\/www.europesays.com\/fr\/wp-json\/wp\/v2\/posts"}],"about":[{"href":"https:\/\/www.europesays.com\/fr\/wp-json\/wp\/v2\/types\/post"}],"author":[{"embeddable":true,"href":"https:\/\/www.europesays.com\/fr\/wp-json\/wp\/v2\/users\/2"}],"replies":[{"embeddable":true,"href":"https:\/\/www.europesays.com\/fr\/wp-json\/wp\/v2\/comments?post=266116"}],"version-history":[{"count":0,"href":"https:\/\/www.europesays.com\/fr\/wp-json\/wp\/v2\/posts\/266116\/revisions"}],"wp:featuredmedia":[{"embeddable":true,"href":"https:\/\/www.europesays.com\/fr\/wp-json\/wp\/v2\/media\/266117"}],"wp:attachment":[{"href":"https:\/\/www.europesays.com\/fr\/wp-json\/wp\/v2\/media?parent=266116"}],"wp:term":[{"taxonomy":"category","embeddable":true,"href":"https:\/\/www.europesays.com\/fr\/wp-json\/wp\/v2\/categories?post=266116"},{"taxonomy":"post_tag","embeddable":true,"href":"https:\/\/www.europesays.com\/fr\/wp-json\/wp\/v2\/tags?post=266116"}],"curies":[{"name":"wp","href":"https:\/\/api.w.org\/{rel}","templated":true}]}}