{"id":266122,"date":"2025-07-22T17:40:11","date_gmt":"2025-07-22T17:40:11","guid":{"rendered":"https:\/\/www.europesays.com\/fr\/266122\/"},"modified":"2025-07-22T17:40:11","modified_gmt":"2025-07-22T17:40:11","slug":"mike-shinoda-denonce-ceux-qui-ont-critique-linkin-park-parce-que-sa-nouvelle-voix-est-une-femme","status":"publish","type":"post","link":"https:\/\/www.europesays.com\/fr\/266122\/","title":{"rendered":"Mike Shinoda d\u00e9nonce ceux qui ont critiqu\u00e9 Linkin Park parce que sa nouvelle voix est une femme"},"content":{"rendered":"<p>Depuis la mort du chanteur Chester Bennington, en\u00a02017, beaucoup ont cru \u00e0 la fin de Linkin Park. Pourtant, la formation am\u00e9ricaine a jou\u00e9, en novembre dernier, \u00e0 guichets ferm\u00e9s pour <a href=\"https:\/\/www.20minutes.fr\/arts-stars\/4112303-20240926-linkin-park-annonce-date-surprise-paris-signe-hymne-championnats-monde-league-of-legends\" target=\"_blank\" class=\"color-ultramarine c-link\" rel=\"noopener\">son premier concert<\/a> \u00e0 La D\u00e9fense Arena avec sa nouvelle chanteuse Emily Armstrong. Mais les musiciens reviennent de loin selon Mike Shinoda, l\u2019un des membres fondateurs du groupe, qui affirme que <a href=\"https:\/\/www.20minutes.fr\/arts-stars\/4108728-20240906-apres-sept-ans-silence-linkin-park-presente-nouvelle-chanteuse\" target=\"_blank\" class=\"color-ultramarine c-link\" rel=\"noopener\">leur nouvelle recrue de 39 ans<\/a> a essuy\u00e9 de nombreuses critiques injustifi\u00e9es.<\/p>\n<p>Dans une interview accord\u00e9e au Guardian le vendredi 18\u00a0juillet, Mike Shinoda a assur\u00e9 que \u00ab\u00a0certaines personnes s\u2019en sont prises \u00e0 Emily, et c\u2019\u00e9tait uniquement parce qu\u2019elle n\u2019\u00e9tait pas un homme\u00a0\u00bb, selon lui.<\/p>\n<p>Misogynie<\/p>\n<p>Il est vrai que l\u2019arriv\u00e9e de l\u2019ancienne chanteuse des Dead Sara a \u00e9t\u00e9 per\u00e7ue comme un \u00e9lectrochoc. Jamie Bennington, le fils du regrett\u00e9 <a href=\"https:\/\/www.20minutes.fr\/culture\/2107643-20170720-video-chester-bennington-chanteur-linkin-park-suicide\" target=\"_blank\" class=\"color-ultramarine c-link\" rel=\"noopener\">chanteur retrouv\u00e9 pendu<\/a> \u00e0 l\u2019\u00e2ge de 41 ans, avait <a href=\"https:\/\/www.20minutes.fr\/arts-stars\/people\/4109959-20240915-fils-chester-bennington-veut-linkin-park-avoir-remplace-pere\" target=\"_blank\" class=\"color-ultramarine c-link\" rel=\"noopener\">lui-m\u00eame critiqu\u00e9<\/a> le choix de l\u2019artiste qui a remplac\u00e9 son p\u00e8re. Il avait point\u00e9 \u00ab\u00a0son pass\u00e9 dans l\u2019\u00c9glise de Scientologie et ses liens avec Danny Masterson\u00a0\u00bb.<\/p>\n<p>La principale int\u00e9ress\u00e9e n\u2019a pas r\u00e9pondu \u00e0 ces accusations. Elle a pr\u00e9f\u00e9r\u00e9 \u00e9viter les r\u00e9seaux sociaux \u00ab\u00a0pour des raisons de sant\u00e9 mentale\u00a0\u00bb. Pour Mike Shinoda, les raisons avanc\u00e9es \u00e9taient autant d\u2019excuses qui masquaient une misogynie certaine.<\/p>\n<p>\u00ab\u00a0Ils \u00e9taient tellement mal \u00e0 l\u2019aise avec la vraie raison qu\u2019ils ont choisi une tonne de choses \u00e0 critiquer. Ils pointent dans dix directions diff\u00e9rentes en disant\u00a0: \u00ab\u00a0Voil\u00e0 pourquoi je suis en col\u00e8re, voil\u00e0 pourquoi le groupe est nul\u00a0\u00bb\u00a0\u00bb, explique-t-il <a href=\"https:\/\/www.theguardian.com\/music\/2025\/jul\/18\/linkin-park-interview-mike-shinoda-emily-armstrong-from-zero\" rel=\"nofollow noopener\" target=\"_blank\" class=\"color-ultramarine c-link\">au quotidien<\/a> britannique.<\/p>\n<p>\u00c0 pr\u00e9sent, \u00ab\u00a0il s\u2019agit d\u2019entamer un nouveau chapitre vers l\u2019avenir\u00a0\u00bb, assure Mike Shinoda. \u00ab\u00a0Nous adorons jouer pour vous, nous adorons composer cette musique, nous sommes vraiment tr\u00e8s excit\u00e9s par le nouvel album.\u00a0\u00bb<\/p>\n<p>From Zero, le huiti\u00e8me album du groupe, a atteint la premi\u00e8re place dans treize pays. De quoi faire taire les sceptiques\u00a0? La tourn\u00e9e am\u00e9ricaine, qui sera suivie par des dates europ\u00e9ennes en\u00a02026, sera l\u2019occasion de le v\u00e9rifier.<\/p>\n","protected":false},"excerpt":{"rendered":"Depuis la mort du chanteur Chester Bennington, en\u00a02017, beaucoup ont cru \u00e0 la fin de Linkin Park. Pourtant,&hellip;\n","protected":false},"author":2,"featured_media":266123,"comment_status":"","ping_status":"","sticky":false,"template":"","format":"standard","meta":{"footnotes":""},"categories":[1355],"tags":[2704,58,59,1011,27,30301,1361,873,973,7040,133],"class_list":{"0":"post-266122","1":"post","2":"type-post","3":"status-publish","4":"format-standard","5":"has-post-thumbnail","7":"category-musique","8":"tag-chanteuse","9":"tag-divertissement","10":"tag-entertainment","11":"tag-fr","12":"tag-france","13":"tag-misogynie","14":"tag-music","15":"tag-musique","16":"tag-people","17":"tag-rock","18":"tag-video"},"share_on_mastodon":{"url":"https:\/\/pubeurope.com\/@fr\/114898116609412671","error":""},"_links":{"self":[{"href":"https:\/\/www.europesays.com\/fr\/wp-json\/wp\/v2\/posts\/266122","targetHints":{"allow":["GET"]}}],"collection":[{"href":"https:\/\/www.europesays.com\/fr\/wp-json\/wp\/v2\/posts"}],"about":[{"href":"https:\/\/www.europesays.com\/fr\/wp-json\/wp\/v2\/types\/post"}],"author":[{"embeddable":true,"href":"https:\/\/www.europesays.com\/fr\/wp-json\/wp\/v2\/users\/2"}],"replies":[{"embeddable":true,"href":"https:\/\/www.europesays.com\/fr\/wp-json\/wp\/v2\/comments?post=266122"}],"version-history":[{"count":0,"href":"https:\/\/www.europesays.com\/fr\/wp-json\/wp\/v2\/posts\/266122\/revisions"}],"wp:featuredmedia":[{"embeddable":true,"href":"https:\/\/www.europesays.com\/fr\/wp-json\/wp\/v2\/media\/266123"}],"wp:attachment":[{"href":"https:\/\/www.europesays.com\/fr\/wp-json\/wp\/v2\/media?parent=266122"}],"wp:term":[{"taxonomy":"category","embeddable":true,"href":"https:\/\/www.europesays.com\/fr\/wp-json\/wp\/v2\/categories?post=266122"},{"taxonomy":"post_tag","embeddable":true,"href":"https:\/\/www.europesays.com\/fr\/wp-json\/wp\/v2\/tags?post=266122"}],"curies":[{"name":"wp","href":"https:\/\/api.w.org\/{rel}","templated":true}]}}