{"id":266126,"date":"2025-07-22T17:42:08","date_gmt":"2025-07-22T17:42:08","guid":{"rendered":"https:\/\/www.europesays.com\/fr\/266126\/"},"modified":"2025-07-22T17:42:08","modified_gmt":"2025-07-22T17:42:08","slug":"decouvrez-la-noix-qui-facilite-la-chute-des-kilos","status":"publish","type":"post","link":"https:\/\/www.europesays.com\/fr\/266126\/","title":{"rendered":"d\u00e9couvrez la noix qui facilite la chute des kilos"},"content":{"rendered":"<p class=\"chapo\">Adopter de nouvelles habitudes alimentaires peut faciliter la perte de poids. Parmi les solutions naturelles, la consommation de certaines noix s\u2019av\u00e8re b\u00e9n\u00e9fique pour perdre des kilos, gr\u00e2ce \u00e0 leurs propri\u00e9t\u00e9s nutritionnelles et leur effet rassasiant.<\/p>\n<p>Tl;dr<\/p>\n<ul>\n<li>Les amandes r\u00e9duisent l\u2019app\u00e9tit et l\u2019apport calorique.<\/li>\n<li>Elles favorisent la gestion du poids et la sati\u00e9t\u00e9.<\/li>\n<li>Riches en nutriments, elles soutiennent la sant\u00e9 globale.<\/li>\n<\/ul>\n<p>Lutter contre l\u2019ob\u00e9sit\u00e9\u00a0: la piste prometteuse des amandes<\/p>\n<p>\u00c0 l\u2019heure o\u00f9 le monde fait face \u00e0 une flamb\u00e9e des taux d\u2019<strong>ob\u00e9sit\u00e9<\/strong>, de nouvelles pistes \u00e9mergent pour aider \u00e0 reprendre le contr\u00f4le sur son poids. Selon les donn\u00e9es r\u00e9centes de l\u2019Organisation mondiale de la sant\u00e9, pr\u00e8s d\u20191 personne sur 8 vivait avec l\u2019ob\u00e9sit\u00e9 en 2022, soit environ neuf milliards d\u2019adultes concern\u00e9s.<\/p>\n<p>Ce ph\u00e9nom\u00e8ne mondial va bien au-del\u00e0 de simples consid\u00e9rations esth\u00e9tiques\u00a0: il augmente sensiblement les risques de maladies chroniques comme le diab\u00e8te ou certains cancers.<\/p>\n<p>Les amandes, alli\u00e9es naturelles du contr\u00f4le du poids<\/p>\n<p>Face \u00e0 cette r\u00e9alit\u00e9, un int\u00e9r\u00eat croissant se porte sur certains aliments qui pourraient jouer un r\u00f4le dans la r\u00e9gulation de l\u2019app\u00e9tit. Les recherches men\u00e9es par l\u2019Universit\u00e9 d\u2019Australie-M\u00e9ridionale, publi\u00e9es dans le European Journal of Nutrition, mettent en lumi\u00e8re le potentiel des <strong>amandes<\/strong>.<\/p>\n<p>Consommer quotidiennement entre 30 et 50 grammes de ces graines pourrait entra\u00eener une r\u00e9duction moyenne de 300 kilojoules lors du repas suivant, principalement gr\u00e2ce \u00e0 une diminution des \u00ab\u00a0calories vides\u00a0\u00bb issues des aliments ultra-transform\u00e9s.<\/p>\n<p>Un effet hormonal mesur\u00e9 et document\u00e9<\/p>\n<p>Ce ph\u00e9nom\u00e8ne s\u2019explique, en partie, par les effets des amandes sur les hormones qui r\u00e9gulent la sensation de faim. Les chercheurs observent\u00a0:<\/p>\n<ul>\n<li>une baisse significative (47 %) de la r\u00e9ponse du C-peptide \u2013 indicateur d\u2019une <a href=\"https:\/\/www.24matins.fr\/quel-est-lage-limite-pour-developper-un-diabete-1379839\" target=\"_blank\" rel=\"noopener nofollow\">meilleure sensibilit\u00e9 \u00e0 l\u2019insuline<\/a> ;<\/li>\n<li>une augmentation notable du glucagon (+39 %), hormone cl\u00e9 pour le sentiment de sati\u00e9t\u00e9 ;<\/li>\n<li>et une hausse du polypeptide pancr\u00e9atique (+44 %), connu pour ralentir la digestion.<\/li>\n<\/ul>\n<p>Pour Dr Sharayah Carter, membre d\u2019ARENA, \u00ab\u00a0notre \u00e9tude montre que m\u00eame des changements alimentaires modestes, comme int\u00e9grer des amandes, peuvent impacter durablement nos habitudes et notre sant\u00e9 globale\u00a0\u00bb.<\/p>\n<p>Amandes\u00a0: atouts nutritionnels et perspectives<\/p>\n<p>Mais pourquoi les amandes\u00a0? Issues du <strong>Prunus dulcis<\/strong>, elles sont r\u00e9put\u00e9es pour leur richesse en antioxydants, prot\u00e9ines, fibres et acides gras insatur\u00e9s. Une portion type (28 g) offre ainsi environ 3,5 g de fibres, 6 g de prot\u00e9ines et couvre pr\u00e8s de la moiti\u00e9 des besoins quotidiens en vitamine E. Cette combinaison unique contribuerait \u00e0 prolonger la sati\u00e9t\u00e9 tout en apportant un coup de pouce global \u00e0 la sant\u00e9.<\/p>\n<p>Si le chemin vers une perte de poids durable reste sem\u00e9 d\u2019emb\u00fbches, int\u00e9grer quelques amandes dans son alimentation quotidienne appara\u00eet donc comme une mesure simple mais prometteuse \u2013 susceptible d\u2019aider chacun \u00e0 mieux ma\u00eetriser ses apports \u00e9nerg\u00e9tiques sans bouleverser ses habitudes.<\/p>\n","protected":false},"excerpt":{"rendered":"Adopter de nouvelles habitudes alimentaires peut faciliter la perte de poids. Parmi les solutions naturelles, la consommation de&hellip;\n","protected":false},"author":2,"featured_media":266127,"comment_status":"","ping_status":"","sticky":false,"template":"","format":"standard","meta":{"footnotes":""},"categories":[10],"tags":[1011,27,72,71],"class_list":{"0":"post-266126","1":"post","2":"type-post","3":"status-publish","4":"format-standard","5":"has-post-thumbnail","7":"category-sante","8":"tag-fr","9":"tag-france","10":"tag-health","11":"tag-sante"},"share_on_mastodon":{"url":"https:\/\/pubeurope.com\/@fr\/114898124334669646","error":""},"_links":{"self":[{"href":"https:\/\/www.europesays.com\/fr\/wp-json\/wp\/v2\/posts\/266126","targetHints":{"allow":["GET"]}}],"collection":[{"href":"https:\/\/www.europesays.com\/fr\/wp-json\/wp\/v2\/posts"}],"about":[{"href":"https:\/\/www.europesays.com\/fr\/wp-json\/wp\/v2\/types\/post"}],"author":[{"embeddable":true,"href":"https:\/\/www.europesays.com\/fr\/wp-json\/wp\/v2\/users\/2"}],"replies":[{"embeddable":true,"href":"https:\/\/www.europesays.com\/fr\/wp-json\/wp\/v2\/comments?post=266126"}],"version-history":[{"count":0,"href":"https:\/\/www.europesays.com\/fr\/wp-json\/wp\/v2\/posts\/266126\/revisions"}],"wp:featuredmedia":[{"embeddable":true,"href":"https:\/\/www.europesays.com\/fr\/wp-json\/wp\/v2\/media\/266127"}],"wp:attachment":[{"href":"https:\/\/www.europesays.com\/fr\/wp-json\/wp\/v2\/media?parent=266126"}],"wp:term":[{"taxonomy":"category","embeddable":true,"href":"https:\/\/www.europesays.com\/fr\/wp-json\/wp\/v2\/categories?post=266126"},{"taxonomy":"post_tag","embeddable":true,"href":"https:\/\/www.europesays.com\/fr\/wp-json\/wp\/v2\/tags?post=266126"}],"curies":[{"name":"wp","href":"https:\/\/api.w.org\/{rel}","templated":true}]}}