{"id":266138,"date":"2025-07-22T17:48:11","date_gmt":"2025-07-22T17:48:11","guid":{"rendered":"https:\/\/www.europesays.com\/fr\/266138\/"},"modified":"2025-07-22T17:48:11","modified_gmt":"2025-07-22T17:48:11","slug":"jennifer-c-lex-petite-amie-de-cedric-jubillar-par-qui-le-trouble-arrive","status":"publish","type":"post","link":"https:\/\/www.europesays.com\/fr\/266138\/","title":{"rendered":"Jennifer C., l\u2019ex-petite amie de C\u00e9dric Jubillar par qui le trouble arrive"},"content":{"rendered":"<p><strong>R\u00c9CIT &#8211; <\/strong>La justice a demand\u00e9 \u00e0 entendre Jennifer C., ancienne petite amie de C\u00e9dric Jubillar aupr\u00e8s de qui il aurait avou\u00e9 le meurtre de sa femme. Lors de sa premi\u00e8re audition par les gendarmes en 2021, elle le pr\u00e9sentait comme un \u00abmanipulateur\u00bb.<\/p>\n<p class=\"fig-paragraph\">Dans une conversation t\u00e9l\u00e9phonique en mars 2021 avec Jennifer C.,\u00a0<a href=\"http:\/\/www.lefigaro.fr\/dossier\/disparition-delphine-jubillar-le-point-sur-l-enquete\" data-fig-type=\"Topic\" data-gtm-custom-categorie=\"navigation\" data-gtm-custom-action=\"crossclick\" data-gtm-custom-label=\"Contextuel\" data-gtm-event=\"customEventSPE\" data-fig-domain=\"LEFIGARO\" target=\"_blank\" rel=\"noopener\">C\u00e9dric Jubillar<\/a>\u00a0\u00e9voquait sa r\u00e9cente m\u00e9diatisation, lui affirmant \u00eatre \u00abpass\u00e9 de Monsieur trou du cul \u00e0 Monsieur num\u00e9ro 1\u00bb. La jeune femme s\u2019estimait, elle, chanceuse de n\u2019avoir jamais eu de contact avec les m\u00e9dias: \u00abj\u2019ai jamais eu affaire \u00e0 eux [les journalistes] et tant mieux d\u2019ailleurs.\u00bb \u00c0 deux mois d\u2019un proc\u00e8s tr\u00e8s attendu, elle a finalement eu affaire \u00e0 la presse, et\u00a0<a href=\"http:\/\/www.lefigaro.fr\/faits-divers\/cedric-m-a-dit-avoir-etrangle-delphine-les-aveux-troublants-de-la-nouvelle-compagne-de-cedric-jubillar-20250710\" data-fig-type=\"NewsFlash\" data-gtm-custom-categorie=\"navigation\" data-gtm-custom-action=\"crossclick\" data-gtm-custom-label=\"Contextuel\" data-gtm-event=\"customEventSPE\" data-fig-domain=\"LEFIGARO\" target=\"_blank\" rel=\"noopener\">son t\u00e9moignage<\/a>\u00a0a fait l\u2019effet d\u2019un coup de tonnerre.<\/p>\n<p class=\"fig-paragraph\">Jennifer C., ex-petite amie de C\u00e9dric Jubillar assure que celui-ci lui a r\u00e9cemment confi\u00e9 lors d\u2019un parloir avoir \u00e9trangl\u00e9 sa femme, disparue en d\u00e9cembre 2020 \u00e0 Cagnac-les-Mines. Ces all\u00e9gations, r\u00e9v\u00e9l\u00e9es dans un premier temps par\u00a0<a href=\"https:\/\/www.ladepeche.fr\/2025\/07\/09\/info-la-depeche-affaire-jubillar-cest-comme-ca-que-je-lai-etranglee-le-mari-revele-une-version-du-meurtre-de-delphine-a-sa-petite-amie-12815875.php\" target=\"_blank\" rel=\"sponsored noopener\" data-gtm-custom-categorie=\"navigation\" data-gtm-custom-action=\"crossclick\" data-gtm-custom-label=\"Contextuel\" data-gtm-event=\"customEventSPE\">La D\u00e9p\u00eache du Midi<\/a>, ont \u00e9t\u00e9 renouvel\u00e9es dans les colonnes du\u00a0<a href=\"https:\/\/www.leparisien.fr\/faits-divers\/affaire-jubillar-cedric-ma-dit-avoir-etrangle-delphine-10-07-2025-V6OEZDAEAZAI7P4S2TLJ4BDQQA.php\" target=\"_blank\" rel=\"sponsored noopener\" data-gtm-custom-categorie=\"navigation\" data-gtm-custom-action=\"crossclick\" data-gtm-custom-label=\"Contextuel\" data-gtm-event=\"customEventSPE\">Parisien<\/a> . La justice a ordonn\u00e9 lundi son audition d\u2019ici le 31 juillet. Un ultime soubresaut pour tenter de r\u00e9soudre\u00a0<a href=\"http:\/\/www.lefigaro.fr\/faits-divers\/dossier\/affaire-jubillar-l-enquete-du-figaro\" data-fig-type=\"Topic\" data-gtm-custom-categorie=\"navigation\" data-gtm-custom-action=\"crossclick\" data-gtm-custom-label=\"Contextuel\" data-gtm-event=\"customEventSPE\" data-fig-domain=\"LEFIGARO\" target=\"_blank\" rel=\"noopener\">l\u2019\u00e9nigme de l\u2019infirmi\u00e8re disparue du Tarn<\/a>. Mais la jeune femme avait d\u00e9j\u00e0 \u00e9t\u00e9 entendue en 2021 par les enqu\u00eateurs. Elle avait alors dress\u00e9 un portrait accablant.<\/p>\n<p>\u00abJe lui ai envoy\u00e9 mon soutien\u00bb<\/p>\n<p class=\"fig-paragraph\">Retour au printemps 2021. \u00c0 l\u2019\u00e9poque, C\u00e9dric Jubillar n\u2019a pas encore \u00e9t\u00e9 mis en examen pour le meurtre de sa femme. Il r\u00e9side toujours dans le pavillon de briques rouges \u00e0 Cagnac-les-Mines, \u00e0 la fois partie civile et potentiel suspect. Les gendarmes multiplient les recherches, \u00e9paul\u00e9s par des anonymes lors de battues citoyennes. Loin des cam\u00e9ras, C\u00e9dric Jubillar tisse des relations avec des femmes, la plupart rencontr\u00e9es sur les r\u00e9seaux sociaux. \u00abIl y en a eu plein. Il disait que \u00e7a attirait les femmes cette histoire\u00bb\u2026<\/p>\n<p class=\"fig-premium-paywall__infos\">\n        Cet article est r\u00e9serv\u00e9 aux abonn\u00e9s.        Il vous reste 83% \u00e0 d\u00e9couvrir.\n    <\/p>\n<p>                <img  data- alt=\"Le Figaro\" class=\"fig-img--complete fig-img\"\/><\/p>\n<p class=\"fig-premium-paywall__title\">Vous avez envie de lire la suite ?<\/p>\n<p class=\"fig-premium-paywall__subtitle\">D\u00e9bloquez tous les articles imm\u00e9diatement.<\/p>\n<p class=\"fig-premium-paywall__connect\">\n                D\u00e9j\u00e0 abonn\u00e9\u00a0?                <a class=\"fig-premium-paywall__connect-link\" href=\"https:\/\/connect.lefigaro.fr\/login?client=horizon_web&amp;type=main&amp;redirect_uri=https%3A%2F%2Fwww.lefigaro.fr%2Ffaits-divers%2Frelation-virtuelle-conquete-en-prison-et-accusations-chocs-jennifer-c-l-ex-petite-amie-cedric-jubillar-par-qui-le-trouble-arrive-20250722\" data-js-gtm=\"{&quot;customCategorie&quot;: &quot;conversion&quot;, &quot;customAction&quot;: &quot;before_Landing_Connexion_paywall_manuel&quot;, &quot;customLabel&quot;: &quot;bGVmaWdhcm8uZnJfXzFmMDY2YzIyLTg4ZDctNmJlMC05ZTE5LWI1MmJmOGU3ZjdkY19fQXJ0aWNsZQ==_Relation virtuelle, conqu\u00eate en prison et accusations chocs: Jennifer C., l\u2019ex-petite amie de C\u00e9dric Jubillar par qui le trouble arrive_522&quot;, &quot;customIDSPE&quot;: &quot;bGVmaWdhcm8uZnJfXzFmMDY2YzIyLTg4ZDctNmJlMC05ZTE5LWI1MmJmOGU3ZjdkY19fQXJ0aWNsZQ==&quot;, &quot;event&quot;: &quot;customEventSPE&quot;}\" target=\"_blank\" rel=\"noopener\"><br \/>\n                    Connectez-vous<br \/>\n                <\/a>\n            <\/p>\n","protected":false},"excerpt":{"rendered":"R\u00c9CIT &#8211; La justice a demand\u00e9 \u00e0 entendre Jennifer C., ancienne petite amie de C\u00e9dric Jubillar aupr\u00e8s de&hellip;\n","protected":false},"author":2,"featured_media":266139,"comment_status":"","ping_status":"","sticky":false,"template":"","format":"standard","meta":{"footnotes":""},"categories":[4],"tags":[11,33030,33031,1011,27,12,25],"class_list":{"0":"post-266138","1":"post","2":"type-post","3":"status-publish","4":"format-standard","5":"has-post-thumbnail","7":"category-france","8":"tag-actualites","9":"tag-cedric-jubillar","10":"tag-delphine-jubillar","11":"tag-fr","12":"tag-france","13":"tag-news","14":"tag-republique-francaise"},"share_on_mastodon":{"url":"https:\/\/pubeurope.com\/@fr\/114898147989720971","error":""},"_links":{"self":[{"href":"https:\/\/www.europesays.com\/fr\/wp-json\/wp\/v2\/posts\/266138","targetHints":{"allow":["GET"]}}],"collection":[{"href":"https:\/\/www.europesays.com\/fr\/wp-json\/wp\/v2\/posts"}],"about":[{"href":"https:\/\/www.europesays.com\/fr\/wp-json\/wp\/v2\/types\/post"}],"author":[{"embeddable":true,"href":"https:\/\/www.europesays.com\/fr\/wp-json\/wp\/v2\/users\/2"}],"replies":[{"embeddable":true,"href":"https:\/\/www.europesays.com\/fr\/wp-json\/wp\/v2\/comments?post=266138"}],"version-history":[{"count":0,"href":"https:\/\/www.europesays.com\/fr\/wp-json\/wp\/v2\/posts\/266138\/revisions"}],"wp:featuredmedia":[{"embeddable":true,"href":"https:\/\/www.europesays.com\/fr\/wp-json\/wp\/v2\/media\/266139"}],"wp:attachment":[{"href":"https:\/\/www.europesays.com\/fr\/wp-json\/wp\/v2\/media?parent=266138"}],"wp:term":[{"taxonomy":"category","embeddable":true,"href":"https:\/\/www.europesays.com\/fr\/wp-json\/wp\/v2\/categories?post=266138"},{"taxonomy":"post_tag","embeddable":true,"href":"https:\/\/www.europesays.com\/fr\/wp-json\/wp\/v2\/tags?post=266138"}],"curies":[{"name":"wp","href":"https:\/\/api.w.org\/{rel}","templated":true}]}}