{"id":266144,"date":"2025-07-22T17:51:16","date_gmt":"2025-07-22T17:51:16","guid":{"rendered":"https:\/\/www.europesays.com\/fr\/266144\/"},"modified":"2025-07-22T17:51:16","modified_gmt":"2025-07-22T17:51:16","slug":"la-ville-denonce-une-fausse-polemique","status":"publish","type":"post","link":"https:\/\/www.europesays.com\/fr\/266144\/","title":{"rendered":"la Ville d\u00e9nonce une fausse pol\u00e9mique"},"content":{"rendered":"<p>La pol\u00e9mique enfle sur la toile. Depuis ce 22\u00a0juillet, diff\u00e9rents m\u00e9dias reprennent un communiqu\u00e9 de la veille, dans lequel les footballeurs de l\u2019ASSE expliqueraient les raisons qui les ont pouss\u00e9s \u00e0 <a href=\"https:\/\/www.ledauphine.com\/sport\/2025\/07\/21\/insatisfait-de-la-qualite-de-la-pelouse-d-aix-les-bains-les-verts-rentrent-a-saint-etienne\" target=\"_blank\" rel=\"noopener\">\u00e9courter leur stage \u00e0 Aix-les-Bains<\/a>, commenc\u00e9 le 16\u00a0juillet. \u2018\u2018 Le terrain naturel d\u2019Aix-les-Bains ne r\u00e9pond d\u00e9sormais plus aux attentes du club et ce malgr\u00e9 l\u2019investissement et le travail de la municipalit\u00e9 qui a fait son maximum [\u2026]\u2019\u2019, <a href=\"https:\/\/www.ledauphine.com\/sport\/2025\/07\/21\/insatisfait-de-la-qualite-de-la-pelouse-d-aix-les-bains-les-verts-rentrent-a-saint-etienne\" target=\"_blank\" rel=\"noopener\">citent ces derniers.<\/a><\/p>\n<p>Ce contenu est bloqu\u00e9 car vous n&rsquo;avez pas accept\u00e9 les cookies et autres traceurs.<\/p>\n<p>En cliquant sur \u00ab J\u2019accepte \u00bb, les cookies et autres traceurs seront d\u00e9pos\u00e9s et vous pourrez visualiser les contenus  (<a href=\"\" class=\"consentModule_policy\" target=\"_blank\" title=\"Consulter la politique de protection des donn\u00e9es du fournisseur\">plus d&rsquo;informations<\/a>).<\/p>\n<p>En cliquant sur \u00ab J\u2019accepte tous les cookies \u00bb, vous autorisez des d\u00e9p\u00f4ts de cookies et autres traceurs pour le stockage de vos donn\u00e9es sur nos sites et applications \u00e0 des fins de personnalisation et de ciblage publicitaire.<\/p>\n<p class=\"consentModule_secondaryText\">Vous gardez la possibilit\u00e9 de retirer votre consentement \u00e0 tout moment en consultant notre <a href=\"https:\/\/www.ledauphine.com\/protection-des-donnees\" target=\"_blank\" title=\"Consulter notre politique de protection des donn\u00e9es\" rel=\"noopener\">politique de protection des donn\u00e9es<\/a>. <br \/>&#13;<br \/>\n            <a href=\"https:\/\/www.ledauphine.com\/sport\/2025\/07\/22\/javascript:Didomi.notice.show()\" class=\"consentModule_cmp\" target=\"_blank\" rel=\"noopener\">G\u00e9rer mes choix<\/a>&#13;\n        <\/p>\n<p>&#13;<br \/>\n                        J&rsquo;accepte&#13;<br \/>\n            J&rsquo;accepte tous les cookies&#13;\n        <\/p>\n<p>La Municipalit\u00e9 aixoise n\u2019a pas tard\u00e9 \u00e0 r\u00e9agir, s\u2019aga\u00e7ant \u2018\u2018que l\u2019information selon laquelle le stage aurait \u00e9t\u00e9 \u00e9court\u00e9 en raison de conditions jug\u00e9es insatisfaisantes ait \u00e9t\u00e9 relay\u00e9e sans v\u00e9rification, alors qu\u2019elle ne provient d\u2019aucun communiqu\u00e9 officiel du club\u2019\u2019. \u2018\u2018Le stage, initialement pr\u00e9vu jusqu\u2019\u00e0 la fin de semaine a \u00e9t\u00e9 r\u00e9organis\u00e9 pour des raisons internes au club\u2019\u2019, corrige la Ville.<\/p>\n<p>\u00ab\u00a0Nous avons \u00e9t\u00e9 \u00e9tonn\u00e9s d\u2019apprendre la nouvelle, d\u2019autant plus que nous n\u2019avons re\u00e7u jusqu\u2019ici que des retours positifs de la part du club, faisant \u00e9tat d\u2019une enti\u00e8re satisfaction quant \u00e0 la qualit\u00e9 de l\u2019accueil et des installations du <a href=\"https:\/\/www.ledauphine.com\/sport\/2025\/05\/30\/aix-football-club-c-est-la-derniere-de-la-saison\" target=\"_blank\" rel=\"noopener\">stade Jacques Forestier.<\/a> Le terrain est parfaitement praticable et de niveau Ligue 1\u00a0\u00bb, rench\u00e9rit m\u00eame l\u2019adjointe aux sports, Karine Dubouchet. Affaire \u00e0 suivre.<\/p>\n","protected":false},"excerpt":{"rendered":"La pol\u00e9mique enfle sur la toile. Depuis ce 22\u00a0juillet, diff\u00e9rents m\u00e9dias reprennent un communiqu\u00e9 de la veille, dans&hellip;\n","protected":false},"author":2,"featured_media":266145,"comment_status":"","ping_status":"","sticky":false,"template":"","format":"standard","meta":{"footnotes":""},"categories":[9653],"tags":[1111,11,7002,28022,9443,2430,7001,1777,674,107,1701,63,1011,27,12636,12,25,4001,5508,517],"class_list":{"0":"post-266144","1":"post","2":"type-post","3":"status-publish","4":"format-standard","5":"has-post-thumbnail","7":"category-saint-etienne","8":"tag-actu","9":"tag-actualites","10":"tag-aix-les-bains","11":"tag-aix-les-bains-bassin","12":"tag-asse-as-saint-etienne","13":"tag-auvergne-rhone-alpes","14":"tag-edition-chambery-aix-les-bains","15":"tag-eu","16":"tag-europe","17":"tag-fil-info","18":"tag-fil-info-sport","19":"tag-football","20":"tag-fr","21":"tag-france","22":"tag-ligue-2-football","23":"tag-news","24":"tag-republique-francaise","25":"tag-saint-etienne","26":"tag-savoie","27":"tag-sport"},"share_on_mastodon":{"url":"https:\/\/pubeurope.com\/@fr\/114898159722447218","error":""},"_links":{"self":[{"href":"https:\/\/www.europesays.com\/fr\/wp-json\/wp\/v2\/posts\/266144","targetHints":{"allow":["GET"]}}],"collection":[{"href":"https:\/\/www.europesays.com\/fr\/wp-json\/wp\/v2\/posts"}],"about":[{"href":"https:\/\/www.europesays.com\/fr\/wp-json\/wp\/v2\/types\/post"}],"author":[{"embeddable":true,"href":"https:\/\/www.europesays.com\/fr\/wp-json\/wp\/v2\/users\/2"}],"replies":[{"embeddable":true,"href":"https:\/\/www.europesays.com\/fr\/wp-json\/wp\/v2\/comments?post=266144"}],"version-history":[{"count":0,"href":"https:\/\/www.europesays.com\/fr\/wp-json\/wp\/v2\/posts\/266144\/revisions"}],"wp:featuredmedia":[{"embeddable":true,"href":"https:\/\/www.europesays.com\/fr\/wp-json\/wp\/v2\/media\/266145"}],"wp:attachment":[{"href":"https:\/\/www.europesays.com\/fr\/wp-json\/wp\/v2\/media?parent=266144"}],"wp:term":[{"taxonomy":"category","embeddable":true,"href":"https:\/\/www.europesays.com\/fr\/wp-json\/wp\/v2\/categories?post=266144"},{"taxonomy":"post_tag","embeddable":true,"href":"https:\/\/www.europesays.com\/fr\/wp-json\/wp\/v2\/tags?post=266144"}],"curies":[{"name":"wp","href":"https:\/\/api.w.org\/{rel}","templated":true}]}}