{"id":266148,"date":"2025-07-22T17:53:15","date_gmt":"2025-07-22T17:53:15","guid":{"rendered":"https:\/\/www.europesays.com\/fr\/266148\/"},"modified":"2025-07-22T17:53:15","modified_gmt":"2025-07-22T17:53:15","slug":"le-racing-fait-la-course-en-tete-a-la-pause-contre-nancy-grace-a-messi1-0","status":"publish","type":"post","link":"https:\/\/www.europesays.com\/fr\/266148\/","title":{"rendered":"le Racing fait la course en t\u00eate \u00e0 la pause contre Nancy gr\u00e2ce \u00e0 Messi(1-0)"},"content":{"rendered":"<p>&#13;<br \/>\n                                                    En direct&#13;<br \/>\n                        &#13;\n                                            <\/p>\n<p>Au sortir de deux semaines de pr\u00e9paration intenses, le Racing d\u00e9bute sa campagne de matches amicaux ce mardi (19h), au Stadium de Colmar, face \u00e0 l&rsquo;AS Nancy-Lorraine, fra\u00eechement promue en Ligue 2. Les Bleus aligneront une d\u00e9fense pour le moins exp\u00e9rimentale en l&rsquo;absence de nombreux cadres et seront en qu\u00eate d&rsquo;automatismes dans l&rsquo;entrejeu, le milieu de terrain strasbourgeois ayant \u00e9t\u00e9 refait \u00e0 neuf cet \u00e9t\u00e9.<\/p>\n<p>&#13;<br \/>\n              S\u00e9bastien Keller &#8211; &#13;<br \/>\n        &#13;<br \/>\n          Aujourd&rsquo;hui \u00e0 17:45&#13;<br \/>\n    &#13;<br \/>\n                  | mis \u00e0 jour aujourd&rsquo;hui \u00e0 19:51&#13;<br \/>\n              &#8211; Temps de lecture : &#13;<br \/>\n  &#13;\n<\/p>\n<p>                        &#13;<br \/>\n    &#13;<br \/>\n    &#13;<br \/>\n    <a href=\"https:\/\/cdn-s-www.dna.fr\/images\/EC9FC6AE-B4E1-436B-AC1C-004B6C2EB308\/NW_raw\/rayane-messi-et-les-bleus-ont-ouvert-le-score-contre-nancy-photo-romeo-boetzle-1753206590.jpg\" title=\"Rayane Messi et les Bleus\u00a0ont ouvert le score contre Nancy. Photo Rom\u00e9o Boetzl\u00e9\" class=\"chocolat-image GA-tracking\" data-ga_type=\"click\" data-ga_category=\"D\u00e9tail\" data-ga_action=\"zoomer\" data-ga_label=\"aggrandir image\" target=\"_blank\" rel=\"noopener\">&#13;<br \/>\n        <img src=\"https:\/\/www.europesays.com\/fr\/wp-content\/uploads\/2025\/07\/rayane-messi-et-les-bleus-ont-ouvert-le-score-contre-nancy-photo-romeo-boetzle-1753206590.jpg\"   alt=\"Rayane Messi et les Bleus\u00a0ont ouvert le score contre Nancy. Photo Rom\u00e9o Boetzl\u00e9\" fetchpriority=\"high\" decoding=\"async\" data-mobile=\"NW_detail_M|1753206590\" data-base=\"NW_detail|1753206590\"\/>&#13;<br \/>\n    <\/a>&#13;<\/p>\n<p>Rayane Messi et les Bleus\u00a0ont ouvert le score contre Nancy. Photo Rom\u00e9o Boetzl\u00e9<\/p>\n","protected":false},"excerpt":{"rendered":"&#13; En direct&#13; &#13; Au sortir de deux semaines de pr\u00e9paration intenses, le Racing d\u00e9bute sa campagne de&hellip;\n","protected":false},"author":2,"featured_media":266149,"comment_status":"","ping_status":"","sticky":false,"template":"","format":"standard","meta":{"footnotes":""},"categories":[9635],"tags":[1111,11,2389,5065,3545,2880,1777,674,107,63,1011,27,775,1637,3544,1702,12,9371,25,517],"class_list":{"0":"post-266148","1":"post","2":"type-post","3":"status-publish","4":"format-standard","5":"has-post-thumbnail","7":"category-nancy","8":"tag-actu","9":"tag-actualites","10":"tag-alsace","11":"tag-colmar","12":"tag-direct-sport","13":"tag-edition-strasbourg","14":"tag-eu","15":"tag-europe","16":"tag-fil-info","17":"tag-football","18":"tag-fr","19":"tag-france","20":"tag-grand-est","21":"tag-haut-rhin","22":"tag-matchs-en-direct","23":"tag-nancy","24":"tag-news","25":"tag-rcsa-racing-club-strasbourg","26":"tag-republique-francaise","27":"tag-sport"},"share_on_mastodon":{"url":"https:\/\/pubeurope.com\/@fr\/114898167608942270","error":""},"_links":{"self":[{"href":"https:\/\/www.europesays.com\/fr\/wp-json\/wp\/v2\/posts\/266148","targetHints":{"allow":["GET"]}}],"collection":[{"href":"https:\/\/www.europesays.com\/fr\/wp-json\/wp\/v2\/posts"}],"about":[{"href":"https:\/\/www.europesays.com\/fr\/wp-json\/wp\/v2\/types\/post"}],"author":[{"embeddable":true,"href":"https:\/\/www.europesays.com\/fr\/wp-json\/wp\/v2\/users\/2"}],"replies":[{"embeddable":true,"href":"https:\/\/www.europesays.com\/fr\/wp-json\/wp\/v2\/comments?post=266148"}],"version-history":[{"count":0,"href":"https:\/\/www.europesays.com\/fr\/wp-json\/wp\/v2\/posts\/266148\/revisions"}],"wp:featuredmedia":[{"embeddable":true,"href":"https:\/\/www.europesays.com\/fr\/wp-json\/wp\/v2\/media\/266149"}],"wp:attachment":[{"href":"https:\/\/www.europesays.com\/fr\/wp-json\/wp\/v2\/media?parent=266148"}],"wp:term":[{"taxonomy":"category","embeddable":true,"href":"https:\/\/www.europesays.com\/fr\/wp-json\/wp\/v2\/categories?post=266148"},{"taxonomy":"post_tag","embeddable":true,"href":"https:\/\/www.europesays.com\/fr\/wp-json\/wp\/v2\/tags?post=266148"}],"curies":[{"name":"wp","href":"https:\/\/api.w.org\/{rel}","templated":true}]}}