{"id":26615,"date":"2025-04-15T13:28:09","date_gmt":"2025-04-15T13:28:09","guid":{"rendered":"https:\/\/www.europesays.com\/fr\/26615\/"},"modified":"2025-04-15T13:28:09","modified_gmt":"2025-04-15T13:28:09","slug":"volley-ball-fin-de-carriere-pour-la-mulhousienne-christina-bauer","status":"publish","type":"post","link":"https:\/\/www.europesays.com\/fr\/26615\/","title":{"rendered":"Volley-ball. Fin de carri\u00e8re pour la Mulhousienne Christina Bauer\u200a?"},"content":{"rendered":"<p>\u00a0<\/p>\n<p>La Mulhousienne Christina Bauer a peut-\u00eatre disput\u00e9 le dernier match de sa longue carri\u00e8re vendredi dernier.<\/p>\n<p>La centrale avait rejoint l\u2019\u00e9t\u00e9 dernier la nouvelle Ligue am\u00e9ricaine au sein de l\u2019\u00e9quipe de Houston. Deuxi\u00e8me de la saison r\u00e9guli\u00e8re organis\u00e9e avec seulement six clubs, son \u00e9quipe s\u2019est inclin\u00e9e vendredi \u00e0 Louisville face \u00e0 Omaha, apr\u00e8s avoir pourtant remport\u00e9 les deux premiers sets (3-2).<\/p>\n<p>Cet \u00e9chec restera peut-\u00eatre comme le dernier match de la carri\u00e8re de l\u2019Alsacienne.<\/p>\n","protected":false},"excerpt":{"rendered":"\u00a0 La Mulhousienne Christina Bauer a peut-\u00eatre disput\u00e9 le dernier match de sa longue carri\u00e8re vendredi dernier. La&hellip;\n","protected":false},"author":2,"featured_media":26616,"comment_status":"","ping_status":"","sticky":false,"template":"","format":"standard","meta":{"footnotes":""},"categories":[1417],"tags":[2389,107,1701,1011,27,517,60,1470,1633,1469],"class_list":{"0":"post-26615","1":"post","2":"type-post","3":"status-publish","4":"format-standard","5":"has-post-thumbnail","7":"category-volley","8":"tag-alsace","9":"tag-fil-info","10":"tag-fil-info-sport","11":"tag-fr","12":"tag-france","13":"tag-sport","14":"tag-sports","15":"tag-volley","16":"tag-volley-mulhouse-alsace","17":"tag-volleyball"},"share_on_mastodon":{"url":"https:\/\/pubeurope.com\/@fr\/114342219198164220","error":""},"_links":{"self":[{"href":"https:\/\/www.europesays.com\/fr\/wp-json\/wp\/v2\/posts\/26615","targetHints":{"allow":["GET"]}}],"collection":[{"href":"https:\/\/www.europesays.com\/fr\/wp-json\/wp\/v2\/posts"}],"about":[{"href":"https:\/\/www.europesays.com\/fr\/wp-json\/wp\/v2\/types\/post"}],"author":[{"embeddable":true,"href":"https:\/\/www.europesays.com\/fr\/wp-json\/wp\/v2\/users\/2"}],"replies":[{"embeddable":true,"href":"https:\/\/www.europesays.com\/fr\/wp-json\/wp\/v2\/comments?post=26615"}],"version-history":[{"count":0,"href":"https:\/\/www.europesays.com\/fr\/wp-json\/wp\/v2\/posts\/26615\/revisions"}],"wp:featuredmedia":[{"embeddable":true,"href":"https:\/\/www.europesays.com\/fr\/wp-json\/wp\/v2\/media\/26616"}],"wp:attachment":[{"href":"https:\/\/www.europesays.com\/fr\/wp-json\/wp\/v2\/media?parent=26615"}],"wp:term":[{"taxonomy":"category","embeddable":true,"href":"https:\/\/www.europesays.com\/fr\/wp-json\/wp\/v2\/categories?post=26615"},{"taxonomy":"post_tag","embeddable":true,"href":"https:\/\/www.europesays.com\/fr\/wp-json\/wp\/v2\/tags?post=26615"}],"curies":[{"name":"wp","href":"https:\/\/api.w.org\/{rel}","templated":true}]}}