{"id":266155,"date":"2025-07-22T17:58:08","date_gmt":"2025-07-22T17:58:08","guid":{"rendered":"https:\/\/www.europesays.com\/fr\/266155\/"},"modified":"2025-07-22T17:58:08","modified_gmt":"2025-07-22T17:58:08","slug":"a-rouen-il-collectionne-les-identites-et-les-nationalites-pour-obtenir-un-appartement","status":"publish","type":"post","link":"https:\/\/www.europesays.com\/fr\/266155\/","title":{"rendered":"\u00c0 Rouen, il collectionne les identit\u00e9s et les nationalit\u00e9s pour obtenir un appartement"},"content":{"rendered":"<p>            Par<br \/>\n        <strong><br \/>\n            <a href=\"https:\/\/actu.fr\/auteur\/adrien-tisserand\" title=\"Consulter tous les articles de Adrien Tisserand\" rel=\"nofollow noopener\" target=\"_blank\">Adrien Tisserand<\/a><br \/>\n        <\/strong><\/p>\n<p>        Publi\u00e9 le<\/p>\n<p>            22 juil. 2025 \u00e0 19h08        <\/p>\n<p>Des papiers d\u2019identit\u00e9, des cartes vitales, un sac de marque, des v\u00e9los et m\u00eame un drone\u2026 Tous ces objets, d\u00e9rob\u00e9s dans des voitures, ont \u00e9t\u00e9 retrouv\u00e9s le 1er\u00a0juillet 2025 par la police, suite \u00e0 la perquisition d\u2019un appartement situ\u00e9 rue Verte \u00e0 <a href=\"https:\/\/actu.fr\/normandie\/rouen_76540\" rel=\"nofollow noopener\" target=\"_blank\">Rouen<\/a>.<\/p>\n<p class=\" wall-content\">La raison\u2009? <strong>Un chat<\/strong> qui miaulait intempestivement dans le logement, conduisant une voisine \u00e0 appeler les pompiers. Ces derniers ont pu acc\u00e9der \u00e0 l\u2019appartement. Ils ont \u00e9t\u00e9 interpell\u00e9s par une dizaine de cartes d\u2019identit\u00e9 pos\u00e9es sur un bureau. Ils ont alors alert\u00e9 la police.<\/p>\n<p>Le pr\u00e9venu avait une fausse identit\u00e9<\/p>\n<p class=\" wall-content\">La police retrouve sur place un titre de s\u00e9jour espagnol et un passeport alg\u00e9rien appartenant \u00e0 un certain Djamel*. Les forces de l\u2019ordre trouvent \u00e9galement <strong>un bail de location<\/strong>. La propri\u00e9taire de l\u2019appartement confirme que le pr\u00e9venu est bien son locataire.<\/p>\n<p class=\" wall-content\">Les autorit\u00e9s analysent ses papiers et, avec l\u2019aide de la police aux fronti\u00e8res espagnole, ils s\u2019aper\u00e7oivent que les <strong>papiers de Djamel sont des faux <\/strong>et qu\u2019il s\u2019appelle en r\u00e9alit\u00e9 Isma\u00ebl*. C\u2019est le m\u00eame homme qu\u2019ils aper\u00e7oivent sur les vid\u00e9os prises par le drone vol\u00e9.<\/p>\n<p>Un pr\u00e9venu \u00e9nigmatique<\/p>\n<p class=\" wall-content\">\u00c0 l\u2019audience, Isma\u00ebl, \u00e2g\u00e9 de 21\u00a0ans, laisse beaucoup de <strong>zones d\u2019ombre<\/strong>\u2009: il reconnait avoir utilis\u00e9 ces faux papiers pour pouvoir obtenir l\u2019appartement \u00ab\u2009plus facilement\u2009\u00bb, selon lui. Il reconnait aussi avoir <strong>sign\u00e9 le bail<\/strong>\u00a0au nom d\u2019un ami \u00e0 lui, que les policiers n\u2019ont pas r\u00e9ussi \u00e0 identifier.<\/p>\n<p class=\" wall-content\">Le pr\u00e9venu indique n\u2019avoir pass\u00e9 que quatre jours dans cet appartement, pourtant son t\u00e9l\u00e9phone y bornait tous les jours du mois de juin. Un t\u00e9l\u00e9phone dont il refuse de donner le code aux policiers, lorsqu\u2019il est saisi. Il ne reconna\u00eet <strong>ni les vols, ni le recel<\/strong> et indique vivre chez sa petite amie, mais refuse d\u2019en dire plus.<\/p>\n<p class=\" wall-content\">Plusieurs parties civiles pr\u00e9sentes \u00e0 l\u2019audience r\u00e9clament un pr\u00e9judice moral et mat\u00e9riel pour les vols subis, mais le pr\u00e9venu n\u2019est pas poursuivi pour ces vols. L\u2019audience sur les int\u00e9r\u00eats civils aura lieu le 6\u00a0mai 2026.<\/p>\n<p>29 faits de recels, commis en r\u00e9cidive<\/p>\n<p class=\" wall-content\">Le minist\u00e8re public met en avant plusieurs <strong>incoh\u00e9rences<\/strong> dans les explications du pr\u00e9venu, ne comprenant pas pourquoi ce dernier s\u2019est fait passer pour un homme d\u2019origine alg\u00e9rienne alors qu\u2019il est d\u2019origine syrienne. De plus, il explique qu\u2019on \u00ab\u2009ne sait pas si c\u2019est lui qui a vol\u00e9 ces objets ou s\u2019il fait partie d\u2019une bande organis\u00e9e\u2009\u00bb. Il requiert ainsi huit mois de prison avec maintien en d\u00e9tention et 10 ans d\u2019interdiction de pr\u00e9sence sur le territoire fran\u00e7ais.<\/p>\n<p class=\" wall-content\">La d\u00e9fense du pr\u00e9venu demande la relaxe, arguant qu\u2019il n\u2019a <strong>pas \u00e9t\u00e9 interpell\u00e9 le 1er\u00a0juillet<\/strong> en possession des documents vol\u00e9s et qu\u2019il n\u2019y a pas assez d\u2019\u00e9l\u00e9ments tangibles pour une comparution imm\u00e9diate, jug\u00e9e \u00ab\u2009h\u00e2tive\u2009\u00bb. Le pr\u00e9venu ajoute qu\u2019il veut que le tribunal lui donne \u00ab\u2009une derni\u00e8re chance\u2009\u00bb pour <strong>int\u00e9grer la L\u00e9gion \u00e9trang\u00e8re<\/strong>.<\/p>\n<p>Huit mois de prison ferme<\/p>\n<p class=\" wall-content\">Lors du d\u00e9lib\u00e9r\u00e9, l\u2019homme de 21\u00a0ans est reconnu <strong>coupable des faits de recel <\/strong>de vol provenant d\u2019un bien en r\u00e9cidive qui lui sont reproch\u00e9s. Il est condamn\u00e9 \u00e0 huit mois de prison ferme avec maintien en d\u00e9tention et une interdiction de s\u00e9journer sur le territoire fran\u00e7ais pendant cinq ans, les scell\u00e9s lui sont \u00e9galement confisqu\u00e9s**.<\/p>\n<p class=\" wall-content\"><strong>* Les pr\u00e9noms ont \u00e9t\u00e9 modifi\u00e9s<\/strong><\/p>\n<p class=\" wall-content\"><strong>**Cette peine est susceptible d\u2019appel. Tout justiciable demeure pr\u00e9sum\u00e9 innocent tant que toutes les voies de recours n\u2019ont pas \u00e9t\u00e9 \u00e9puis\u00e9es<\/strong><\/p>\n<p>Suivez l\u2019actualit\u00e9 de Rouen sur notre <a href=\"https:\/\/www.whatsapp.com\/channel\/0029VaKfnf99hXF2ddApFB1D\" rel=\"nofollow noopener\" target=\"_blank\">cha\u00eene WhatsApp<\/a> et sur notre <a href=\"https:\/\/www.tiktok.com\/@76actu.fr?lang=fr\" rel=\"nofollow noopener\" target=\"_blank\">compte TikTok<\/a><\/p>\n<p class=\" wall-content\">Suivez toute l\u2019actualit\u00e9 de vos villes et m\u00e9dias favoris en vous inscrivant \u00e0 <a href=\"https:\/\/moncompte.actu.fr\" title=\"D\u00e9couvez Mon Actu\" rel=\"nofollow noopener\" data-trk=\"{&quot;cta&quot;:{&quot;action&quot;:&quot;https:\\\/\\\/moncompte.actu.fr&quot;,&quot;category&quot;:&quot;mon compte&quot;,&quot;from&quot;:&quot;article footer&quot;,&quot;name&quot;:&quot;Mon actu&quot;,&quot;type&quot;:&quot;cta&quot;}}\" target=\"_blank\">Mon Actu<\/a>.<\/p>\n<ul class=\"ac-article-tag wall-content\">\n<li><a href=\"https:\/\/actu.fr\/tag\/justice\" data-trk=\"{&quot;cta&quot;:{&quot;action&quot;:&quot;Justice&quot;,&quot;category&quot;:&quot;tag&quot;,&quot;from&quot;:&quot;article footer&quot;,&quot;name&quot;:&quot;Justice&quot;,&quot;type&quot;:&quot;cta&quot;}}\" rel=\"nofollow noopener\" target=\"_blank\">#Justice<\/a><\/li>\n<li><a href=\"https:\/\/actu.fr\/tag\/tribunal-de-rouen\" data-trk=\"{&quot;cta&quot;:{&quot;action&quot;:&quot;Tribunal de Rouen&quot;,&quot;category&quot;:&quot;tag&quot;,&quot;from&quot;:&quot;article footer&quot;,&quot;name&quot;:&quot;Tribunal de Rouen&quot;,&quot;type&quot;:&quot;cta&quot;}}\" rel=\"nofollow noopener\" target=\"_blank\">#Tribunal de Rouen<\/a><\/li>\n<\/ul>\n<p>                    <script async src=\"\/\/www.tiktok.com\/embed.js\"><\/script><\/p>\n","protected":false},"excerpt":{"rendered":"Par Adrien Tisserand Publi\u00e9 le 22 juil. 2025 \u00e0 19h08 Des papiers d\u2019identit\u00e9, des cartes vitales, un sac&hellip;\n","protected":false},"author":2,"featured_media":266156,"comment_status":"","ping_status":"","sticky":false,"template":"","format":"standard","meta":{"footnotes":""},"categories":[9587],"tags":[1111,11,1777,674,118,1011,27,303,12,5161,25,9590,13682],"class_list":{"0":"post-266155","1":"post","2":"type-post","3":"status-publish","4":"format-standard","5":"has-post-thumbnail","7":"category-rouen","8":"tag-actu","9":"tag-actualites","10":"tag-eu","11":"tag-europe","12":"tag-faits-divers","13":"tag-fr","14":"tag-france","15":"tag-justice","16":"tag-news","17":"tag-normandie","18":"tag-republique-francaise","19":"tag-rouen","20":"tag-tribunal-de-rouen"},"share_on_mastodon":{"url":"https:\/\/pubeurope.com\/@fr\/114898187344438863","error":""},"_links":{"self":[{"href":"https:\/\/www.europesays.com\/fr\/wp-json\/wp\/v2\/posts\/266155","targetHints":{"allow":["GET"]}}],"collection":[{"href":"https:\/\/www.europesays.com\/fr\/wp-json\/wp\/v2\/posts"}],"about":[{"href":"https:\/\/www.europesays.com\/fr\/wp-json\/wp\/v2\/types\/post"}],"author":[{"embeddable":true,"href":"https:\/\/www.europesays.com\/fr\/wp-json\/wp\/v2\/users\/2"}],"replies":[{"embeddable":true,"href":"https:\/\/www.europesays.com\/fr\/wp-json\/wp\/v2\/comments?post=266155"}],"version-history":[{"count":0,"href":"https:\/\/www.europesays.com\/fr\/wp-json\/wp\/v2\/posts\/266155\/revisions"}],"wp:featuredmedia":[{"embeddable":true,"href":"https:\/\/www.europesays.com\/fr\/wp-json\/wp\/v2\/media\/266156"}],"wp:attachment":[{"href":"https:\/\/www.europesays.com\/fr\/wp-json\/wp\/v2\/media?parent=266155"}],"wp:term":[{"taxonomy":"category","embeddable":true,"href":"https:\/\/www.europesays.com\/fr\/wp-json\/wp\/v2\/categories?post=266155"},{"taxonomy":"post_tag","embeddable":true,"href":"https:\/\/www.europesays.com\/fr\/wp-json\/wp\/v2\/tags?post=266155"}],"curies":[{"name":"wp","href":"https:\/\/api.w.org\/{rel}","templated":true}]}}