{"id":266163,"date":"2025-07-22T18:02:23","date_gmt":"2025-07-22T18:02:23","guid":{"rendered":"https:\/\/www.europesays.com\/fr\/266163\/"},"modified":"2025-07-22T18:02:23","modified_gmt":"2025-07-22T18:02:23","slug":"lex-depute-rennais-florian-bachelier-invite-a-se-presenter-aux-legislatives-a-paris","status":"publish","type":"post","link":"https:\/\/www.europesays.com\/fr\/266163\/","title":{"rendered":"L\u2019ex d\u00e9put\u00e9 rennais Florian Bachelier \u00ab\u00a0invit\u00e9\u00a0\u00bb \u00e0 se pr\u00e9senter aux l\u00e9gislatives \u00e0\u2026 Paris"},"content":{"rendered":"<p>Barnier, Dati\u2026<\/p>\n<p>Jug\u00e9e \u00ab en or \u00bb pour la droite, la 2e circonscription englobe une partie des Ve, VIe et VIIe arrondissements.<a href=\"https:\/\/www.letelegramme.fr\/france\/legislative-partielle-michel-barnier-candidat-a-paris-6856034.php\" target=\"_blank\" rel=\"noopener\"> Le 15 juillet, Michel Barnier, l\u2019ex premier ministre, y a d\u00e9clar\u00e9 sa candidature<\/a> en soulignant qu\u2019elle s\u2019inscrivait \u00ab dans une d\u00e9marche de rassemblement de la droite et du centre \u00bb. Soutenue par Bruno Retailleau, le pr\u00e9sident de LR, cette initiative semble tr\u00e8s mal per\u00e7ue par Rachida Dati. La ministre de la culture, \u00e9dile du tr\u00e8s chic VIIe arrondissement, vise la mairie de Paris l\u2019ann\u00e9e prochaine. En attendant, elle entretient l\u2019ambigu\u00eft\u00e9 sur sa propre candidature \u00e0 cette partielle. Celle-ci lui servirait de tremplin pour le scrutin de 2026, alors que son avenir est menac\u00e9 <a href=\"https:\/\/www.letelegramme.fr\/france\/rachida-dati-et-carlos-ghosn-renvoyes-en-proces-pour-corruption-6859775.php\" target=\"_blank\" rel=\"noopener\">par son renvoi &#8211; annonc\u00e9 ce mardi 22 juillet &#8211;<\/a> devant le tribunal correctionnel pour corruption et trafic d\u2019influence apr\u00e8s qu\u2019elle a per\u00e7u 900 000 \u20ac de Renault pour des prestations de conseil. Des accusations qu\u2019elle a toujours contest\u00e9es. <\/p>\n<p>Moins de 24 heures apr\u00e8s l\u00a0annonce de Michel Barnier, Rachida Dati a demand\u00e9 \u00e0 \u00eatre entendue par la commission nationale d\u2019investiture de LR qui doit se prononcer le 28 juillet,<a href=\"https:\/\/www.lefigaro.fr\/politique\/legislative-partielle-a-paris-rachida-dati-estime-que-son-rival-michel-barnier-est-instrumentalise-20250722\" target=\"_blank\" rel=\"noopener\"> selon Le Figaro<\/a>.<\/p>\n<p>Proches d\u2019Attal ou de Bayrou ou de Macron\u2026<\/p>\n<p>Depuis la d\u00e9cision du conseil constitutionnel, l\u2019agitation a aussi gagn\u00e9 ce qui reste du camp macroniste et de ses chapelles. Antoine Lesieur, le suppl\u00e9ant de Jean Laussucq, par ailleurs proche conseiller de Gabriel Attal, l\u2019ex premier ministre et actuel patron d\u2019EPR, est sur les rangs. Idem pour S\u00e9verine de Compreignac, la conseill\u00e8re parlementaire de l\u2019actuel locataire de Matignon, Fran\u00e7ois Bayrou.<\/p>\n<p>Que viendrait donc faire <a href=\"https:\/\/www.letelegramme.fr\/ille-et-vilaine\/rennes-35000\/legislatives-a-rennes-le-cas-bachelier-etait-une-comete-recit-278506.php\" target=\"_blank\" rel=\"noopener\">Florian Bachelier dans cette gal\u00e8re ?<\/a> Le nom de l\u2019ancien premier questeur de l\u2019Assembl\u00e9e nationale, d\u00e9put\u00e9 de Rennes de 2017 \u00e0 2022 et proche d\u2019Emmanuel Macron, circule avec une certaine insistance. D\u2019abord dans un \u00e9cho du JDD, le 13 juillet. \u00c9galement dans un article du Canard Encha\u00een\u00e9 paru le 16 juillet.<\/p>\n<p>S\u00e8chement battu aux l\u00e9gislatives de 2022 \u00e0 Rennes, Florian Bachelier n\u2019a pas repris sa carte \u00e0 Renaissance (le parti pr\u00e9sidentiel). I<a href=\"https:\/\/www.letelegramme.fr\/ille-et-vilaine\/rennes-35000\/florian-bachelier-le-retour-l-ex-depute-rennais-cree-son-mouvement-politique-349449.php\" target=\"_blank\" rel=\"noopener\">l a cr\u00e9\u00e9, en 2022, son propre parti : La France unie.<\/a> Dans le priv\u00e9, il est redevenu avocat. Son nouveau cabinet, situ\u00e9 rue de la Paix, est install\u00e9 dans ladite circonscription, \u00e0 quelques pas de l\u2019\u00c9lys\u00e9e.<\/p>\n<p>On sait aussi qu\u2019il garde une proximit\u00e9 avec la garde rapproch\u00e9e du pr\u00e9sident. Tentera-t-il de rallier les bancs de l\u2019Assembl\u00e9e \u00e0 l\u2019occasion de cette partielle ? Est-il pouss\u00e9 par l\u2019\u00c9lys\u00e9e pour contrer les vell\u00e9it\u00e9s de Gabriel Attal, dont les relations avec Emmanuel Macron sont devenues glaciales depuis la dissolution ? Florian Bachelier se contente de confirmer \u201cqu\u2019on lui a demand\u00e9\u201d de se pr\u00e9senter mais refuse d\u2019en dire plus. L\u2019int\u00e9ress\u00e9 vient d\u2019\u00eatre de nouveau papa d\u00e9but juillet. \u201c\u00c0 ce stade, je n\u2019ai pas pr\u00e9vu autre chose que de m\u2019occuper de mes filles\u201d, confie-t-il. Affaire \u00e0 suivre donc.<\/p>\n","protected":false},"excerpt":{"rendered":"Barnier, Dati\u2026 Jug\u00e9e \u00ab en or \u00bb pour la droite, la 2e circonscription englobe une partie des Ve,&hellip;\n","protected":false},"author":2,"featured_media":266164,"comment_status":"","ping_status":"","sticky":false,"template":"","format":"standard","meta":{"footnotes":""},"categories":[2821],"tags":[1111,11,829,1777,674,1011,27,12,3364,584,25],"class_list":{"0":"post-266163","1":"post","2":"type-post","3":"status-publish","4":"format-standard","5":"has-post-thumbnail","7":"category-rennes","8":"tag-actu","9":"tag-actualites","10":"tag-bretagne","11":"tag-eu","12":"tag-europe","13":"tag-fr","14":"tag-france","15":"tag-news","16":"tag-politique-a-rennes","17":"tag-rennes","18":"tag-republique-francaise"},"share_on_mastodon":{"url":"https:\/\/pubeurope.com\/@fr\/114898202999890570","error":""},"_links":{"self":[{"href":"https:\/\/www.europesays.com\/fr\/wp-json\/wp\/v2\/posts\/266163","targetHints":{"allow":["GET"]}}],"collection":[{"href":"https:\/\/www.europesays.com\/fr\/wp-json\/wp\/v2\/posts"}],"about":[{"href":"https:\/\/www.europesays.com\/fr\/wp-json\/wp\/v2\/types\/post"}],"author":[{"embeddable":true,"href":"https:\/\/www.europesays.com\/fr\/wp-json\/wp\/v2\/users\/2"}],"replies":[{"embeddable":true,"href":"https:\/\/www.europesays.com\/fr\/wp-json\/wp\/v2\/comments?post=266163"}],"version-history":[{"count":0,"href":"https:\/\/www.europesays.com\/fr\/wp-json\/wp\/v2\/posts\/266163\/revisions"}],"wp:featuredmedia":[{"embeddable":true,"href":"https:\/\/www.europesays.com\/fr\/wp-json\/wp\/v2\/media\/266164"}],"wp:attachment":[{"href":"https:\/\/www.europesays.com\/fr\/wp-json\/wp\/v2\/media?parent=266163"}],"wp:term":[{"taxonomy":"category","embeddable":true,"href":"https:\/\/www.europesays.com\/fr\/wp-json\/wp\/v2\/categories?post=266163"},{"taxonomy":"post_tag","embeddable":true,"href":"https:\/\/www.europesays.com\/fr\/wp-json\/wp\/v2\/tags?post=266163"}],"curies":[{"name":"wp","href":"https:\/\/api.w.org\/{rel}","templated":true}]}}