{"id":266165,"date":"2025-07-22T18:03:10","date_gmt":"2025-07-22T18:03:10","guid":{"rendered":"https:\/\/www.europesays.com\/fr\/266165\/"},"modified":"2025-07-22T18:03:10","modified_gmt":"2025-07-22T18:03:10","slug":"accident-du-travail-pres-de-rennes-un-engin-de-45-tonnes-lui-roule-dessus","status":"publish","type":"post","link":"https:\/\/www.europesays.com\/fr\/266165\/","title":{"rendered":"Accident du travail\u00a0: pr\u00e8s de Rennes, un engin de 4,5 tonnes lui roule dessus"},"content":{"rendered":"<p>Ce mardi 22 juillet, un grave accident du travail s\u2019est produit \u00e0 Chantepie, pr\u00e8s de Rennes (35), comme le rapporte<a href=\"https:\/\/www.ouest-france.fr\/societe\/faits-divers\/un-ouvrier-de-22-ans-gravement-blesse-apres-setre-fait-rouler-dessus-sur-un-chantier-pres-de-rennes-614f7020-6715-11f0-9619-f84d42b465cd\" target=\"_blank\" rel=\"nofollow noopener\"> Ouest-France<\/a>. Vers 16 h 50, un ouvrier de 22 ans s\u2019est fait rouler dessus, par un engin de chantier de 4,5 tonnes.<\/p>\n<p>Transport\u00e9 au CHU<\/p>\n<p>Les pompiers indiquent que la victime a \u00e9t\u00e9 transport\u00e9e en urgence absolue au centre traumatologique du CHU de Pontchaillou. L\u2019incident s\u2019est produit avenue Charles de Gaule, dans le nouveau quartier du Bocage Citadin.<\/p>\n<p>Cet accident du travail sur un chantier n\u2019est pas sans rappeler le d\u00e9c\u00e8s d\u2019un ouvrier de 19 ans, qui a succomb\u00e9 \u00e0 ses blessures apr\u00e8s avoir \u00e9t\u00e9 enseveli sous un enrob\u00e9 br\u00fblant en Vend\u00e9e, le 15 juillet dernier.<\/p>\n","protected":false},"excerpt":{"rendered":"Ce mardi 22 juillet, un grave accident du travail s\u2019est produit \u00e0 Chantepie, pr\u00e8s de Rennes (35), comme&hellip;\n","protected":false},"author":2,"featured_media":266166,"comment_status":"","ping_status":"","sticky":false,"template":"","format":"standard","meta":{"footnotes":""},"categories":[2821],"tags":[1111,11,829,765,1777,674,1011,27,848,12,584,25],"class_list":{"0":"post-266165","1":"post","2":"type-post","3":"status-publish","4":"format-standard","5":"has-post-thumbnail","7":"category-rennes","8":"tag-actu","9":"tag-actualites","10":"tag-bretagne","11":"tag-en-continu","12":"tag-eu","13":"tag-europe","14":"tag-fr","15":"tag-france","16":"tag-ille-et-vilaine","17":"tag-news","18":"tag-rennes","19":"tag-republique-francaise"},"share_on_mastodon":{"url":"https:\/\/pubeurope.com\/@fr\/114898206954685655","error":""},"_links":{"self":[{"href":"https:\/\/www.europesays.com\/fr\/wp-json\/wp\/v2\/posts\/266165","targetHints":{"allow":["GET"]}}],"collection":[{"href":"https:\/\/www.europesays.com\/fr\/wp-json\/wp\/v2\/posts"}],"about":[{"href":"https:\/\/www.europesays.com\/fr\/wp-json\/wp\/v2\/types\/post"}],"author":[{"embeddable":true,"href":"https:\/\/www.europesays.com\/fr\/wp-json\/wp\/v2\/users\/2"}],"replies":[{"embeddable":true,"href":"https:\/\/www.europesays.com\/fr\/wp-json\/wp\/v2\/comments?post=266165"}],"version-history":[{"count":0,"href":"https:\/\/www.europesays.com\/fr\/wp-json\/wp\/v2\/posts\/266165\/revisions"}],"wp:featuredmedia":[{"embeddable":true,"href":"https:\/\/www.europesays.com\/fr\/wp-json\/wp\/v2\/media\/266166"}],"wp:attachment":[{"href":"https:\/\/www.europesays.com\/fr\/wp-json\/wp\/v2\/media?parent=266165"}],"wp:term":[{"taxonomy":"category","embeddable":true,"href":"https:\/\/www.europesays.com\/fr\/wp-json\/wp\/v2\/categories?post=266165"},{"taxonomy":"post_tag","embeddable":true,"href":"https:\/\/www.europesays.com\/fr\/wp-json\/wp\/v2\/tags?post=266165"}],"curies":[{"name":"wp","href":"https:\/\/api.w.org\/{rel}","templated":true}]}}