{"id":26617,"date":"2025-04-15T13:29:12","date_gmt":"2025-04-15T13:29:12","guid":{"rendered":"https:\/\/www.europesays.com\/fr\/26617\/"},"modified":"2025-04-15T13:29:12","modified_gmt":"2025-04-15T13:29:12","slug":"pro-d2-fcg-on-connait-la-date-et-lheure-du-choc-face-a-brive","status":"publish","type":"post","link":"https:\/\/www.europesays.com\/fr\/26617\/","title":{"rendered":"Pro D2. FCG\u00a0: on conna\u00eet la date et l&rsquo;heure du choc face \u00e0 Brive"},"content":{"rendered":"<p>C\u2019est une date et un horaire que beaucoup attendaient. Et la commission des comp\u00e9titions de la Ligue nationale de rugby a mis fin au suspense ce lundi. Le tr\u00e8s gros choc au sommet entre Brive (deuxi\u00e8me avec 80 points) et le FC Grenoble (actuel leader avec 85 points), qui sera le rendez-vous \u00e0 ne pas manquer de la 29e journ\u00e9e, a \u00e9t\u00e9 d\u00e9cal\u00e9 pour se d\u00e9rouler sous les cam\u00e9ras de Canal +\u00a0sports.<\/p>\n<p>Ce contenu est bloqu\u00e9 car vous n&rsquo;avez pas accept\u00e9 les cookies et autres traceurs.<\/p>\n<p>En cliquant sur \u00ab J\u2019accepte \u00bb, les cookies et autres traceurs seront d\u00e9pos\u00e9s et vous pourrez visualiser les contenus  (<a href=\"\" class=\"consentModule_policy\" target=\"_blank\" title=\"Consulter la politique de protection des donn\u00e9es du fournisseur\">plus d&rsquo;informations<\/a>).<\/p>\n<p>En cliquant sur \u00ab J\u2019accepte tous les cookies \u00bb, vous autorisez des d\u00e9p\u00f4ts de cookies et autres traceurs pour le stockage de vos donn\u00e9es sur nos sites et applications \u00e0 des fins de personnalisation et de ciblage publicitaire.<\/p>\n<p class=\"consentModule_secondaryText\">Vous gardez la possibilit\u00e9 de retirer votre consentement \u00e0 tout moment en consultant notre <a href=\"https:\/\/www.ledauphine.com\/protection-des-donnees\" target=\"_blank\" title=\"Consulter notre politique de protection des donn\u00e9es\" rel=\"noopener\">politique de protection des donn\u00e9es<\/a>. <br \/>&#13;<br \/>\n            <a href=\"https:\/\/www.ledauphine.com\/sport\/2025\/04\/14\/javascript:Didomi.notice.show()\" class=\"consentModule_cmp\" target=\"_blank\" rel=\"noopener\">G\u00e9rer mes choix<\/a>&#13;\n        <\/p>\n<p>&#13;<br \/>\n                        J&rsquo;accepte&#13;<br \/>\n            J&rsquo;accepte tous les cookies&#13;\n        <\/p>\n<p>Il aura ainsi lieu le vendredi 9\u00a0mai \u00e0 21 heures au stade Am\u00e9d\u00e9e-Domenech. Il s\u2019agira de la derni\u00e8re rencontre d\u00e9cal\u00e9e car lors de la 30e et derni\u00e8re journ\u00e9e de Pro D2 le 16\u00a0mai, tous les matches auront lieu en m\u00eame temps dans le cadre d\u2019un multiplex (19h30).<\/p>\n<p>\u00c0 cette occasion, le FCG recevra Nevers. A noter \u00e9galement que le 9\u00a0mai, les voisins de Valence\/Romans seront en d\u00e9placement \u00e0 Mont-de-Marsan (19h30). Pour le baisser de rideau, ils recevront Soyaux\/Angoul\u00eame.<\/p>\n","protected":false},"excerpt":{"rendered":"C\u2019est une date et un horaire que beaucoup attendaient. Et la commission des comp\u00e9titions de la Ligue nationale&hellip;\n","protected":false},"author":2,"featured_media":26618,"comment_status":"","ping_status":"","sticky":false,"template":"","format":"standard","meta":{"footnotes":""},"categories":[1416],"tags":[112,113,2737,2735,114,2727,1701,1011,27,2731,2732,108,2308,479,1468,517,1947,60,2733,2734,2728],"class_list":{"0":"post-26617","1":"post","2":"type-post","3":"status-publish","4":"format-standard","5":"has-post-thumbnail","7":"category-rugby","8":"tag-edition-grenoble-agglomeration","9":"tag-edition-gresivaudan-oisans","10":"tag-edition-romans-nord-drome","11":"tag-edition-valence-rhone-crussol-vallee-de-la-drome","12":"tag-edition-voiron-saint-marcellin","13":"tag-fcg-fc-grenoble-rugby","14":"tag-fil-info-sport","15":"tag-fr","16":"tag-france","17":"tag-grenoble","18":"tag-grenoble-bassin","19":"tag-isere","20":"tag-pro-d2","21":"tag-rugby","22":"tag-rugby-football","23":"tag-sport","24":"tag-sport-national","25":"tag-sports","26":"tag-valence","27":"tag-valence-bassin","28":"tag-vrdr-valence-romans-drome-rugby"},"share_on_mastodon":{"url":"https:\/\/pubeurope.com\/@fr\/114342223171046805","error":""},"_links":{"self":[{"href":"https:\/\/www.europesays.com\/fr\/wp-json\/wp\/v2\/posts\/26617","targetHints":{"allow":["GET"]}}],"collection":[{"href":"https:\/\/www.europesays.com\/fr\/wp-json\/wp\/v2\/posts"}],"about":[{"href":"https:\/\/www.europesays.com\/fr\/wp-json\/wp\/v2\/types\/post"}],"author":[{"embeddable":true,"href":"https:\/\/www.europesays.com\/fr\/wp-json\/wp\/v2\/users\/2"}],"replies":[{"embeddable":true,"href":"https:\/\/www.europesays.com\/fr\/wp-json\/wp\/v2\/comments?post=26617"}],"version-history":[{"count":0,"href":"https:\/\/www.europesays.com\/fr\/wp-json\/wp\/v2\/posts\/26617\/revisions"}],"wp:featuredmedia":[{"embeddable":true,"href":"https:\/\/www.europesays.com\/fr\/wp-json\/wp\/v2\/media\/26618"}],"wp:attachment":[{"href":"https:\/\/www.europesays.com\/fr\/wp-json\/wp\/v2\/media?parent=26617"}],"wp:term":[{"taxonomy":"category","embeddable":true,"href":"https:\/\/www.europesays.com\/fr\/wp-json\/wp\/v2\/categories?post=26617"},{"taxonomy":"post_tag","embeddable":true,"href":"https:\/\/www.europesays.com\/fr\/wp-json\/wp\/v2\/tags?post=26617"}],"curies":[{"name":"wp","href":"https:\/\/api.w.org\/{rel}","templated":true}]}}