{"id":266177,"date":"2025-07-22T18:09:19","date_gmt":"2025-07-22T18:09:19","guid":{"rendered":"https:\/\/www.europesays.com\/fr\/266177\/"},"modified":"2025-07-22T18:09:19","modified_gmt":"2025-07-22T18:09:19","slug":"international-espoir-vainqueur-de-la-coupe-de-france-avec-nantes-trois-choses-a-savoir-sur-quentin-merlin-la-deuxieme-recrue-du-stade-rennais-2","status":"publish","type":"post","link":"https:\/\/www.europesays.com\/fr\/266177\/","title":{"rendered":"International espoir, vainqueur de la Coupe de France avec Nantes\u2026 Trois choses \u00e0 savoir sur Quentin Merlin, la deuxi\u00e8me recrue du Stade Rennais"},"content":{"rendered":"<p>                    Vainqueur de la coupe de France avec le FC Nantes<\/p>\n<p><a href=\"https:\/\/www.letelegramme.fr\/sports\/football\/football-fc-nantes-quentin-merlin-la-revelation-a-gauche-3926527.php\" target=\"_blank\" rel=\"nofollow noopener\">Form\u00e9 au FC Nantes, Quentin Merlin<\/a> se r\u00e9v\u00e8le au poste d\u2019arri\u00e8re gauche sous la houlette d\u2019Antoine Kombouar\u00e9 en 2022. Tr\u00e8s vite, il devient un titulaire indiscutable \u00e0 ce poste et participe \u00e0 l\u2019incroyable \u00e9pop\u00e9e en Coupe de France avec les Canaris. Les Nantais \u00e9liminent le Stade Brestois en 8es de finale, l\u2019AS Monaco aux tirs au but en demi-finales avant de triompher en finale face \u00e0 et l\u2019OGC Nice gr\u00e2ce \u00e0 un but du Rennais Ludovic Blas. Au passage, le club met fin \u00e0 une disette de 21 ans sans troph\u00e9e (2001, champion de France).<\/p>\n<p>Arriv\u00e9 \u00e0 l\u2019hiver 2023-24 pour une somme avoisinant les 10,5 millions d\u2019euros, en provenance du FC Nantes, Quentin Merlin s\u2019impose d\u00e8s ses d\u00e9buts chez les Phoc\u00e9ens au poste de piston gauche face \u00e0 la faible concurrence. Il participe au parcours en Ligue Europa, o\u00f9 le club est \u00e9limin\u00e9 en demi-finales par l\u2019Atalanta. \u00c0 l\u2019\u00e9t\u00e9 2024, avec la nouvelle arriv\u00e9e du technicien italien Roberto De Zerbi, ses performances d\u00e9clinent et le Fran\u00e7ais perd progressivement sa place au profit d\u2019Amar Dedic recrut\u00e9 \u00e0 l\u2019hiver 2025 ou encore d\u2019Ulisses Garcia.<\/p>\n<p>Quentin Merlin vit ses premi\u00e8res s\u00e9lections avec l\u2019\u00e9quipe de France en U16, lors de la saison 2017\/2018. Depuis 2022, il \u00e9volue avec l\u2019\u00e9quipe de France espoirs, avec qui il prend part \u00e0 18 rencontres pour deux buts marqu\u00e9s. En juin 2025, il participe \u00e0 L\u2019Euro espoirs, o\u00f9 les Bleuets se hissent jusqu\u2019en demi-finale de la comp\u00e9tition.<\/p>\n","protected":false},"excerpt":{"rendered":"Vainqueur de la coupe de France avec le FC Nantes Form\u00e9 au FC Nantes, Quentin Merlin se r\u00e9v\u00e8le&hellip;\n","protected":false},"author":2,"featured_media":266178,"comment_status":"","ping_status":"","sticky":false,"template":"","format":"standard","meta":{"footnotes":""},"categories":[2818],"tags":[1111,11,1777,674,63,1011,27,766,12,2636,25,60,3087],"class_list":{"0":"post-266177","1":"post","2":"type-post","3":"status-publish","4":"format-standard","5":"has-post-thumbnail","7":"category-nantes","8":"tag-actu","9":"tag-actualites","10":"tag-eu","11":"tag-europe","12":"tag-football","13":"tag-fr","14":"tag-france","15":"tag-nantes","16":"tag-news","17":"tag-pays-de-la-loire","18":"tag-republique-francaise","19":"tag-sports","20":"tag-stade-rennais"},"share_on_mastodon":{"url":"https:\/\/pubeurope.com\/@fr\/114898230510972053","error":""},"_links":{"self":[{"href":"https:\/\/www.europesays.com\/fr\/wp-json\/wp\/v2\/posts\/266177","targetHints":{"allow":["GET"]}}],"collection":[{"href":"https:\/\/www.europesays.com\/fr\/wp-json\/wp\/v2\/posts"}],"about":[{"href":"https:\/\/www.europesays.com\/fr\/wp-json\/wp\/v2\/types\/post"}],"author":[{"embeddable":true,"href":"https:\/\/www.europesays.com\/fr\/wp-json\/wp\/v2\/users\/2"}],"replies":[{"embeddable":true,"href":"https:\/\/www.europesays.com\/fr\/wp-json\/wp\/v2\/comments?post=266177"}],"version-history":[{"count":0,"href":"https:\/\/www.europesays.com\/fr\/wp-json\/wp\/v2\/posts\/266177\/revisions"}],"wp:featuredmedia":[{"embeddable":true,"href":"https:\/\/www.europesays.com\/fr\/wp-json\/wp\/v2\/media\/266178"}],"wp:attachment":[{"href":"https:\/\/www.europesays.com\/fr\/wp-json\/wp\/v2\/media?parent=266177"}],"wp:term":[{"taxonomy":"category","embeddable":true,"href":"https:\/\/www.europesays.com\/fr\/wp-json\/wp\/v2\/categories?post=266177"},{"taxonomy":"post_tag","embeddable":true,"href":"https:\/\/www.europesays.com\/fr\/wp-json\/wp\/v2\/tags?post=266177"}],"curies":[{"name":"wp","href":"https:\/\/api.w.org\/{rel}","templated":true}]}}