{"id":266181,"date":"2025-07-22T18:11:11","date_gmt":"2025-07-22T18:11:11","guid":{"rendered":"https:\/\/www.europesays.com\/fr\/266181\/"},"modified":"2025-07-22T18:11:11","modified_gmt":"2025-07-22T18:11:11","slug":"girondins-lucas-rocrou-est-de-retour-a-bordeaux","status":"publish","type":"post","link":"https:\/\/www.europesays.com\/fr\/266181\/","title":{"rendered":"Girondins : Lucas Rocrou est de retour \u00e0 Bordeaux"},"content":{"rendered":"<p><img decoding=\"async\" src=\"https:\/\/www.europesays.com\/fr\/wp-content\/uploads\/2025\/07\/671_bdf0cb5be4aba4ca556e671ff2fc3400.png\" alt=\"Girondins : Lucas Rocrou est de retour \u00e0 Bordeaux\" class=\"img-responsive mt-3\"\/><\/p>\n<p class=\"text-center mb-3\" style=\"font-size: 14px\">\u00a9 Iconsport<\/p>\n<p style=\"text-align: justify;\">Le natif de Saint-Pierre de la R\u00e9union sort d&rsquo;une exp\u00e9rience difficile avec Fontenay avec 7 matchs en National 3.<\/p>\n<p style=\"text-align: justify;\">Il a sign\u00e9 avec les Girondins de Bordeaux pour \u00e9voluer dans le groupe R\u00e9gional 1 et esp\u00e8re int\u00e9grer le groupe National 2 au fil de la saison. Lucas Rocrou compte 3 apparitions en Ligue 2.<\/p>\n<p style=\"text-align: justify;\">L\u2019\u00e9quipe d&rsquo;Antoine Verg\u00e8s, l&rsquo;entra\u00eeneur, d\u00e9bute sa pr\u00e9paration la semaine prochaine.<\/p>\n<p>\u00c0 lire &gt;&gt; <a href=\"https:\/\/www.webgirondins.com\/actualite-girondins-girondins-shamal-ecourte-sa-seance-un-groupe-resserre-129817\" target=\"_blank\" rel=\"noopener\"><strong>Shamal \u00e9courte sa s\u00e9ance d&rsquo;entra\u00eenement, un groupe resserr\u00e9<\/strong><\/a><\/p>\n<p>Notre podcast court :<\/p>\n<p>\u00a0<\/p>\n","protected":false},"excerpt":{"rendered":"\u00a9 Iconsport Le natif de Saint-Pierre de la R\u00e9union sort d&rsquo;une exp\u00e9rience difficile avec Fontenay avec 7 matchs&hellip;\n","protected":false},"author":2,"featured_media":266182,"comment_status":"","ping_status":"","sticky":false,"template":"","format":"standard","meta":{"footnotes":""},"categories":[2817],"tags":[1111,11,4255,3396,1997,12708,1777,674,1119,1011,27,1987,29023,40560,1537,12,2219,25,8133,40559,3107],"class_list":{"0":"post-266181","1":"post","2":"type-post","3":"status-publish","4":"format-standard","5":"has-post-thumbnail","7":"category-bordeaux","8":"tag-actu","9":"tag-actualites","10":"tag-ancien","11":"tag-avec","12":"tag-bordeaux","13":"tag-engage","14":"tag-eu","15":"tag-europe","16":"tag-formation","17":"tag-fr","18":"tag-france","19":"tag-girondins","20":"tag-libre","21":"tag-licence","22":"tag-lucas","23":"tag-news","24":"tag-nouvelle-aquitaine","25":"tag-republique-francaise","26":"tag-retour","27":"tag-rocrou","28":"tag-sous"},"share_on_mastodon":{"url":"https:\/\/pubeurope.com\/@fr\/114898238521989761","error":""},"_links":{"self":[{"href":"https:\/\/www.europesays.com\/fr\/wp-json\/wp\/v2\/posts\/266181","targetHints":{"allow":["GET"]}}],"collection":[{"href":"https:\/\/www.europesays.com\/fr\/wp-json\/wp\/v2\/posts"}],"about":[{"href":"https:\/\/www.europesays.com\/fr\/wp-json\/wp\/v2\/types\/post"}],"author":[{"embeddable":true,"href":"https:\/\/www.europesays.com\/fr\/wp-json\/wp\/v2\/users\/2"}],"replies":[{"embeddable":true,"href":"https:\/\/www.europesays.com\/fr\/wp-json\/wp\/v2\/comments?post=266181"}],"version-history":[{"count":0,"href":"https:\/\/www.europesays.com\/fr\/wp-json\/wp\/v2\/posts\/266181\/revisions"}],"wp:featuredmedia":[{"embeddable":true,"href":"https:\/\/www.europesays.com\/fr\/wp-json\/wp\/v2\/media\/266182"}],"wp:attachment":[{"href":"https:\/\/www.europesays.com\/fr\/wp-json\/wp\/v2\/media?parent=266181"}],"wp:term":[{"taxonomy":"category","embeddable":true,"href":"https:\/\/www.europesays.com\/fr\/wp-json\/wp\/v2\/categories?post=266181"},{"taxonomy":"post_tag","embeddable":true,"href":"https:\/\/www.europesays.com\/fr\/wp-json\/wp\/v2\/tags?post=266181"}],"curies":[{"name":"wp","href":"https:\/\/api.w.org\/{rel}","templated":true}]}}