{"id":266183,"date":"2025-07-22T18:12:15","date_gmt":"2025-07-22T18:12:15","guid":{"rendered":"https:\/\/www.europesays.com\/fr\/266183\/"},"modified":"2025-07-22T18:12:15","modified_gmt":"2025-07-22T18:12:15","slug":"toulouse-a-peine-commences-les-travaux-de-perennisation-de-cette-piste-cyclable-creent-des-bouchons","status":"publish","type":"post","link":"https:\/\/www.europesays.com\/fr\/266183\/","title":{"rendered":"Toulouse. \u00c0 peine commenc\u00e9s, les travaux de p\u00e9rennisation de cette piste cyclable cr\u00e9ent des bouchons"},"content":{"rendered":"<p>            Par<br \/>\n        <strong><br \/>\n            <a href=\"https:\/\/actu.fr\/auteur\/lea-afonso\" title=\"Consulter tous les articles de L\u00e9a Afonso\" target=\"_blank\" rel=\"noopener\">L\u00e9a Afonso<\/a><br \/>\n        <\/strong><\/p>\n<p>        Publi\u00e9 le<\/p>\n<p>            22 juil. 2025 \u00e0 17h54        <\/p>\n<p>Alors qu\u2019elle est au c\u0153ur des d\u00e9bats depuis plusieurs mois d\u00e9j\u00e0, la <strong>piste cyclable<\/strong> le long du <strong>boulevard des Minimes<\/strong> \u00e0 <a href=\"https:\/\/actu.fr\/toulouse\/\" target=\"_blank\" rel=\"noopener\">Toulouse<\/a> va bel et bien \u00eatre p\u00e9rennis\u00e9e, c<a href=\"https:\/\/actu.fr\/occitanie\/toulouse_31555\/toulouse-en-test-depuis-des-mois-cette-piste-cyclable-va-etre-perennisee-voici-a-quoi-elle-ressemblera_62726396.html\" target=\"_blank\" rel=\"noopener\">omme nous l\u2019annoncions il y a quelques semaines<\/a>. Mais alors que les travaux d\u00e9butent \u00e0 peine en cette mi-juillet\u00a02025, des bouchons sont d\u00e9j\u00e0 cr\u00e9\u00e9s. Reportage.<\/p>\n<p>    <a href=\"https:\/\/www.google.com\/maps\/embed?pb=!1m14!1m12!1m3!1d3661.863796092095!2d1.4474113140764662!3d43.61482267516618!2m3!1f0!2f0!3f0!3m2!1i1024!2i768!4f13.1!5e0!3m2!1sfr!2sfr!4v1753102153252!5m2!1sfr!2sfr\" title=\"Ouvrie le lien\" target=\"_blank\" rel=\"noopener\">Cliquez ici pour visualiser le contenu<\/a><\/p>\n<p>Des bouchons un dimanche<\/p>\n<p class=\" wall-content\">Il est aux alentours de 17\u2009h en ce <strong>dimanche<\/strong> 20\u00a0juillet, qui devrait pourtant \u00eatre calme \u00e0 Toulouse et pourtant de nombreuses voitures s\u2019amassent le long du boulevard des Minimes en direction de la gare. D\u00e8s le croisement entre le boulevard de l\u2019Embouchure et celui des Minimes, des bouchons se cr\u00e9ent. \u00c0 cette hauteur-l\u00e0, <strong>une des voies de circulation<\/strong> a \u00e9t\u00e9 <strong>supprim\u00e9e<\/strong>, obligeant les <strong>automobilistes<\/strong> \u00e0 <strong>rouler sur une seule file<\/strong>, la plus \u00e0 gauche.\u00a0Mais que se passe-t-il\u2009?<\/p>\n<p class=\" wall-content\">La raison n\u2019est autre que le<strong> d\u00e9but des travaux de la p\u00e9rennisation de la piste cyclable<\/strong>.<\/p>\n<p>Le d\u00e9but des travaux pour la piste<\/p>\n<p class=\" wall-content\">Pour l\u2019heure, les travaux n\u2019en sont qu\u2019aux pr\u00e9misses. Effectivement, celle qui depuis janvier accueille les cyclistes est d\u00e9sormais<strong> ferm\u00e9e \u00e0 la circulation cyclable<\/strong> au moyen de barri\u00e8res. Quant aux <strong>blocs de b\u00e9ton<\/strong> qui s\u00e9parent voitures et cyclistes, ils ont \u00e9t\u00e9 <strong>d\u00e9plac\u00e9s<\/strong> d\u2019une voie \u2014 condamnant donc une nouvelle voie routi\u00e8re le temps des travaux \u2014.<\/p>\n<p>    <img   decoding=\"async\" loading=\"lazy\" src=\"https:\/\/www.europesays.com\/fr\/wp-content\/uploads\/2025\/07\/debut-travaux6-960x640.jpg\" alt=\"Cette piste en test depuis janvier 2025 est d\u00e9sormais ferm\u00e9e aux cyclistes le temps des travaux.\" width=\"960\" height=\"640\"\/><br \/>\n    Cette piste en test depuis janvier\u00a02025 est d\u00e9sormais ferm\u00e9e aux cyclistes le temps des travaux. (\u00a9L\u00e9a Afonso \/ Actu Toulouse)<\/p>\n<p class=\" wall-content\">Les plateformes aux allures de damiers, celles qui sont synonymes d\u2019arr\u00eat de bus, sont toujours pr\u00e9sentes, mais ferm\u00e9es de chaque c\u00f4t\u00e9 par des barri\u00e8res, pour faire comprendre aux cyclistes l\u2019interdiction de passage ici aussi.<\/p>\n<p>    <img   decoding=\"async\" loading=\"lazy\" src=\"https:\/\/www.europesays.com\/fr\/wp-content\/uploads\/2025\/07\/debut-travaux5-960x640.jpg\" alt=\"Les blocs de b\u00e9ton d\u00e9limitant les voitures des v\u00e9los ont \u00e9t\u00e9 d\u00e9plac\u00e9 d'une voie, obligeant les automobilistes \u00e0 rouler sur une seule file pour l'instant.\" width=\"960\" height=\"640\"\/><br \/>\n    Les blocs de b\u00e9ton d\u00e9limitant les voitures des v\u00e9los ont \u00e9t\u00e9 d\u00e9plac\u00e9s d\u2019une voie, obligeant les automobilistes \u00e0 rouler sur une seule file pour l\u2019instant. (\u00a9L\u00e9a Afonso \/ Actu Toulouse)Une nouvelle piste en vue<\/p>\n<p class=\" wall-content\">Mais si les travaux peuvent d\u00e9ranger \u2014 temporairement \u2014, c\u2019est pour du mieux. Effectivement, d\u2019ici \u00e0 la fin de l\u2019\u00e9t\u00e9, cette voie cyclable ressemblera \u00e0 celle de la rue r\u00e9publique \u00e0 Saint-Cyprien\u2009: \u00ab\u2009blocs de b\u00e9ton supprim\u00e9s au milieu de la route, pour faire une bordure plus esth\u00e9tique\u2009; mise en bidirectionnelle\u2009; meilleure signal\u00e9tique avec un r\u00e9am\u00e9nagement des deux extr\u00e9mit\u00e9s\u2009; \u00eelots d\u2019attente pour les pi\u00e9tons\u2026\u2009\u00bb <a href=\"https:\/\/actu.fr\/occitanie\/toulouse_31555\/toulouse-en-test-depuis-des-mois-cette-piste-cyclable-va-etre-perennisee-voici-a-quoi-elle-ressemblera_62726396.html\" target=\"_blank\" rel=\"noopener\">annon\u00e7ait en juin dernier Maxime Boyer<\/a> adjoint au maire, charg\u00e9 des d\u00e9placements et nouvelles mobilit\u00e9s.<\/p>\n<p>    <img   decoding=\"async\" loading=\"lazy\" src=\"https:\/\/www.europesays.com\/fr\/wp-content\/uploads\/2025\/07\/img-20231211-wa0018-960x640-1-960x640.jpg\" alt=\"Visuellement, la nouvelle piste devrait ressembler \u00e0 celle-ci, rue de la R\u00e9publique dans le quartier de Saint-Cyprien.  \" width=\"960\" height=\"640\"\/><br \/>\n    Visuellement, la nouvelle piste devrait ressembler \u00e0 celle-ci, rue de la R\u00e9publique dans le quartier de Saint-Cyprien. (\u00a9Archive Simon Vermot Desroches \/ Actu Toulouse)<\/p>\n<p class=\" wall-content\">Il ne saurait donc attendre pour que cet axe passant retrouve une circulation normale avec en bonus une piste cyclable toute neuve\u2009! Pour l\u2019heure, les v\u00e9los doivent retourner aux vieilles habitudes et r\u00e9emprunter la voie partag\u00e9e avec les pi\u00e9tons le long du canal.<\/p>\n<p class=\" wall-content\">Suivez toute l\u2019actualit\u00e9 de vos villes et m\u00e9dias favoris en vous inscrivant \u00e0 <a href=\"https:\/\/moncompte.actu.fr\" title=\"D\u00e9couvez Mon Actu\" rel=\"nofollow noopener\" data-trk=\"{&quot;cta&quot;:{&quot;action&quot;:&quot;https:\\\/\\\/moncompte.actu.fr&quot;,&quot;category&quot;:&quot;mon compte&quot;,&quot;from&quot;:&quot;article footer&quot;,&quot;name&quot;:&quot;Mon actu&quot;,&quot;type&quot;:&quot;cta&quot;}}\" target=\"_blank\">Mon Actu<\/a>.<\/p>\n<ul class=\"ac-article-tag wall-content\">\n<li><a href=\"https:\/\/actu.fr\/tag\/circulation\" data-trk=\"{&quot;cta&quot;:{&quot;action&quot;:&quot;Circulation&quot;,&quot;category&quot;:&quot;tag&quot;,&quot;from&quot;:&quot;article footer&quot;,&quot;name&quot;:&quot;Circulation&quot;,&quot;type&quot;:&quot;cta&quot;}}\" target=\"_blank\" rel=\"noopener\">#Circulation<\/a><\/li>\n<li><a href=\"https:\/\/actu.fr\/tag\/pistes-cyclables\" data-trk=\"{&quot;cta&quot;:{&quot;action&quot;:&quot;Pistes cyclables&quot;,&quot;category&quot;:&quot;tag&quot;,&quot;from&quot;:&quot;article footer&quot;,&quot;name&quot;:&quot;Pistes cyclables&quot;,&quot;type&quot;:&quot;cta&quot;}}\" target=\"_blank\" rel=\"noopener\">#Pistes cyclables<\/a><\/li>\n<\/ul>\n","protected":false},"excerpt":{"rendered":"Par L\u00e9a Afonso Publi\u00e9 le 22 juil. 2025 \u00e0 17h54 Alors qu\u2019elle est au c\u0153ur des d\u00e9bats depuis&hellip;\n","protected":false},"author":2,"featured_media":266184,"comment_status":"","ping_status":"","sticky":false,"template":"","format":"standard","meta":{"footnotes":""},"categories":[2816],"tags":[1111,11,3542,1777,674,1011,27,12,2680,4798,25,104,2312],"class_list":{"0":"post-266183","1":"post","2":"type-post","3":"status-publish","4":"format-standard","5":"has-post-thumbnail","7":"category-toulouse","8":"tag-actu","9":"tag-actualites","10":"tag-circulation","11":"tag-eu","12":"tag-europe","13":"tag-fr","14":"tag-france","15":"tag-news","16":"tag-occitanie","17":"tag-pistes-cyclables","18":"tag-republique-francaise","19":"tag-societe","20":"tag-toulouse"},"share_on_mastodon":{"url":"https:\/\/pubeurope.com\/@fr\/114898242491143944","error":""},"_links":{"self":[{"href":"https:\/\/www.europesays.com\/fr\/wp-json\/wp\/v2\/posts\/266183","targetHints":{"allow":["GET"]}}],"collection":[{"href":"https:\/\/www.europesays.com\/fr\/wp-json\/wp\/v2\/posts"}],"about":[{"href":"https:\/\/www.europesays.com\/fr\/wp-json\/wp\/v2\/types\/post"}],"author":[{"embeddable":true,"href":"https:\/\/www.europesays.com\/fr\/wp-json\/wp\/v2\/users\/2"}],"replies":[{"embeddable":true,"href":"https:\/\/www.europesays.com\/fr\/wp-json\/wp\/v2\/comments?post=266183"}],"version-history":[{"count":0,"href":"https:\/\/www.europesays.com\/fr\/wp-json\/wp\/v2\/posts\/266183\/revisions"}],"wp:featuredmedia":[{"embeddable":true,"href":"https:\/\/www.europesays.com\/fr\/wp-json\/wp\/v2\/media\/266184"}],"wp:attachment":[{"href":"https:\/\/www.europesays.com\/fr\/wp-json\/wp\/v2\/media?parent=266183"}],"wp:term":[{"taxonomy":"category","embeddable":true,"href":"https:\/\/www.europesays.com\/fr\/wp-json\/wp\/v2\/categories?post=266183"},{"taxonomy":"post_tag","embeddable":true,"href":"https:\/\/www.europesays.com\/fr\/wp-json\/wp\/v2\/tags?post=266183"}],"curies":[{"name":"wp","href":"https:\/\/api.w.org\/{rel}","templated":true}]}}