{"id":266191,"date":"2025-07-22T18:16:09","date_gmt":"2025-07-22T18:16:09","guid":{"rendered":"https:\/\/www.europesays.com\/fr\/266191\/"},"modified":"2025-07-22T18:16:09","modified_gmt":"2025-07-22T18:16:09","slug":"decouvrez-les-nouveautes-pour-cette-100%e1%b5%89-edition","status":"publish","type":"post","link":"https:\/\/www.europesays.com\/fr\/266191\/","title":{"rendered":"d\u00e9couvrez les nouveaut\u00e9s pour cette 100\u1d49 \u00e9dition"},"content":{"rendered":"<p>Les plan\u00e8tes semblent align\u00e9es. La Foire de Marseille f\u00eatera cette ann\u00e9e sa centi\u00e8me \u00e9dition et sa renaissance. Renaissance orchestr\u00e9e par <a href=\"https:\/\/www.laprovence.com\/article\/economie\/256221020551114\/la-foire-internationale-de-marseille-de-retour-le-20-septembre-bientot-propriete-de-la-ville\" target=\"_blank\" rel=\"noopener\">la Ville, qui en est pour la premi\u00e8re ann\u00e9e propri\u00e9taire, et pour Marseille events (75%), filiale du g\u00e9ant GL events<\/a>, leader du secteur de l\u2019\u00e9v\u00e9nementiel et la CCI Marseille Provence (25%) qui en ont la d\u00e9l\u00e9gation de service public. Alors que r\u00e9serve cette mue automnale\u00a0? Des innovations majeures comme le village \u00ab\u00a0Innova Marseille\u00a0\u00bb, un pavillon \u00ab\u00a0Fabriqu\u00e9 \u00e0 Marseille\u00a0\u00bb, et des am\u00e9nagements du Parc Chanot pour renforcer son attractivit\u00e9 locale. Pour Aur\u00e9lie Prost, directrice op\u00e9rationnelle de la Foire de Marseille, nouvellement nomm\u00e9e, l\u2019enjeu est clair\u00a0: \u00ab\u00a0Nous avons la responsabilit\u00e9 de redonner tout son \u00e9clat \u00e0 la Foire. Pour ses 100\u00a0ans, elle doit rester un pilier \u00e9conomique et un rendez-vous festif, accessible \u00e0 toutes les g\u00e9n\u00e9rations.\u00a0\u00bb<\/p>\n","protected":false},"excerpt":{"rendered":"Les plan\u00e8tes semblent align\u00e9es. La Foire de Marseille f\u00eatera cette ann\u00e9e sa centi\u00e8me \u00e9dition et sa renaissance. Renaissance&hellip;\n","protected":false},"author":2,"featured_media":266192,"comment_status":"","ping_status":"","sticky":false,"template":"","format":"standard","meta":{"footnotes":""},"categories":[2814],"tags":[20747,17,1111,11,1764,1102,33,1777,674,4768,4434,1011,27,26529,884,12,882,25,2407],"class_list":{"0":"post-266191","1":"post","2":"type-post","3":"status-publish","4":"format-standard","5":"has-post-thumbnail","7":"category-marseille","8":"tag-20747","9":"tag-17","10":"tag-actu","11":"tag-actualites","12":"tag-ans","13":"tag-breakingnews","14":"tag-economie","15":"tag-eu","16":"tag-europe","17":"tag-fete","18":"tag-foire","19":"tag-fr","20":"tag-france","21":"tag-internationale","22":"tag-marseille","23":"tag-news","24":"tag-provence-alpes-cote-dazur","25":"tag-republique-francaise","26":"tag-ses"},"share_on_mastodon":{"url":"https:\/\/pubeurope.com\/@fr\/114898258073352024","error":""},"_links":{"self":[{"href":"https:\/\/www.europesays.com\/fr\/wp-json\/wp\/v2\/posts\/266191","targetHints":{"allow":["GET"]}}],"collection":[{"href":"https:\/\/www.europesays.com\/fr\/wp-json\/wp\/v2\/posts"}],"about":[{"href":"https:\/\/www.europesays.com\/fr\/wp-json\/wp\/v2\/types\/post"}],"author":[{"embeddable":true,"href":"https:\/\/www.europesays.com\/fr\/wp-json\/wp\/v2\/users\/2"}],"replies":[{"embeddable":true,"href":"https:\/\/www.europesays.com\/fr\/wp-json\/wp\/v2\/comments?post=266191"}],"version-history":[{"count":0,"href":"https:\/\/www.europesays.com\/fr\/wp-json\/wp\/v2\/posts\/266191\/revisions"}],"wp:featuredmedia":[{"embeddable":true,"href":"https:\/\/www.europesays.com\/fr\/wp-json\/wp\/v2\/media\/266192"}],"wp:attachment":[{"href":"https:\/\/www.europesays.com\/fr\/wp-json\/wp\/v2\/media?parent=266191"}],"wp:term":[{"taxonomy":"category","embeddable":true,"href":"https:\/\/www.europesays.com\/fr\/wp-json\/wp\/v2\/categories?post=266191"},{"taxonomy":"post_tag","embeddable":true,"href":"https:\/\/www.europesays.com\/fr\/wp-json\/wp\/v2\/tags?post=266191"}],"curies":[{"name":"wp","href":"https:\/\/api.w.org\/{rel}","templated":true}]}}