{"id":266193,"date":"2025-07-22T18:17:09","date_gmt":"2025-07-22T18:17:09","guid":{"rendered":"https:\/\/www.europesays.com\/fr\/266193\/"},"modified":"2025-07-22T18:17:09","modified_gmt":"2025-07-22T18:17:09","slug":"la-baignade-en-eau-polluee-peut-provoquer-des-infections-lalerte-dune-elue-a-lenvironnement","status":"publish","type":"post","link":"https:\/\/www.europesays.com\/fr\/266193\/","title":{"rendered":"\u00ab\u00a0La baignade en eau pollu\u00e9e peut provoquer des infections\u00a0\u00bb, l&rsquo;alerte d&rsquo;une \u00e9lue \u00e0 l&rsquo;environnement"},"content":{"rendered":"<p><strong>Quels sont les outils qui permettent de contr\u00f4ler la qualit\u00e9 de l\u2019eau\u00a0?<\/strong>&#13;\n<\/p>\n<p>Le protocole que nous appliquons pour v\u00e9rifier la <a href=\"https:\/\/www.laprovence.com\/article\/sante\/31430612565218\/qualite-des-eaux-de-baignade-avant-les-jeux-olympiques-la-mairie-de-marseille-veut-rassurer\" target=\"_blank\" rel=\"nofollow noopener\">qualit\u00e9 de l\u2019eau de baignade<\/a> des plages surveill\u00e9es de la ville est tr\u00e8s pr\u00e9cis et nous permet d\u2019\u00eatre vigilants de juin \u00e0 septembre, pour que les baigneurs ne courent aucun risque. Les agents du Seramm (<a href=\"https:\/\/www.laprovence.com\/article\/region\/46609711431513\/echantillons-analyses-et-ia-au-coeur-du-labo-du-seramm-a-marseille\" target=\"_blank\" rel=\"nofollow noopener\">Service d\u2019assainissement de Marseille M\u00e9tropole<\/a>) effectuent trois pr\u00e9l\u00e8vements quotidiens, avec un premier passage d\u00e8s 5 h du matin, puis \u00e0 la mi-journ\u00e9e et le soir.<\/p>\n","protected":false},"excerpt":{"rendered":"Quels sont les outils qui permettent de contr\u00f4ler la qualit\u00e9 de l\u2019eau\u00a0?&#13; Le protocole que nous appliquons pour&hellip;\n","protected":false},"author":2,"featured_media":266194,"comment_status":"","ping_status":"","sticky":false,"template":"","format":"standard","meta":{"footnotes":""},"categories":[2814],"tags":[17,1111,11,150,15109,4858,1777,674,1011,27,4743,40561,884,12,40562,882,16,25],"class_list":{"0":"post-266193","1":"post","2":"type-post","3":"status-publish","4":"format-standard","5":"has-post-thumbnail","7":"category-marseille","8":"tag-17","9":"tag-actu","10":"tag-actualites","11":"tag-apres","12":"tag-baignade","13":"tag-eau","14":"tag-eu","15":"tag-europe","16":"tag-fr","17":"tag-france","18":"tag-la","19":"tag-lorage","20":"tag-marseille","21":"tag-news","22":"tag-polluee","23":"tag-provence-alpes-cote-dazur","24":"tag-region","25":"tag-republique-francaise"},"share_on_mastodon":{"url":"https:\/\/pubeurope.com\/@fr\/114898262002122175","error":""},"_links":{"self":[{"href":"https:\/\/www.europesays.com\/fr\/wp-json\/wp\/v2\/posts\/266193","targetHints":{"allow":["GET"]}}],"collection":[{"href":"https:\/\/www.europesays.com\/fr\/wp-json\/wp\/v2\/posts"}],"about":[{"href":"https:\/\/www.europesays.com\/fr\/wp-json\/wp\/v2\/types\/post"}],"author":[{"embeddable":true,"href":"https:\/\/www.europesays.com\/fr\/wp-json\/wp\/v2\/users\/2"}],"replies":[{"embeddable":true,"href":"https:\/\/www.europesays.com\/fr\/wp-json\/wp\/v2\/comments?post=266193"}],"version-history":[{"count":0,"href":"https:\/\/www.europesays.com\/fr\/wp-json\/wp\/v2\/posts\/266193\/revisions"}],"wp:featuredmedia":[{"embeddable":true,"href":"https:\/\/www.europesays.com\/fr\/wp-json\/wp\/v2\/media\/266194"}],"wp:attachment":[{"href":"https:\/\/www.europesays.com\/fr\/wp-json\/wp\/v2\/media?parent=266193"}],"wp:term":[{"taxonomy":"category","embeddable":true,"href":"https:\/\/www.europesays.com\/fr\/wp-json\/wp\/v2\/categories?post=266193"},{"taxonomy":"post_tag","embeddable":true,"href":"https:\/\/www.europesays.com\/fr\/wp-json\/wp\/v2\/tags?post=266193"}],"curies":[{"name":"wp","href":"https:\/\/api.w.org\/{rel}","templated":true}]}}