{"id":266208,"date":"2025-07-22T18:26:12","date_gmt":"2025-07-22T18:26:12","guid":{"rendered":"https:\/\/www.europesays.com\/fr\/266208\/"},"modified":"2025-07-22T18:26:12","modified_gmt":"2025-07-22T18:26:12","slug":"lukraine-liquide-ses-agences-anticorruption-la-russie-liquide-la-liberte-sur-internet","status":"publish","type":"post","link":"https:\/\/www.europesays.com\/fr\/266208\/","title":{"rendered":"L\u2019Ukraine liquide ses agences anticorruption, la Russie liquide la libert\u00e9 sur Internet"},"content":{"rendered":"<p>Vous avez rat\u00e9 les derniers \u00e9v\u00e9nements sur la <a href=\"https:\/\/www.20minutes.fr\/monde\/ukraine\/\" class=\"color-ultramarine c-link\" target=\"_blank\" rel=\"noopener\">guerre en Ukraine<\/a>\u00a0? 20 Minutes fait le point pour vous tous les soirs. Voici l\u2019essentiel de ce mardi 22\u00a0juillet, 1.245e jour du conflit.<\/p>\n<p>Le fait du jour<\/p>\n<p>Les d\u00e9put\u00e9s ukrainiens ont adopt\u00e9 ce mardi une loi qui liquide l\u2019ind\u00e9pendance des deux institutions charg\u00e9es de la lutte anticorruption. Ce vote intervient au lendemain de l\u2019arrestation contest\u00e9e d\u2019un responsable, travaillant dans l\u2019une de ces structures, accus\u00e9 d\u2019espionnage pour le compte de la <a href=\"https:\/\/www.20minutes.fr\/monde\/russie\/\" class=\"color-ultramarine c-link\" target=\"_blank\" rel=\"noopener\">Russie<\/a>. Il a suscit\u00e9 les critiques de militants et <a href=\"https:\/\/www.20minutes.fr\/dossier\/ong\" class=\"color-ultramarine c-link\" target=\"_blank\" rel=\"noopener\">ONG<\/a> en Ukraine qui s\u2019inqui\u00e8tent d\u2019un possible recul d\u00e9mocratique dans le pays, en pleine guerre contre la Russie depuis l\u2019invasion \u00e0 grande \u00e9chelle lanc\u00e9e par Moscou en f\u00e9vrier\u00a02022.<\/p>\n<p>La Commission europ\u00e9enne, par la voix de la commissaire charg\u00e9e de l\u2019\u00e9largissement de l\u2019<a href=\"https:\/\/www.20minutes.fr\/dossier\/ue\" class=\"color-ultramarine c-link\" target=\"_blank\" rel=\"noopener\">Union europ\u00e9enne<\/a>, Marta Kos, s\u2019est dite \u00ab\u00a0profond\u00e9ment pr\u00e9occup\u00e9e\u00a0\u00bb par le vote de mardi, estimant qu\u2019il s\u2019agissait d\u2019un \u00ab\u00a0s\u00e9rieux recul\u00a0\u00bb de l\u2019Ukraine en mati\u00e8re de lutte contre la corruption. Le respect de \u00ab\u00a0l\u2019Etat de droit reste au c\u0153ur des n\u00e9gociations d\u2019adh\u00e9sion\u00a0\u00bb de l\u2019Ukraine \u00e0 l\u2019UE, a-t-elle ajout\u00e9. La corruption est un mal end\u00e9mique en Ukraine depuis de nombreuses ann\u00e9es mais le pays avait fait des progr\u00e8s en cr\u00e9ant notamment, respectivement en\u00a02014 et en\u00a02015, une instance d\u2019enqu\u00eate, le Nabu, et un parquet d\u00e9di\u00e9, le SAP, sp\u00e9cialis\u00e9 dans ces affaires.<\/p>\n<\/p>\n<p>La d\u00e9claration du jour<\/p>\n<blockquote class=\"mx-m@xs mx-xxl@md color-ultramarine c-citation\">\n<p class=\"font-weight-regular@xs text-italic font-source-serif-pro text-l@xs c-citation__content\">\u00ab\u00a0Il n\u2019y a bien s\u00fbr aucune raison d\u2019esp\u00e9rer des avanc\u00e9es miraculeuses, mais nous avons l\u2019intention de d\u00e9fendre nos int\u00e9r\u00eats, de les garantir et d\u2019accomplir les t\u00e2ches que nous nous sommes fix\u00e9es d\u00e8s le d\u00e9part.\u00a0\u00bb<\/p>\n<\/blockquote>\n<p>Il ne faudra pas s\u2019attendre \u00e0 de grandes surprises, mercredi, lors des prochaines n\u00e9gociations entre Russes et Ukrainiens pr\u00e9vues en <a href=\"https:\/\/www.20minutes.fr\/monde\/turquie\/\" class=\"color-ultramarine c-link\" target=\"_blank\" rel=\"noopener\">Turquie<\/a>. <a href=\"https:\/\/www.20minutes.fr\/monde\/moscou\/\" class=\"color-ultramarine c-link\" target=\"_blank\" rel=\"noopener\">Moscou<\/a> devrait maintenir ses conditions maximalistes pour mettre fin \u00e0 son assaut militaire. Cette troisi\u00e8me session de pourparlers directs \u00e0 <a href=\"https:\/\/www.20minutes.fr\/monde\/istanbul\/\" class=\"color-ultramarine c-link\" target=\"_blank\" rel=\"noopener\">Istanbul<\/a> interviendra une nouvelle fois sous la pression du pr\u00e9sident am\u00e9ricain <a href=\"https:\/\/www.20minutes.fr\/dossier\/donald_trump\" class=\"color-ultramarine c-link\" target=\"_blank\" rel=\"noopener\">Donald Trump<\/a>, qui a donn\u00e9 \u00e0 la Russie 50 jours pour parvenir \u00e0 un accord avec Kiev, sous peine de sanctions s\u00e9v\u00e8res.<\/p>\n<p>Le chiffre du jour<\/p>\n<p>6. Au moins cinq personnes ont \u00e9t\u00e9 tu\u00e9es en Russie et dans les territoires occup\u00e9s et une personne est morte en Ukraine mardi dans des frappes crois\u00e9es. Trois personnes sont notamment mortes et trois se trouvent dans un \u00e9tat grave apr\u00e8s une attaque de drone ukrainienne sur un bus dans la partie de la r\u00e9gion de Kherson occup\u00e9e par les forces russes dans le sud de l\u2019Ukraine, a indiqu\u00e9 le gouverneur install\u00e9 par Moscou, Vladimir Saldo, sur <a href=\"https:\/\/www.20minutes.fr\/high-tech\/telegram\/\" class=\"color-ultramarine c-link\" target=\"_blank\" rel=\"noopener\">Telegram<\/a>. En Russie, un homme est d\u00e9c\u00e9d\u00e9 de ses blessures apr\u00e8s une frappe ukrainienne qui a touch\u00e9 une voiture dans le village de Leonovka dans la r\u00e9gion frontali\u00e8re de Belgorod, a affirm\u00e9 mardi matin sur Telegram le gouverneur Viatcheslav Gladkov.<\/p>\n<p>Deux personnes ont \u00e9galement \u00e9t\u00e9 bless\u00e9es dans une frappe de drone ukrainien sur une voiture dans le village de Brovnitchi, dans la r\u00e9gion de Briansk, selon le gouverneur Alexandre Bogomaz. Le minist\u00e8re russe de la D\u00e9fense a indiqu\u00e9 que 35 drones ukrainiens ont \u00e9t\u00e9 intercept\u00e9s dans la nuit, dont trois dans la r\u00e9gion de Moscou<\/p>\n<p>La tendance du jour<\/p>\n<p>Les d\u00e9put\u00e9s russes ont ent\u00e9rin\u00e9 mardi en troisi\u00e8me lecture une loi pr\u00e9voyant la punition des recherches sur <a href=\"https:\/\/www.20minutes.fr\/dossier\/internet\" class=\"color-ultramarine c-link\" target=\"_blank\" rel=\"noopener\">Internet<\/a> de contenus class\u00e9s \u00ab\u00a0extr\u00e9mistes\u00a0\u00bb. Une accentuation de la r\u00e9pression dans le pays, malgr\u00e9 l\u2019opposition d\u2019une soixantaine de parlementaires. Quelques heures avant le vote, plusieurs militants et une journaliste du quotidien russe Kommersant ont \u00e9t\u00e9 arr\u00eat\u00e9s pour avoir particip\u00e9 \u00e0 une action de protestation contre cette loi devant le si\u00e8ge de la <a href=\"https:\/\/www.20minutes.fr\/dossier\/douma\" target=\"_blank\" class=\"color-ultramarine c-link\" rel=\"noopener\">Douma<\/a>, la chambre basse du Parlement.<\/p>\n<p>Des perquisitions ont eu lieu le m\u00eame jour dans les locaux du m\u00e9dia en ligne Baza, pourtant r\u00e9put\u00e9 proche des forces de l\u2019ordre. La r\u00e9daction se dit sans nouvelles de son r\u00e9dacteur en chef et de plusieurs employ\u00e9s. Prenant la forme d\u2019une cha\u00eene Telegram, l\u2019une des plus suivies de Russie avec plus de 1,6\u00a0million d\u2019abonn\u00e9s, Baza est connue pour la publication d\u2019informations exclusives suppos\u00e9ment obtenues gr\u00e2ce \u00e0 ses liens avec la police. La r\u00e9daction a indiqu\u00e9 ne pas conna\u00eetre les motifs de ces perquisitions.<\/p>\n","protected":false},"excerpt":{"rendered":"Vous avez rat\u00e9 les derniers \u00e9v\u00e9nements sur la guerre en Ukraine\u00a0? 20 Minutes fait le point pour vous&hellip;\n","protected":false},"author":2,"featured_media":266209,"comment_status":"","ping_status":"","sticky":false,"template":"","format":"standard","meta":{"footnotes":""},"categories":[1591],"tags":[47,11,1770,1887,131,310,74,1916,12,8013,1885,1886,132],"class_list":{"0":"post-266208","1":"post","2":"type-post","3":"status-publish","4":"format-standard","5":"has-post-thumbnail","7":"category-russie","8":"tag-actualite","9":"tag-actualites","10":"tag-corruption","11":"tag-federation-de-russie","12":"tag-guerre-en-ukraine","13":"tag-internet","14":"tag-monde","15":"tag-moscou","16":"tag-news","17":"tag-russe","18":"tag-russia","19":"tag-russian-federation","20":"tag-russie"},"share_on_mastodon":{"url":"https:\/\/pubeurope.com\/@fr\/114898297389646940","error":""},"_links":{"self":[{"href":"https:\/\/www.europesays.com\/fr\/wp-json\/wp\/v2\/posts\/266208","targetHints":{"allow":["GET"]}}],"collection":[{"href":"https:\/\/www.europesays.com\/fr\/wp-json\/wp\/v2\/posts"}],"about":[{"href":"https:\/\/www.europesays.com\/fr\/wp-json\/wp\/v2\/types\/post"}],"author":[{"embeddable":true,"href":"https:\/\/www.europesays.com\/fr\/wp-json\/wp\/v2\/users\/2"}],"replies":[{"embeddable":true,"href":"https:\/\/www.europesays.com\/fr\/wp-json\/wp\/v2\/comments?post=266208"}],"version-history":[{"count":0,"href":"https:\/\/www.europesays.com\/fr\/wp-json\/wp\/v2\/posts\/266208\/revisions"}],"wp:featuredmedia":[{"embeddable":true,"href":"https:\/\/www.europesays.com\/fr\/wp-json\/wp\/v2\/media\/266209"}],"wp:attachment":[{"href":"https:\/\/www.europesays.com\/fr\/wp-json\/wp\/v2\/media?parent=266208"}],"wp:term":[{"taxonomy":"category","embeddable":true,"href":"https:\/\/www.europesays.com\/fr\/wp-json\/wp\/v2\/categories?post=266208"},{"taxonomy":"post_tag","embeddable":true,"href":"https:\/\/www.europesays.com\/fr\/wp-json\/wp\/v2\/tags?post=266208"}],"curies":[{"name":"wp","href":"https:\/\/api.w.org\/{rel}","templated":true}]}}