{"id":26621,"date":"2025-04-15T13:32:10","date_gmt":"2025-04-15T13:32:10","guid":{"rendered":"https:\/\/www.europesays.com\/fr\/26621\/"},"modified":"2025-04-15T13:32:10","modified_gmt":"2025-04-15T13:32:10","slug":"grosse-amertume-pour-tech3-apres-la-perte-du-podium","status":"publish","type":"post","link":"https:\/\/www.europesays.com\/fr\/26621\/","title":{"rendered":"Grosse amertume pour Tech3 apr\u00e8s la perte du podium"},"content":{"rendered":"<p>Pour la premi\u00e8re fois cette saison, on a bien cru qu&rsquo;une KTM allait valider un podium, gr\u00e2ce \u00e0 la deuxi\u00e8me place de <a href=\"https:\/\/fr.motorsport.com\/driver\/maverick-vinales\/96553\/\" target=\"_blank\" rel=\"noopener\">Maverick Vi\u00f1ales<\/a> sous le drapeau \u00e0 damier de Losail, dimanche. C&rsquo;\u00e9tait sans compter sur la p\u00e9nalit\u00e9 de 16 secondes re\u00e7ue dans l&rsquo;heure qui a suivi et qui a fait d\u00e9gringoler l&rsquo;Espagnol dans la hi\u00e9rarchie finale.<\/p>\n<p>Cela faisait suite \u00e0 une enqu\u00eate pour non-respect des pressions pneumatiques r\u00e9glementaires, dont l&rsquo;ouverture a \u00e9t\u00e9 annonc\u00e9e d\u00e8s l&rsquo;arriv\u00e9e du Grand Prix comme cela est de coutume d\u00e9sormais. Ce type d&rsquo;annonce ne laisse g\u00e9n\u00e9ralement que peu de place au doute quant \u00e0 la sanction qui attend le pilote, m\u00eame si Tech3 a connu l&rsquo;an dernier une situation contraire lorsque <a href=\"https:\/\/fr.motorsport.com\/driver\/pedro-acosta\/840236\/\" target=\"_blank\" rel=\"noopener\">Pedro Acosta<\/a> a \u00e9t\u00e9 plac\u00e9 sous enqu\u00eate en Indon\u00e9sie avant finalement d&rsquo;\u00eatre \u00e9pargn\u00e9 par toute p\u00e9nalit\u00e9.<\/p>\n<p>Lire aussi :<\/p>\n<p>Cette fois, l&rsquo;\u00e9quipe fran\u00e7aise n&rsquo;y a pas \u00e9chapp\u00e9 et Nicolas Goyon, son team manager, a avou\u00e9 son amertume. \u00ab\u00a0Il est \u00e9vident que nous quittons le Qatar avec un \u00e9norme go\u00fbt amer apr\u00e8s avoir re\u00e7u une p\u00e9nalit\u00e9 tardive\u00a0\u00bb, a-t-il d\u00e9clar\u00e9 dans la soir\u00e9e de dimanche.<\/p>\n<p>\u00ab\u00a0Maverick Vi\u00f1ales a r\u00e9alis\u00e9 un week-end incroyable, en obtenant sa meilleure qualification de la saison. Aujourd&rsquo;hui, il a fait preuve d&rsquo;un niveau de performance incroyable, en pilotant \u00e0 un rythme \u00e9lev\u00e9 et en se battant avec les meilleurs aux avant-postes. La moto \u00e9tait rapide et il a r\u00e9alis\u00e9 <a href=\"https:\/\/fr.motorsport.com\/motogp\/results\/2025\/gp-du-qatar-654420\/?st=FL\" target=\"_self\" rel=\"noopener\">le deuxi\u00e8me meilleur tour en course<\/a>, donc tout fonctionnait bien.\u00a0\u00bb<\/p>\n<p>\u00ab\u00a0Malheureusement, nous avons \u00e9cop\u00e9 d&rsquo;une p\u00e9nalit\u00e9 \u00e0 cause d&rsquo;une pression pneumatique basse, une r\u00e8gle qui peut parfois \u00eatre injuste, mais le r\u00e8glement est le r\u00e8glement et nous devons l&rsquo;accepter. Cela n&rsquo;enl\u00e8ve rien \u00e0 sa performance, que nous allons garder \u00e0 l&rsquo;esprit en nous rendant \u00e0 la prochaine manche, alors merci Maverick pour ce solide week-end.\u00a0\u00bb<\/p>\n<blockquote>\n<p>Le r\u00e8glement est le r\u00e8glement et nous devons l&rsquo;accepter. Cela n&rsquo;enl\u00e8ve rien \u00e0 sa performance.<\/p>\n<\/blockquote>\n<p>Apr\u00e8s un d\u00e9but d&rsquo;ann\u00e9e pour le moins \u00e9prouvant pour le groupe KTM, la course men\u00e9e par Maverick Vi\u00f1ales sous les projecteurs de Losail a de toute \u00e9vidence apport\u00e9 beaucoup de baume au c\u0153ur, bien qu&rsquo;il ait ensuite fallu c\u00e9der le troph\u00e9e de la deuxi\u00e8me place \u00e0 <a href=\"https:\/\/fr.motorsport.com\/driver\/pecco-bagnaia\/109394\/\" target=\"_blank\" rel=\"noopener\">Pecco Bagnaia<\/a>.<\/p>\n<p>Aki Ajo, team manager de l&rsquo;\u00e9quipe d&rsquo;usine, veut retenir des progr\u00e8s g\u00e9n\u00e9ralis\u00e9s pour l&rsquo;ensemble des pilotes et l&rsquo;\u00e9lan que la prestation de Vi\u00f1ales peut apporter aux troupes. \u00ab\u00a0Le fait que Maverick ait eu le potentiel pour monter sur le podium est important pour toute la famille KTM et cela va donner une motivation suppl\u00e9mentaire \u00e0 tous ceux qui sont impliqu\u00e9s dans le projet\u00a0\u00bb,\u00a0a comment\u00e9 le Finlandais.<\/p>\n<p>\u00ab\u00a0Maintenant, nous allons pousser encore plus fort. Malheureusement, nous avons ensuite \u00e9t\u00e9 p\u00e9nalis\u00e9s pour la pression des pneus, mais les r\u00e8gles sont strictes et cela fait partie de la course. Je tiens malgr\u00e9 tout \u00e0 remercier tout le monde pour ce qui a \u00e9t\u00e9 fait.\u00a0\u00bb<\/p>\n<p>Lire aussi :<\/p>\n<p><img decoding=\"async\" class=\"sizer\" draggable=\"false\" src=\"data:image\/png;base64,iVBORw0KGgoAAAANSUhEUgAAABAAAAAJCAYAAAA7KqwyAAAAGXRFWHRTb2Z0d2FyZQBBZG9iZSBJbWFnZVJlYWR5ccllPAAAABpJREFUeNpi\/P\/\/PwMlgImBQjBqwLAwACDAAOVfAw9\/ZDvcAAAAAElFTkSuQmCC\" alt=\"\" loading=\"lazy\"\/><\/p>\n<p class=\"title\">VID\u00c9O &#8211; R\u00c9SUM\u00c9 : Les meilleurs moments du GP du Qatar<\/p>\n<p>Dans cet article<\/p>\n<p>    L\u00e9na Buffa\n<\/p>\n<p>    MotoGP\n<\/p>\n<p>    Maverick Vi\u00f1ales\n<\/p>\n<p>    Tech 3\n<\/p>\n<p>Soyez le premier inform\u00e9 et souscrivez aux alertes mails pour recevoir les infos en temps r\u00e9el<\/p>\n<p>    S&rsquo;abonner aux alertes de news<\/p>\n","protected":false},"excerpt":{"rendered":"Pour la premi\u00e8re fois cette saison, on a bien cru qu&rsquo;une KTM allait valider un podium, gr\u00e2ce \u00e0&hellip;\n","protected":false},"author":2,"featured_media":26622,"comment_status":"","ping_status":"","sticky":false,"template":"","format":"standard","meta":{"footnotes":""},"categories":[1413],"tags":[1011,27,3596,3597,5712,1457,1456,1458,60,3374],"class_list":{"0":"post-26621","1":"post","2":"type-post","3":"status-publish","4":"format-standard","5":"has-post-thumbnail","7":"category-moto","8":"tag-fr","9":"tag-france","10":"tag-gp-du-qatar","11":"tag-losail-international-circuit","12":"tag-maverick-viu00f1ales","13":"tag-moto","14":"tag-motocycle","15":"tag-motogp","16":"tag-sports","17":"tag-tech-3"},"share_on_mastodon":{"url":"https:\/\/pubeurope.com\/@fr\/114342234894234211","error":""},"_links":{"self":[{"href":"https:\/\/www.europesays.com\/fr\/wp-json\/wp\/v2\/posts\/26621","targetHints":{"allow":["GET"]}}],"collection":[{"href":"https:\/\/www.europesays.com\/fr\/wp-json\/wp\/v2\/posts"}],"about":[{"href":"https:\/\/www.europesays.com\/fr\/wp-json\/wp\/v2\/types\/post"}],"author":[{"embeddable":true,"href":"https:\/\/www.europesays.com\/fr\/wp-json\/wp\/v2\/users\/2"}],"replies":[{"embeddable":true,"href":"https:\/\/www.europesays.com\/fr\/wp-json\/wp\/v2\/comments?post=26621"}],"version-history":[{"count":0,"href":"https:\/\/www.europesays.com\/fr\/wp-json\/wp\/v2\/posts\/26621\/revisions"}],"wp:featuredmedia":[{"embeddable":true,"href":"https:\/\/www.europesays.com\/fr\/wp-json\/wp\/v2\/media\/26622"}],"wp:attachment":[{"href":"https:\/\/www.europesays.com\/fr\/wp-json\/wp\/v2\/media?parent=26621"}],"wp:term":[{"taxonomy":"category","embeddable":true,"href":"https:\/\/www.europesays.com\/fr\/wp-json\/wp\/v2\/categories?post=26621"},{"taxonomy":"post_tag","embeddable":true,"href":"https:\/\/www.europesays.com\/fr\/wp-json\/wp\/v2\/tags?post=26621"}],"curies":[{"name":"wp","href":"https:\/\/api.w.org\/{rel}","templated":true}]}}