{"id":266210,"date":"2025-07-22T18:27:10","date_gmt":"2025-07-22T18:27:10","guid":{"rendered":"https:\/\/www.europesays.com\/fr\/266210\/"},"modified":"2025-07-22T18:27:10","modified_gmt":"2025-07-22T18:27:10","slug":"les-raisons-du-revirement-de-trump-face-a-poutine","status":"publish","type":"post","link":"https:\/\/www.europesays.com\/fr\/266210\/","title":{"rendered":"les raisons du revirement de Trump face \u00e0 Poutine"},"content":{"rendered":"<p>            <a href=\"https:\/\/www.lefigaro.fr\/international\/trump-menace-de-poursuivre-le-wsj-pour-un-article-lui-attribuant-une-lettre-salace-a-epstein-20250718\" class=\"fig-ranking-profile-link\" data-fig-domain=\"LEFIGARO\" target=\"_blank\" rel=\"noopener\"><\/p>\n<p>        Donald Trump aurait envoy\u00e9 une lettre \u00e0 caract\u00e8re sexuel \u00e0 Jeffrey Epstein, selon le Wall Street Journal<\/p>\n<p>                                                <\/a><\/p>\n<p>        <img   class=\"fig-img fig-ranking-profile-media-small-picture__photo\" alt=\"Donald Trump aurait envoy\u00e9 une lettre \u00e0 caract\u00e8re sexuel \u00e0 Jeffrey Epstein, selon le Wall Street Journal\" height=\"2001\" width=\"3000\"\/><\/p>\n<p class=\"fig-ranking-profile-standfirst\">\n    Le pr\u00e9sident am\u00e9ricain, qui peine \u00e0 d\u00e9tacher son nom de cette affaire, a qualifi\u00e9 l\u2019article de \u00abfaux, malveillant et diffamatoire\u00bb.\n<\/p>\n<p>            <a href=\"https:\/\/www.lefigaro.fr\/international\/l-ancien-president-russe-dmitri-medvedev-suggere-de-lancer-des-frappes-preventives-contre-l-occident-20250717\" class=\"fig-ranking-profile-link\" data-fig-domain=\"LEFIGARO\" target=\"_blank\" rel=\"noopener\"><\/p>\n<p>        L\u2019ancien pr\u00e9sident russe Dmitri Medvedev sugg\u00e8re de \u00ab\u00a0lancer des frappes pr\u00e9ventives\u00a0\u00bb contre l\u2019Occident<\/p>\n<p>                                                <\/a><\/p>\n<p>        <img   class=\"fig-img fig-ranking-profile-media-small-picture__photo\" alt=\"L\u2019ancien pr\u00e9sident russe Dmitri Medvedev sugg\u00e8re de \u00ab\u00a0lancer des frappes pr\u00e9ventives\u00a0\u00bb contre l\u2019Occident\" height=\"2001\" width=\"3000\"\/><\/p>\n<p class=\"fig-ranking-profile-standfirst\">\n    Proche de Vladimir Poutine, l\u2019ancien pr\u00e9sident russe est un habitu\u00e9 des sorties belliqueuses fracassantes, hostiles aux pays occidentaux.\n<\/p>\n<p>            <a href=\"https:\/\/www.lefigaro.fr\/international\/une-voiture-fonce-dans-la-foule-a-los-angeles-plus-de-20-blesses-20250719\" class=\"fig-ranking-profile-link\" data-fig-domain=\"LEFIGARO\" target=\"_blank\" rel=\"noopener\"><\/p>\n<p>        Une voiture fonce dans la foule \u00e0 Los Angeles\u00a0: le conducteur inculp\u00e9 pour \u00abviolences volontaires\u00bb<\/p>\n<p>                                                <\/a><\/p>\n<p>        <img   class=\"fig-img fig-ranking-profile-media-small-picture__photo\" alt=\"Une voiture fonce dans la foule \u00e0 Los Angeles\u00a0: le conducteur inculp\u00e9 pour \u00abviolences volontaires\u00bb\" height=\"812\" width=\"1444\"\/><\/p>\n<p class=\"fig-ranking-profile-standfirst\">\n    Selon des m\u00e9dias am\u00e9ricains, l\u2019homme s\u2019\u00e9tait vu refuser l\u2019entr\u00e9e dans la bo\u00eete de nuit, situ\u00e9e \u00e0 East Hollywood, juste avant les faits. L\u2019examen d\u2019images vid\u00e9o a \u00e9tabli qu\u2019il s\u2019agit d\u2019\u00abun acte intentionnel\u00bb, a d\u00e9clar\u00e9 le capitaine du LAPD Ben Fernandes, cit\u00e9 par le Los Angeles Times.<\/p>\n","protected":false},"excerpt":{"rendered":"Donald Trump aurait envoy\u00e9 une lettre \u00e0 caract\u00e8re sexuel \u00e0 Jeffrey Epstein, selon le Wall Street Journal Le&hellip;\n","protected":false},"author":2,"featured_media":266211,"comment_status":"","ping_status":"","sticky":false,"template":"","format":"standard","meta":{"footnotes":""},"categories":[1590],"tags":[11,75,1777,674,131,12,220,135],"class_list":{"0":"post-266210","1":"post","2":"type-post","3":"status-publish","4":"format-standard","5":"has-post-thumbnail","7":"category-ukraine","8":"tag-actualites","9":"tag-donald-trump","10":"tag-eu","11":"tag-europe","12":"tag-guerre-en-ukraine","13":"tag-news","14":"tag-ukraine","15":"tag-vladimir-poutine"},"share_on_mastodon":{"url":"https:\/\/pubeurope.com\/@fr\/114898301290131969","error":""},"_links":{"self":[{"href":"https:\/\/www.europesays.com\/fr\/wp-json\/wp\/v2\/posts\/266210","targetHints":{"allow":["GET"]}}],"collection":[{"href":"https:\/\/www.europesays.com\/fr\/wp-json\/wp\/v2\/posts"}],"about":[{"href":"https:\/\/www.europesays.com\/fr\/wp-json\/wp\/v2\/types\/post"}],"author":[{"embeddable":true,"href":"https:\/\/www.europesays.com\/fr\/wp-json\/wp\/v2\/users\/2"}],"replies":[{"embeddable":true,"href":"https:\/\/www.europesays.com\/fr\/wp-json\/wp\/v2\/comments?post=266210"}],"version-history":[{"count":0,"href":"https:\/\/www.europesays.com\/fr\/wp-json\/wp\/v2\/posts\/266210\/revisions"}],"wp:featuredmedia":[{"embeddable":true,"href":"https:\/\/www.europesays.com\/fr\/wp-json\/wp\/v2\/media\/266211"}],"wp:attachment":[{"href":"https:\/\/www.europesays.com\/fr\/wp-json\/wp\/v2\/media?parent=266210"}],"wp:term":[{"taxonomy":"category","embeddable":true,"href":"https:\/\/www.europesays.com\/fr\/wp-json\/wp\/v2\/categories?post=266210"},{"taxonomy":"post_tag","embeddable":true,"href":"https:\/\/www.europesays.com\/fr\/wp-json\/wp\/v2\/tags?post=266210"}],"curies":[{"name":"wp","href":"https:\/\/api.w.org\/{rel}","templated":true}]}}