{"id":266212,"date":"2025-07-22T18:28:14","date_gmt":"2025-07-22T18:28:14","guid":{"rendered":"https:\/\/www.europesays.com\/fr\/266212\/"},"modified":"2025-07-22T18:28:14","modified_gmt":"2025-07-22T18:28:14","slug":"etats-unis-trump-attaque-obama-pour-faire-oublier-laffaire-epstein","status":"publish","type":"post","link":"https:\/\/www.europesays.com\/fr\/266212\/","title":{"rendered":"\u00c9tats-Unis: Trump attaque Obama pour faire oublier l\u2019affaire Epstein"},"content":{"rendered":"<p>Publi\u00e922. juillet 2025, 19:55<\/p>\n<p>\u00c9tats-Unis: Trump attaque Obama pour faire oublier l\u2019affaire Epstein<\/p>\n<p>Alors qu&rsquo;il recevait Ferdinand Marcos Jr, le pr\u00e9sident a tent\u00e9 de rediriger l\u2019attention sur son pr\u00e9d\u00e9cesseur.<\/p>\n<p><img loading=\"lazy\" decoding=\"async\" src=\"https:\/\/www.europesays.com\/fr\/wp-content\/uploads\/2025\/07\/dc838f52-9d1a-4fd4-a528-b3ce828171e5.jpg\" alt=\"Donald Trump alors qu'il recevait le pr\u00e9sident philippin Ferdinand Marcos Jr dans le Bureau ovale. Le pr\u00e9sident am\u00e9ricain s\u2019est lanc\u00e9 dans plusieurs tirades virulentes visant particuli\u00e8rement Barack Obama.\" title=\"Donald Trump alors qu'il recevait le pr\u00e9sident philippin Ferdinand Marcos Jr dans le Bureau ovale. Le pr\u00e9sident am\u00e9ricain s\u2019est lanc\u00e9 dans plusieurs tirades virulentes visant particuli\u00e8rement Barack Obama.\"  width=\"1200\" height=\"675\"\/><\/p>\n<p>Donald Trump alors qu&rsquo;il recevait le pr\u00e9sident philippin Ferdinand Marcos Jr dans le Bureau ovale. Le pr\u00e9sident am\u00e9ricain s\u2019est lanc\u00e9 dans plusieurs tirades virulentes visant particuli\u00e8rement Barack Obama.<\/p>\n<p>Getty Images via AFP<\/p>\n<p>Emp\u00eatr\u00e9 dans l\u2019affaire Epstein, Donald Trump essaie de rediriger l\u2019attention de ses partisans et de l\u2019opinion publique vers Barack Obama. L&rsquo;ancien pr\u00e9sident est l&rsquo;objet d\u2019attaques de plus en plus virulentes et a \u00e9t\u00e9 accus\u00e9 de \u00abtrahison\u00bb, mardi.<\/p>\n<p>Alors qu\u2019il recevait le pr\u00e9sident philippin Ferdinand Marcos Jr dans le Bureau ovale, le dirigeant r\u00e9publicain a \u00e9t\u00e9 interrog\u00e9 sur les derniers rebondissements du dossier ultrasensible de Jeffrey Epstein, riche financier mort en cellule en 2019 avant son proc\u00e8s pour crimes sexuels.<\/p>\n<p>\u00abJe ne suis pas cela de tr\u00e8s pr\u00e8s\u00bb, a assur\u00e9 Donald Trump, accus\u00e9 par certains partisans de ne pas tenir ses promesses de faire toute la lumi\u00e8re sur les relations de Jeffrey Epstein, dont il a lui-m\u00eame \u00e9t\u00e9 proche.<\/p>\n<p>Puis le pr\u00e9sident am\u00e9ricain s\u2019est lanc\u00e9 dans plusieurs tirades virulentes, prolong\u00e9es et par moment d\u00e9cousues, visant particuli\u00e8rement l\u2019ancien pr\u00e9sident d\u00e9mocrate Barack Obama, selon lui \u00abcoupable\u00bb de \u00abtrahison\u00bb.<\/p>\n<p>Il l\u2019a d\u00e9peint en \u00abchef de gang\u00bb et a assur\u00e9 avoir des \u00abpreuves irr\u00e9futables\u00bb que son pr\u00e9d\u00e9cesseur d\u00e9mocrate \u00abtentait de monter un coup d\u2019\u00c9tat\u00bb. \u00abVoil\u00e0 ce dont vous devriez r\u00e9ellement parler\u00bb, a lanc\u00e9 le pr\u00e9sident r\u00e9publicain aux journalistes, apr\u00e8s avoir accabl\u00e9 la presse de critiques.<\/p>\n<p>Donald Trump accuse Barack Obama, mais aussi Hillary Clinton, son adversaire malheureuse lors de la pr\u00e9sidentielle de 2016, d\u2019avoir propag\u00e9 de fausses informations dans le but de lui nuire sur une possible ing\u00e9rence russe dans la campagne qui l\u2019a men\u00e9 \u00e0 la Maison-Blanche pour la premi\u00e8re fois.<\/p>\n<p>Le r\u00e9publicain a toujours d\u00e9nonc\u00e9 les conclusions des services de renseignement am\u00e9ricains, qui affirment que Moscou a men\u00e9 une campagne d\u2019intrusions informatiques et de manipulation des r\u00e9seaux sociaux pour favoriser la premi\u00e8re \u00e9lection de Donald Trump et discr\u00e9diter Hillary Clinton.<\/p>\n<p>Mais ses attaques dans cette affaire, et plus sp\u00e9cialement contre Barack Obama, pr\u00e9sident de 2009 \u00e0 2017, ont redoubl\u00e9 d\u2019ardeur ces derniers jours, alors que l\u2019affaire Epstein faisait \u00e0 nouveau la une.<\/p>\n<p>Dimanche, il avait diffus\u00e9 sur son r\u00e9seau Truth Social une vid\u00e9o, vraisemblablement g\u00e9n\u00e9r\u00e9e par intelligence artificielle, montrant Barack Obama arr\u00eat\u00e9 dans le Bureau ovale par deux agents du FBI, la police f\u00e9d\u00e9rale, au son du tube \u00abYMCA\u00bb des Village People.<\/p>\n<p>\u00abIl est temps de traquer des gens\u00bb, a dit Donald Trump mardi en indiquant que le minist\u00e8re de la Justice avait la main pour lancer d\u2019\u00e9ventuelles poursuites.<\/p>\n<p>(AFP)<\/p>\n","protected":false},"excerpt":{"rendered":"Publi\u00e922. juillet 2025, 19:55 \u00c9tats-Unis: Trump attaque Obama pour faire oublier l\u2019affaire Epstein Alors qu&rsquo;il recevait Ferdinand Marcos&hellip;\n","protected":false},"author":2,"featured_media":266213,"comment_status":"","ping_status":"","sticky":false,"template":"","format":"standard","meta":{"footnotes":""},"categories":[1589],"tags":[11,73,1866,12,1864,1865,1863,308],"class_list":{"0":"post-266212","1":"post","2":"type-post","3":"status-publish","4":"format-standard","5":"has-post-thumbnail","7":"category-etats-unis","8":"tag-actualites","9":"tag-etats-unis","10":"tag-etats-unis-damerique","11":"tag-news","12":"tag-united-states","13":"tag-united-states-of-america","14":"tag-us","15":"tag-usa"},"share_on_mastodon":{"url":"https:\/\/pubeurope.com\/@fr\/114898305331227700","error":""},"_links":{"self":[{"href":"https:\/\/www.europesays.com\/fr\/wp-json\/wp\/v2\/posts\/266212","targetHints":{"allow":["GET"]}}],"collection":[{"href":"https:\/\/www.europesays.com\/fr\/wp-json\/wp\/v2\/posts"}],"about":[{"href":"https:\/\/www.europesays.com\/fr\/wp-json\/wp\/v2\/types\/post"}],"author":[{"embeddable":true,"href":"https:\/\/www.europesays.com\/fr\/wp-json\/wp\/v2\/users\/2"}],"replies":[{"embeddable":true,"href":"https:\/\/www.europesays.com\/fr\/wp-json\/wp\/v2\/comments?post=266212"}],"version-history":[{"count":0,"href":"https:\/\/www.europesays.com\/fr\/wp-json\/wp\/v2\/posts\/266212\/revisions"}],"wp:featuredmedia":[{"embeddable":true,"href":"https:\/\/www.europesays.com\/fr\/wp-json\/wp\/v2\/media\/266213"}],"wp:attachment":[{"href":"https:\/\/www.europesays.com\/fr\/wp-json\/wp\/v2\/media?parent=266212"}],"wp:term":[{"taxonomy":"category","embeddable":true,"href":"https:\/\/www.europesays.com\/fr\/wp-json\/wp\/v2\/categories?post=266212"},{"taxonomy":"post_tag","embeddable":true,"href":"https:\/\/www.europesays.com\/fr\/wp-json\/wp\/v2\/tags?post=266212"}],"curies":[{"name":"wp","href":"https:\/\/api.w.org\/{rel}","templated":true}]}}