{"id":266222,"date":"2025-07-22T18:33:09","date_gmt":"2025-07-22T18:33:09","guid":{"rendered":"https:\/\/www.europesays.com\/fr\/266222\/"},"modified":"2025-07-22T18:33:09","modified_gmt":"2025-07-22T18:33:09","slug":"ozzy-osbourne-legende-du-heavy-metal-et-chanteur-de-black-sabbath-est-mort-a-lage-de-76-ans","status":"publish","type":"post","link":"https:\/\/www.europesays.com\/fr\/266222\/","title":{"rendered":"Ozzy Osbourne, l\u00e9gende du heavy metal et chanteur de Black Sabbath, est mort \u00e0 l\u2019\u00e2ge de 76 ans"},"content":{"rendered":"<p>Le chanteur de Black Sabbath est d\u00e9c\u00e9d\u00e9 \u00abentour\u00e9 d\u2019amour\u00bb, ont d\u00e9clar\u00e9 ses proches dans un communiqu\u00e9. \u00abC\u2019est avec une tristesse que les mots ne peuvent exprimer que nous devons annoncer que notre bien-aim\u00e9 Ozzy Osbourne nous a quitt\u00e9s ce matin.\u00bb<\/p>\n<p class=\"fig-paragraph\">La l\u00e9gende du heavy metal\u00a0<a href=\"https:\/\/www.lefigaro.fr\/musique\/2016\/08\/04\/03006-20160804ARTFIG00113-ozzy-osbourne-revele-qu-il-suit-une-therapie-pour-addiction-sexuelle.php\" target=\"_blank\" data-fig-type=\"Article\" rel=\"noopener\" data-gtm-custom-categorie=\"navigation\" data-gtm-custom-action=\"crossclick\" data-gtm-custom-label=\"Contextuel\" data-gtm-event=\"customEventSPE\" data-fig-domain=\"LEFIGARO\">Ozzy Osbourne<\/a>\u00a0est morte \u00e0 l\u2019\u00e2ge de 76 ans, ont annonc\u00e9 plusieurs m\u00e9dias britanniques ce mardi 22 juillet, dont The Sun et The Mirror.<\/p>\n<p class=\"fig-paragraph\">Surnomm\u00e9 le \u00abPrince des t\u00e9n\u00e8bres\u00bb en raison de ses frasques dans la vie priv\u00e9e, le chanteur du groupe Black Sabbath s\u2019\u00e9tait distingu\u00e9 avec ses tubes Parano\u00efd, No More Tears, Crazy Train ou War Pigs.<\/p>\n<p>                                    <a class=\"fig-a11y-skip a11y-hidden\" href=\"#fig-a11y-skip-main-inarticle\"><br \/>\n        Passer la publicit\u00e9<br \/>\n    <\/a><\/p>\n<p class=\"fig-paragraph\">Il est d\u00e9c\u00e9d\u00e9 \u00abentour\u00e9 d\u2019amour\u00bb, ont d\u00e9clar\u00e9 ses proches dans un communiqu\u00e9. \u00abC\u2019est avec une tristesse que les mots ne peuvent exprimer que nous devons annoncer que notre bien-aim\u00e9 Ozzy Osbourne nous a quitt\u00e9s ce matin.\u00bb\u00a0<\/p>\n<p>Atteint de la maladie de Parkinson<\/p>\n<p class=\"fig-paragraph\">Il luttait depuis plusieurs ann\u00e9es contre la maladie de\u00a0<a href=\"http:\/\/sante.lefigaro.fr\/medecine\/maladie-de-parkinson-les-enjeux-de-la-recherche-pour-delivrer-la-dopamine-autrement-20250722\" target=\"_blank\" data-fig-type=\"Article\" rel=\"noopener\" data-gtm-custom-categorie=\"navigation\" data-gtm-custom-action=\"crossclick\" data-gtm-custom-label=\"Contextuel\" data-gtm-event=\"customEventSPE\" data-fig-domain=\"SANTE\">Parkinson<\/a>, ce qui l\u2019avait contraint \u00e0 annuler certains \u00e9v\u00e9nements publics. Il avait toutefois r\u00e9ussi \u00e0 se produire \u00e0 Birmingham, lors d\u2019un\u00a0<a href=\"http:\/\/www.lefigaro.fr\/musique\/ozzy-osbourne-fait-ses-adieux-a-black-sabbath-lors-d-un-ultime-concert-a-birmingham-20250707\" target=\"_blank\" data-fig-type=\"NewsFlash\" rel=\"noopener\" data-gtm-custom-categorie=\"navigation\" data-gtm-custom-action=\"crossclick\" data-gtm-custom-label=\"Contextuel\" data-gtm-event=\"customEventSPE\" data-fig-domain=\"LEFIGARO\">grand concert intitul\u00e9 Back To The Beginning, d\u00e9but juillet.<\/a><\/p>\n<p class=\"fig-paragraph\">Titulaire d\u2019une \u00e9toile sur le Hollywood Walk of Fame, Ozzy Osbourne a aussi \u00e9t\u00e9 laur\u00e9at en 2008 du prestigieux prix\u00a0Living Legend\u00a0au\u00a0Classic Rock Roll of Honor.<\/p>\n","protected":false},"excerpt":{"rendered":"Le chanteur de Black Sabbath est d\u00e9c\u00e9d\u00e9 \u00abentour\u00e9 d\u2019amour\u00bb, ont d\u00e9clar\u00e9 ses proches dans un communiqu\u00e9. \u00abC\u2019est avec&hellip;\n","protected":false},"author":2,"featured_media":266223,"comment_status":"","ping_status":"","sticky":false,"template":"","format":"standard","meta":{"footnotes":""},"categories":[2],"tags":[11,1011,27,12,36722,25],"class_list":{"0":"post-266222","1":"post","2":"type-post","3":"status-publish","4":"format-standard","5":"has-post-thumbnail","7":"category-actualites","8":"tag-actualites","9":"tag-fr","10":"tag-france","11":"tag-news","12":"tag-ozzy-osbourne","13":"tag-republique-francaise"},"share_on_mastodon":{"url":"https:\/\/pubeurope.com\/@fr\/114898324996012921","error":""},"_links":{"self":[{"href":"https:\/\/www.europesays.com\/fr\/wp-json\/wp\/v2\/posts\/266222","targetHints":{"allow":["GET"]}}],"collection":[{"href":"https:\/\/www.europesays.com\/fr\/wp-json\/wp\/v2\/posts"}],"about":[{"href":"https:\/\/www.europesays.com\/fr\/wp-json\/wp\/v2\/types\/post"}],"author":[{"embeddable":true,"href":"https:\/\/www.europesays.com\/fr\/wp-json\/wp\/v2\/users\/2"}],"replies":[{"embeddable":true,"href":"https:\/\/www.europesays.com\/fr\/wp-json\/wp\/v2\/comments?post=266222"}],"version-history":[{"count":0,"href":"https:\/\/www.europesays.com\/fr\/wp-json\/wp\/v2\/posts\/266222\/revisions"}],"wp:featuredmedia":[{"embeddable":true,"href":"https:\/\/www.europesays.com\/fr\/wp-json\/wp\/v2\/media\/266223"}],"wp:attachment":[{"href":"https:\/\/www.europesays.com\/fr\/wp-json\/wp\/v2\/media?parent=266222"}],"wp:term":[{"taxonomy":"category","embeddable":true,"href":"https:\/\/www.europesays.com\/fr\/wp-json\/wp\/v2\/categories?post=266222"},{"taxonomy":"post_tag","embeddable":true,"href":"https:\/\/www.europesays.com\/fr\/wp-json\/wp\/v2\/tags?post=266222"}],"curies":[{"name":"wp","href":"https:\/\/api.w.org\/{rel}","templated":true}]}}