{"id":266230,"date":"2025-07-22T18:38:14","date_gmt":"2025-07-22T18:38:14","guid":{"rendered":"https:\/\/www.europesays.com\/fr\/266230\/"},"modified":"2025-07-22T18:38:14","modified_gmt":"2025-07-22T18:38:14","slug":"rugby-pro-d2-a-23-ans-on-cherche-encore-a-progresser-alexandre-perez-un-diamant-a-polir-a-louverture-pour-lus-carcassonne","status":"publish","type":"post","link":"https:\/\/www.europesays.com\/fr\/266230\/","title":{"rendered":"Rugby \u2013 Pro D2\u00a0: \u00ab\u00a0\u00c0 23 ans, on cherche encore \u00e0 progresser\u00a0\u00bb, Alexandre Perez, un diamant \u00e0 polir \u00e0 l\u2019ouverture pour l\u2019US Carcassonne"},"content":{"rendered":"<p>\n                                                                Le jeune demi d\u2019ouverture form\u00e9 \u00e0 l\u2019USAP qui s\u2019est illustr\u00e9 la saison derni\u00e8re \u00e0 Tarbes, r\u00eave de se faire une place au soleil au pied de la Cit\u00e9, en Pro D2.\n                            <\/p>\n<p>En rugby, la liaison Perpignan-Carcassonne a toujours formidablement fonctionn\u00e9. C\u2019est m\u00eame devenu un trajet si fr\u00e9quent\u00e9, qu\u2019elle s\u2019assimile presque aujourd\u2019hui \u00e0 une ligne Tr\u00e8s Grande Vitesse.<\/p>\n<p>Avec des passagers souvent prestigieux, voire VIP. Il y eut ainsi dans un proche pass\u00e9 Ovidiu Tonita (2012-2016), Gilles Bosch (2013-2015 puis 2017-2020), Fabien Grammatico (2014-2020), Maxime Oltmann (2017-2020), Romuald Seguy (2019-2021), Rapha\u00ebl Carbou (2020-2025), Ga\u00ebtan Pichon (2020-2022, puis depuis 2023), Pierre Reynaud (2021-2023), Baptiste Moreno (depuis 2023), Corentin Bousquet (depuis 2023), Lilian Pichon (depuis 2024)\u2026 Auquel se rajoute \u00e0 pr\u00e9sent Alexandre Perez (23 ans, 1m75, 78\u00a0kg). Une v\u00e9ritable \u2018\u2019Catalane Connexion\u2019\u2019\u00a0\u2026<\/p>\n<p>Hasard de la p\u00e9riode, en comptant le manager Bernard Goutta arriv\u00e9 au pied de la Cit\u00e9 en d\u00e9cembre dernier, Alexandre Perez est le treizi\u00e8me renfort issu de la formation usapiste. Treize, un chiffre porte-bonheur\u00a0? \u00ab\u00a0Exactement\u00a0! J\u2019\u00e9tais aussi en contact avec Chamb\u00e9ry. Carcassonne, du coup, me rapproche de Perpignan o\u00f9 il y a toute ma famille. Et en plus de \u00e7a, je rejoins Corentin Bousquet qui est mon meilleur ami depuis que j\u2019ai trois ans. On a jou\u00e9 enfant dans le m\u00eame club. Lilian Pichon est aussi un de mes tr\u00e8s bons amis aussi. \u00c7a a jou\u00e9 dans mon choix. Enfin, le projet que Bernard Goutta m\u2019a pr\u00e9sent\u00e9 m\u2019a vraiment plu\u2026 Donc, j\u2019ai choisi Carcassonne sans h\u00e9sitation. Et par chance, le club acc\u00e8de \u00e0 la Pro D2 au terme d\u2019une finale \u00e0 laquelle j\u2019ai d\u2019ailleurs assist\u00e9.\u00a0\u00bb<\/p>\n<p>Des premiers pas \u00e0 l\u2019ESC-BAC-ASP\u2026<\/p>\n<p>Apr\u00e8s des d\u00e9buts en culottes courtes \u00e0 l\u2019\u00e9cole de rugby de l\u2019Entente Peyrestortes, Baixas, Espira de l\u2019Agly de 2007\/2014, Alexandre Perez int\u00e8gre le club fleuron du d\u00e9partement, l\u2019USAP en 2014. Il y passe dix ans, dispute en 2021 une finale Espoirs contre le Stade Toulousain, participe \u00e0 quelques stages nationaux en U20, \u00e0 cinq matches de Top 14, quatre en challenge cup, mais demande en mai\u00a02024 \u00e0 \u00eatre lib\u00e9r\u00e9 de sa derni\u00e8re ann\u00e9e de contrat.<\/p>\n<p>\u00ab\u00a0Il y avait beaucoup de concurrence. Tarbes m\u2019avait contact\u00e9. Je savais que j\u2019allais continuer en espoirs et faire deux, trois feuilles avec l\u2019USAP. \u00c7a ne m\u2019int\u00e9ressait pas trop. Je pr\u00e9f\u00e9rais avoir beaucoup plus de temps de jeu en Nationale.\u00a0\u00bb<\/p>\n<p>\u00a0<\/p>\n<p class=\"std-elt__inline\">\n        <strong>\u00c0 lire aussi :<\/strong><br \/>\n        <a href=\"https:\/\/www.lindependant.fr\/2025\/06\/21\/rugby-a-xv-pro-d2-lus-carcassonne-annonce-la-signature-dun-numero-10-forme-a-lusap-et-prolonge-son-demi-de-melee-yvan-david-12777503.php\" rel=\"nofollow noopener\" target=\"_blank\">Rugby \u00e0 XV \u2013 Pro D2\u00a0: l\u2019US Carcassonne annonce la signature d\u2019un num\u00e9ro\u00a010 form\u00e9 \u00e0 l\u2019USAP, et prolonge son demi de m\u00eal\u00e9e Yvan David<\/a>\n    <\/p>\n<p>Un an plus tard, le bilan est flatteur pour le Catalan de naissance qui poss\u00e8de des racines audoises notamment quillanaises du c\u00f4t\u00e9 paternel\u00a0: vingt matches disput\u00e9s dont dix-sept en tant que titulaire, cent-soixante-et dix-sept points inscrits (4 essais dont deux contre Carcassonne, 35 p\u00e9nalit\u00e9s, 26 transformations), il termine m\u00eame meilleur r\u00e9alisateur du Stado\u00a0! Et ce malgr\u00e9 un exercice pr\u00e9matur\u00e9ment interrompu le 1er\u00a0mars dernier \u00e0 Langon (succ\u00e8s 22-23) sur un gros KO et une m\u00e2choire fractur\u00e9e.<\/p>\n<p>Pas suffisant toutefois pour effacer une premi\u00e8re en Nationale en tout point r\u00e9ussie. \u00ab\u00a0Le changement fut sp\u00e9cial car Tarbes, ce n\u2019est pas Perpignan. Mais je me suis super bien adapt\u00e9. Le niveau est forc\u00e9ment un peu plus faible que le Top 14, mais beaucoup plus \u00e9lev\u00e9 que le championnat espoirs qui a beaucoup moins de visibilit\u00e9 que par le pass\u00e9. Donc finalement, \u00e7a a \u00e9t\u00e9 b\u00e9n\u00e9fique pour moi. Dans ma t\u00eate, je partais vraiment pour m\u2019aguerrir, avoir du temps de jeu et l\u2019espoir ensuite de rebondir ailleurs.\u00a0\u00bb\u00a0Et le pari r\u00e9ussi<\/p>\n<p>\u2026 jusqu\u2019\u00e0 la Pro D2 avec l\u2019USC<\/p>\n<p>En effet, il tape dans l\u2019\u0153il des sergents recruteurs carcassonnais qui obtiennent sa signature pour deux saisons (2025-2027). \u00ab\u00a0Par chance, mes deux meilleurs matches de la saison furent contre Carcassonne\u00a0\u00bb, lance humblement l\u2019int\u00e9ress\u00e9. Bon buteur, g\u00e9n\u00e9reux dans l\u2019effort et les prises d\u2019initiatives, dot\u00e9 d\u2019appuis et d\u2019une vitesse d\u2019ex\u00e9cution qui lui permettent de casser les d\u00e9fenses adverses, Alexandre Perez a souvent crev\u00e9 l\u2019\u00e9cran sous les couleurs tarbaises.<\/p>\n<p class=\"std-elt__inline\">\n        <strong>\u00c0 lire aussi :<\/strong><br \/>\n        <a href=\"https:\/\/www.lindependant.fr\/2025\/07\/10\/rugby-pro-d2-un-debut-a-aurillac-quatre-deplacements-sur-les-six-premiers-matches-lus-carcassonne-connait-son-calendrier-pour-la-saison-2025-2026-12818007.php\" rel=\"nofollow noopener\" target=\"_blank\">Rugby \u2013 Pro D2\u00a0: un d\u00e9but \u00e0 Aurillac, quatre d\u00e9placements sur les six premiers matches, l\u2019US Carcassonne conna\u00eet son calendrier pour la saison 2025-2026<\/a>\n    <\/p>\n<p>Tant et si bien qu\u2019aujourd\u2019hui, il veut plus loin et plus grand. \u00ab\u00a0Mon objectif \u00e0 Carcassonne, c\u2019est d\u2019avoir le plus de temps de jeu possible et apporter \u00e0 l\u2019\u00e9quipe. \u00c0 23 ans, on cherche encore \u00e0 progresser. Apr\u00e8s, je sais qu\u2019il y a de la concurrence forte avec Johnny et Gabin. Mais tant que c\u2019est de la concurrence saine, c\u2019est b\u00e9n\u00e9fique pour tous. Je vais d\u00e9couvrir le championnat de Pro D2 qui est une comp\u00e9tition de plus en plus dure. On voit que le maintien, tout comme le Top 6, se joue de plus en plus lors des derni\u00e8res journ\u00e9es. Il faut donc \u00eatre r\u00e9gulier toute l\u2019ann\u00e9e, aller chercher des points le plus possible l\u00e0 o\u00f9 tu peux et gagner le plus possible \u00e0 la maison. C\u2019est un championnat dur, qui va plus vite que la Nationale et qui tape plus fort. Il faut \u00eatre pr\u00eat.\u00a0\u00bb<\/p>\n","protected":false},"excerpt":{"rendered":"Le jeune demi d\u2019ouverture form\u00e9 \u00e0 l\u2019USAP qui s\u2019est illustr\u00e9 la saison derni\u00e8re \u00e0 Tarbes, r\u00eave de se&hellip;\n","protected":false},"author":2,"featured_media":266231,"comment_status":"","ping_status":"","sticky":false,"template":"","format":"standard","meta":{"footnotes":""},"categories":[1416],"tags":[1011,27,479,1468,60],"class_list":{"0":"post-266230","1":"post","2":"type-post","3":"status-publish","4":"format-standard","5":"has-post-thumbnail","7":"category-rugby","8":"tag-fr","9":"tag-france","10":"tag-rugby","11":"tag-rugby-football","12":"tag-sports"},"share_on_mastodon":{"url":"https:\/\/pubeurope.com\/@fr\/114898344579932639","error":""},"_links":{"self":[{"href":"https:\/\/www.europesays.com\/fr\/wp-json\/wp\/v2\/posts\/266230","targetHints":{"allow":["GET"]}}],"collection":[{"href":"https:\/\/www.europesays.com\/fr\/wp-json\/wp\/v2\/posts"}],"about":[{"href":"https:\/\/www.europesays.com\/fr\/wp-json\/wp\/v2\/types\/post"}],"author":[{"embeddable":true,"href":"https:\/\/www.europesays.com\/fr\/wp-json\/wp\/v2\/users\/2"}],"replies":[{"embeddable":true,"href":"https:\/\/www.europesays.com\/fr\/wp-json\/wp\/v2\/comments?post=266230"}],"version-history":[{"count":0,"href":"https:\/\/www.europesays.com\/fr\/wp-json\/wp\/v2\/posts\/266230\/revisions"}],"wp:featuredmedia":[{"embeddable":true,"href":"https:\/\/www.europesays.com\/fr\/wp-json\/wp\/v2\/media\/266231"}],"wp:attachment":[{"href":"https:\/\/www.europesays.com\/fr\/wp-json\/wp\/v2\/media?parent=266230"}],"wp:term":[{"taxonomy":"category","embeddable":true,"href":"https:\/\/www.europesays.com\/fr\/wp-json\/wp\/v2\/categories?post=266230"},{"taxonomy":"post_tag","embeddable":true,"href":"https:\/\/www.europesays.com\/fr\/wp-json\/wp\/v2\/tags?post=266230"}],"curies":[{"name":"wp","href":"https:\/\/api.w.org\/{rel}","templated":true}]}}