{"id":266233,"date":"2025-07-22T18:40:13","date_gmt":"2025-07-22T18:40:13","guid":{"rendered":"https:\/\/www.europesays.com\/fr\/266233\/"},"modified":"2025-07-22T18:40:13","modified_gmt":"2025-07-22T18:40:13","slug":"de-jolis-derbies-et-quelques-belles-affiches","status":"publish","type":"post","link":"https:\/\/www.europesays.com\/fr\/266233\/","title":{"rendered":"De jolis derbies et quelques belles affiches"},"content":{"rendered":"<p>                            <img decoding=\"async\" class=\"img-fluid thumbnail__news\" src=\"https:\/\/www.europesays.com\/fr\/wp-content\/uploads\/2025\/07\/bccab3f2-5979-4b54-8c49-55cbfa7dfaad.jpg\" alt=\"De jolis derbies et quelques belles affiches\"\/><\/p>\n<p>Vainqueur du Troph\u00e9e masculin 2025, Beyssac-Beaupuy-Marmande participera cette ann\u00e9e \u00e0 la Coupe France Robert Busnel &#8211; Lo\u00efc Wacziak <\/p>\n<p>                                                        Le tirage au sort du 1er tour de la Coupe de France masculine, Troph\u00e9e Robert Busnel, a \u00e9t\u00e9 effectu\u00e9 ce mardi 22 juillet 2025 par Alain Salmon, Vice-Pr\u00e9sident de la FFBB &#8211; D\u00e9l\u00e9gation Comp\u00e9titions. Ce tour aura lieu le samedi 13 septembre prochain \u00e0 20h00.<\/p>\n<p>Le 1er tour de la Coupe de France concernera 46 \u00e9quipes. 19 seront issues du championnat Elite 2, 26 de la Nationale Masculine 1 et le vainqueur du Troph\u00e9e masculin 2025 : Beyssac-Beaupuy-Marmande (NM2). Le tirage a \u00e9t\u00e9 effectu\u00e9 par zone g\u00e9ographique qui nous offrira de jolis derbies et quelques belles affiches \u00e0 l&rsquo;image de la rencontre entre Blois et Orl\u00e9ans, deux pensionnaires d&rsquo;Elite 2.<\/p>\n<p><strong>Programme du 1er tour de la Coupe de France<\/strong><br \/>Samedi 13 septembre \u00e0 20h00<br \/>Lyon (NM1) &#8211; Saint-Vallier (NM1)<br \/>Fos-sur-Mer (NM1, +7) &#8211; Hy\u00e8res-Toulon (Elite 2)<br \/>Salon de Provence (NM1, +7) &#8211; Antibes (Elite 2)<br \/>Roanne (Elite 2) &#8211; Aix-Maurienne (Elite 2)<br \/>Saint-Chamond-Andr\u00e9zieux (Elite 2) &#8211; Vichy (Elite 2)<br \/>Les Sables d&rsquo;Olonne (NM1, +7) &#8211; Poitiers (Elite 2)<br \/>Toulouse (NM1) &#8211; Tarbes-Lourdes (NM1)<br \/>Beyssac-Beaupuy-Marmande (NM2, +14) &#8211; Pau-Lacq-Orthez (Elite 2)<br \/>Foug\u00e8res (NM1) &#8211; Lorient (NM1)<br \/>Rennes (NM1, +7) &#8211; Nantes (Elite 2)<br \/>Angers (NM1, +7) &#8211; Challans (Elite 2)<br \/>Vitr\u00e9 (NM1, +7) &#8211; Quimper (Elite 2)<br \/>Tours (NM1, +7) &#8211; Caen (Elite 2)<br \/>Chartres (NM1, +7) &#8211; Evreux (Elite 2)<br \/>Le Havre (NM1, +7) &#8211; Rouen (Elite 2)<br \/>Blois (Elite 2) &#8211; Orl\u00e9ans (Elite 2)<br \/>Orchies (NM1) &#8211; Levallois (NM1)<br \/>Poissy (NM1) &#8211; Val de Seine (NM1)<br \/>Boulogne-sur-Mer (NM1, +7) &#8211; Denain (Elite 2)<br \/>Loon Plage (NM1) &#8211; Berck-Rang-du-Fliers (NM1)<br \/>Charleville-M\u00e9zi\u00e8res (NM1) &#8211; Metz (NM1)<br \/>Ch\u00e2lons-Reims (Elite 2) &#8211; Gries-Souffelweyersheim (Elite 2)<br \/>Mulhouse (NM1) &#8211; Besan\u00e7on (NM1)<\/p>\n<p>Vous pouvez d&rsquo;ores-et-d\u00e9j\u00e0 vous inscire \u00e0 l&rsquo;<a href=\"https:\/\/billetterie.ffbb.com\/fr\" target=\"_blank\" rel=\"noopener nofollow\">alerting billetterie<\/a> pour les finales 2026 pour vivre cette ann\u00e9e encore des finales compl\u00e8tements folles.<\/p><\/p>\n","protected":false},"excerpt":{"rendered":"Vainqueur du Troph\u00e9e masculin 2025, Beyssac-Beaupuy-Marmande participera cette ann\u00e9e \u00e0 la Coupe France Robert Busnel &#8211; Lo\u00efc Wacziak&hellip;\n","protected":false},"author":2,"featured_media":266234,"comment_status":"","ping_status":"","sticky":false,"template":"","format":"standard","meta":{"footnotes":""},"categories":[1414],"tags":[1465,1464,1011,27,60],"class_list":{"0":"post-266233","1":"post","2":"type-post","3":"status-publish","4":"format-standard","5":"has-post-thumbnail","7":"category-basket","8":"tag-basket","9":"tag-basketball","10":"tag-fr","11":"tag-france","12":"tag-sports"},"share_on_mastodon":{"url":"https:\/\/pubeurope.com\/@fr\/114898352438125625","error":""},"_links":{"self":[{"href":"https:\/\/www.europesays.com\/fr\/wp-json\/wp\/v2\/posts\/266233","targetHints":{"allow":["GET"]}}],"collection":[{"href":"https:\/\/www.europesays.com\/fr\/wp-json\/wp\/v2\/posts"}],"about":[{"href":"https:\/\/www.europesays.com\/fr\/wp-json\/wp\/v2\/types\/post"}],"author":[{"embeddable":true,"href":"https:\/\/www.europesays.com\/fr\/wp-json\/wp\/v2\/users\/2"}],"replies":[{"embeddable":true,"href":"https:\/\/www.europesays.com\/fr\/wp-json\/wp\/v2\/comments?post=266233"}],"version-history":[{"count":0,"href":"https:\/\/www.europesays.com\/fr\/wp-json\/wp\/v2\/posts\/266233\/revisions"}],"wp:featuredmedia":[{"embeddable":true,"href":"https:\/\/www.europesays.com\/fr\/wp-json\/wp\/v2\/media\/266234"}],"wp:attachment":[{"href":"https:\/\/www.europesays.com\/fr\/wp-json\/wp\/v2\/media?parent=266233"}],"wp:term":[{"taxonomy":"category","embeddable":true,"href":"https:\/\/www.europesays.com\/fr\/wp-json\/wp\/v2\/categories?post=266233"},{"taxonomy":"post_tag","embeddable":true,"href":"https:\/\/www.europesays.com\/fr\/wp-json\/wp\/v2\/tags?post=266233"}],"curies":[{"name":"wp","href":"https:\/\/api.w.org\/{rel}","templated":true}]}}