{"id":266235,"date":"2025-07-22T18:41:11","date_gmt":"2025-07-22T18:41:11","guid":{"rendered":"https:\/\/www.europesays.com\/fr\/266235\/"},"modified":"2025-07-22T18:41:11","modified_gmt":"2025-07-22T18:41:11","slug":"la-conclusion-de-bagnaia-a-brno","status":"publish","type":"post","link":"https:\/\/www.europesays.com\/fr\/266235\/","title":{"rendered":"la conclusion de Bagnaia \u00e0 Brno"},"content":{"rendered":"<p>&#13;<\/p>\n<p><strong>Absent du podium \u00e0 Brno, Francesco Bagnaia a d\u00e9cr\u00e9t\u00e9 que son co\u00e9quipier Marc Marquez \u00e9tait tout simplement sup\u00e9rieur \u00e0 lui lors du Grand Prix de Tch\u00e9quie, o\u00f9 la Ducati ne semblait pas aussi \u00e0 l&rsquo;aise qu&rsquo;habituellement.<\/strong><\/p>\n<p><strong>Domin\u00e9 par Marc Marquez :<\/strong> \u00ab Seul Marc pouvait faire la diff\u00e9rence avec notre moto. Je ne sais pas pourquoi, mais c&rsquo;\u00e9tait difficile de piloter la GP25 ici, et lui seul pouvait faire la diff\u00e9rence, surtout dans les virages \u00e0 gauche. J&rsquo;ai essay\u00e9 de faire la diff\u00e9rence dans les virages \u00e0 droite, mais je n&rsquo;y suis pas parvenu. J&rsquo;ai trouv\u00e9 l&rsquo;Aprilia et la KTM tr\u00e8s incisives. \u00bb<\/p>\n<p><strong>Le retard sur Marc Marquez :<\/strong> \u00ab Se battre pour le titre cette ann\u00e9e n&rsquo;est plus possible. Nous connaissons le projet, m\u00eame si cette ann\u00e9e je ne sens pas que je le connaisse aussi bien. Nous essayons de progresser, m\u00eame si l&rsquo;ADN de la Ducati ne s&rsquo;adapte pas \u00e0 mes qualit\u00e9s avvec l&rsquo;avant. Il faut tenir bon mais en \u00e9tant r\u00e9aliste, car dans cette position il est difficile de lutter contre Marc et pour le titre. Il faut repartir d&rsquo;un autre point\u00a0: rattraper Alex (Marquez), le pilote qui me pr\u00e9c\u00e8de au classement, et \u00eatre pr\u00eat en 2026. \u00bb<\/p>\n<p><strong>En difficult\u00e9 en 2025 :<\/strong> \u00ab Depuis la Tha\u00eflande, mon probl\u00e8me a \u00e9t\u00e9 le freinage et l&rsquo;entr\u00e9e en virage. J&rsquo;\u00e9tais tr\u00e8s comp\u00e9titif, j&rsquo;\u00e9tais m\u00eame l&rsquo;un des pilotes les plus difficiles \u00e0 d\u00e9passer, mais maintenant, je suis le plus mauvais. J&rsquo;ai beaucoup de probl\u00e8mes, car tout le monde me double parce qu&rsquo;au freinage, soit je file tout droit, soit je m&rsquo;\u00e9carte. Malheureusement, il n&rsquo;y a aucun moyen d&rsquo;arr\u00eater la moto\u00a0: quand je freine fort, je n&rsquo;arrive pas \u00e0 arr\u00eater la Ducati, mais quand je suis moins agressif, j&rsquo;ai beaucoup de mal \u00e0 revenir en piste. \u00bb<\/p>\n<p><strong>En difficult\u00e9 \u00e0 Brno :<\/strong> \u00ab Au d\u00e9but, je ne pouvais pas exploiter le freinage et l&rsquo;entr\u00e9e (en virage), puis j&rsquo;ai cherch\u00e9 un autre moyen d&rsquo;\u00eatre rapide, mais c&rsquo;est notre limite. \u00c0 mi-course, j&rsquo;ai pu mieux g\u00e9rer la motricit\u00e9 arri\u00e8re, car les sensations de freinage et d&rsquo;entr\u00e9e \u00e9taient similaires. Malheureusement, comme je n&rsquo;ai pas eu de FP2 sur le sec, je n&rsquo;ai pas pu bien g\u00e9rer les cartographies, et plus j&rsquo;enlevais la traction, plus les pneus se d\u00e9gradaient. Ce fut mon souci du week-end. Pedro \u00e9tait encore fort, et m\u00eame si je l&rsquo;avais redoubl\u00e9, je n&rsquo;aurais pas pu finir devant. Cependant, j&rsquo;esp\u00e8re trouver une solution t\u00f4t ou tard. \u00bb<\/p>\n<p><strong>Pas de solution : <\/strong>\u00ab Je ne pense pas que nous progresserons. Peut-\u00eatre qu&rsquo;aux tests de fin d&rsquo;ann\u00e9e, nous pourrons mieux comprendre. Nous ne progresserons certainement pas\u00a0; nous pourrons peut-\u00eatre simplement nous adapter. le Grand Prix d&rsquo;Autriche est la prochaine course, j&rsquo;ai toujours r\u00e9ussi \u00e0 y faire la diff\u00e9rence, on verra bien. \u00bb<\/p>\n<p>&#13;<br \/>\n           &#13;<br \/>\n&#13;<br \/>\n    &#13;<br \/>\n    &#13;<\/p>\n","protected":false},"excerpt":{"rendered":"&#13; Absent du podium \u00e0 Brno, Francesco Bagnaia a d\u00e9cr\u00e9t\u00e9 que son co\u00e9quipier Marc Marquez \u00e9tait tout simplement&hellip;\n","protected":false},"author":2,"featured_media":266236,"comment_status":"","ping_status":"","sticky":false,"template":"","format":"standard","meta":{"footnotes":""},"categories":[1413],"tags":[1011,27,1457,1456,60],"class_list":{"0":"post-266235","1":"post","2":"type-post","3":"status-publish","4":"format-standard","5":"has-post-thumbnail","7":"category-moto","8":"tag-fr","9":"tag-france","10":"tag-moto","11":"tag-motocycle","12":"tag-sports"},"share_on_mastodon":{"url":"https:\/\/pubeurope.com\/@fr\/114898356347717239","error":""},"_links":{"self":[{"href":"https:\/\/www.europesays.com\/fr\/wp-json\/wp\/v2\/posts\/266235","targetHints":{"allow":["GET"]}}],"collection":[{"href":"https:\/\/www.europesays.com\/fr\/wp-json\/wp\/v2\/posts"}],"about":[{"href":"https:\/\/www.europesays.com\/fr\/wp-json\/wp\/v2\/types\/post"}],"author":[{"embeddable":true,"href":"https:\/\/www.europesays.com\/fr\/wp-json\/wp\/v2\/users\/2"}],"replies":[{"embeddable":true,"href":"https:\/\/www.europesays.com\/fr\/wp-json\/wp\/v2\/comments?post=266235"}],"version-history":[{"count":0,"href":"https:\/\/www.europesays.com\/fr\/wp-json\/wp\/v2\/posts\/266235\/revisions"}],"wp:featuredmedia":[{"embeddable":true,"href":"https:\/\/www.europesays.com\/fr\/wp-json\/wp\/v2\/media\/266236"}],"wp:attachment":[{"href":"https:\/\/www.europesays.com\/fr\/wp-json\/wp\/v2\/media?parent=266235"}],"wp:term":[{"taxonomy":"category","embeddable":true,"href":"https:\/\/www.europesays.com\/fr\/wp-json\/wp\/v2\/categories?post=266235"},{"taxonomy":"post_tag","embeddable":true,"href":"https:\/\/www.europesays.com\/fr\/wp-json\/wp\/v2\/tags?post=266235"}],"curies":[{"name":"wp","href":"https:\/\/api.w.org\/{rel}","templated":true}]}}