{"id":266245,"date":"2025-07-22T18:46:18","date_gmt":"2025-07-22T18:46:18","guid":{"rendered":"https:\/\/www.europesays.com\/fr\/266245\/"},"modified":"2025-07-22T18:46:18","modified_gmt":"2025-07-22T18:46:18","slug":"figure-de-larchitecture-rennaise-le-breton-jean-gerard-carre-est-decede","status":"publish","type":"post","link":"https:\/\/www.europesays.com\/fr\/266245\/","title":{"rendered":"\u00ab\u00a0Figure de l\u2019architecture rennaise\u00a0\u00bb, le Breton Jean-G\u00e9rard Carr\u00e9 est d\u00e9c\u00e9d\u00e9"},"content":{"rendered":"<p>\u00c0 l\u2019aube de ses 99 ans, Jean-G\u00e9rard Carr\u00e9 est d\u00e9c\u00e9d\u00e9, vendredi 18 juillet 2025. Pass\u00e9 par l\u2019\u00e9cole d\u2019architecture de la capitale bretonne, il a fa\u00e7onn\u00e9 la m\u00e9tropole rennaise pendant les Trente Glorieuses (1945-1973). Il a notamment construit 1 500 logements sociaux au Gros-Ch\u00eane, \u00e0 Maurepas, et contribu\u00e9 \u00e0 la construction de zones \u00e0 urbaniser en priorit\u00e9 (Zup) de Villejean et du Blosne.<\/p>\n<p>\u00ab Une tranche de vie de notre ville \u00bb<\/p>\n<p>Maire de Rennes et pr\u00e9sidente de la m\u00e9tropole, Nathalie App\u00e9r\u00e9 pr\u00e9sente Jean-G\u00e9rard Carr\u00e9 comme \u00ab une figure de l\u2019architecture rennaise et du logement social \u00bb.<\/p>\n<p>Elle poursuit : \u00ab C\u2019est toute une tranche de vie de notre ville, sa mixit\u00e9 sociale et fonctionnelle, qu\u2019incarne l\u2019architecture de Jean-G\u00e9rard Carr\u00e9 qui fut, de fait, un grand b\u00e2tisseur de notre territoire \u00bb.<\/p>\n","protected":false},"excerpt":{"rendered":"\u00c0 l\u2019aube de ses 99 ans, Jean-G\u00e9rard Carr\u00e9 est d\u00e9c\u00e9d\u00e9, vendredi 18 juillet 2025. Pass\u00e9 par l\u2019\u00e9cole d\u2019architecture&hellip;\n","protected":false},"author":2,"featured_media":266246,"comment_status":"","ping_status":"","sticky":false,"template":"","format":"standard","meta":{"footnotes":""},"categories":[1358],"tags":[1350,1348,1384,1385,1386,58,59,1011,27,1391,584,1352],"class_list":{"0":"post-266245","1":"post","2":"type-post","3":"status-publish","4":"format-standard","5":"has-post-thumbnail","7":"category-arts-et-design","8":"tag-architecture","9":"tag-arts","10":"tag-arts-and-design","11":"tag-arts-et-design","12":"tag-design","13":"tag-divertissement","14":"tag-entertainment","15":"tag-fr","16":"tag-france","17":"tag-necrologie","18":"tag-rennes","19":"tag-urbanisme"},"share_on_mastodon":{"url":"https:\/\/pubeurope.com\/@fr\/114898375994388350","error":""},"_links":{"self":[{"href":"https:\/\/www.europesays.com\/fr\/wp-json\/wp\/v2\/posts\/266245","targetHints":{"allow":["GET"]}}],"collection":[{"href":"https:\/\/www.europesays.com\/fr\/wp-json\/wp\/v2\/posts"}],"about":[{"href":"https:\/\/www.europesays.com\/fr\/wp-json\/wp\/v2\/types\/post"}],"author":[{"embeddable":true,"href":"https:\/\/www.europesays.com\/fr\/wp-json\/wp\/v2\/users\/2"}],"replies":[{"embeddable":true,"href":"https:\/\/www.europesays.com\/fr\/wp-json\/wp\/v2\/comments?post=266245"}],"version-history":[{"count":0,"href":"https:\/\/www.europesays.com\/fr\/wp-json\/wp\/v2\/posts\/266245\/revisions"}],"wp:featuredmedia":[{"embeddable":true,"href":"https:\/\/www.europesays.com\/fr\/wp-json\/wp\/v2\/media\/266246"}],"wp:attachment":[{"href":"https:\/\/www.europesays.com\/fr\/wp-json\/wp\/v2\/media?parent=266245"}],"wp:term":[{"taxonomy":"category","embeddable":true,"href":"https:\/\/www.europesays.com\/fr\/wp-json\/wp\/v2\/categories?post=266245"},{"taxonomy":"post_tag","embeddable":true,"href":"https:\/\/www.europesays.com\/fr\/wp-json\/wp\/v2\/tags?post=266245"}],"curies":[{"name":"wp","href":"https:\/\/api.w.org\/{rel}","templated":true}]}}