{"id":26625,"date":"2025-04-15T13:34:09","date_gmt":"2025-04-15T13:34:09","guid":{"rendered":"https:\/\/www.europesays.com\/fr\/26625\/"},"modified":"2025-04-15T13:34:09","modified_gmt":"2025-04-15T13:34:09","slug":"sur-les-paves-du-nord-une-journee-difficile-pour-les-proteams-francaises-actualite","status":"publish","type":"post","link":"https:\/\/www.europesays.com\/fr\/26625\/","title":{"rendered":"Sur les pav\u00e9s du Nord, une journ\u00e9e difficile pour les ProTeams fran\u00e7aises &#8211; Actualit\u00e9"},"content":{"rendered":"<p style=\"text-align: justify;\">Hormis FDJ-Suez (<strong><a href=\"https:\/\/www.directvelo.com\/actualite\/119873\/la-fdj-suez-a-vite-revu-ses-plans\" target=\"_blank\" rel=\"nofollow noopener\">lire ici<\/a><\/strong>), les \u00e9quipes fran\u00e7aises n\u2019ont pas v\u00e9cu une journ\u00e9e simple, samedi dernier, lors de la version Femmes de Paris-Roubaix. \u201c\u00c7a a \u00e9t\u00e9 difficile\u201c, confie Roxane Fournier, la directrice sportive de St-Michel-Preference Home-Auber 93, au micro de DirectVelo. \u201cClairement, on a fait une course assez d\u00e9cevante\u201c, glisse Arthur Quillec,\u00a0pour\u00a0Cofidis. \u201cCompliqu\u00e9\u201c, r\u00e9sume en un mot Gr\u00e9goire Le Calv\u00e9, chez Ark\u00e9a-B&amp;B H\u00f4tels.<br \/><strong><br \/>\u00ab ON PERD TOUT SUR DEUX CHUTES \u00bb<\/strong><\/p>\n<p>Ark\u00e9a-B&amp;B H\u00f4tels avait deux leaders au d\u00e9part du Cateau-Cambr\u00e9sis, Marjolein van \u2018t Geloof et Amandine Fouquenet. \u201cAmandine est tomb\u00e9e dans le premier secteur et Marjo a chut\u00e9 \u00e0 la sortie de cette premi\u00e8re section. Pourtant, on avait quatre filles dans la premi\u00e8re partie et on perd tout sur deux chutes. Ensuite, on n\u2019avait personne dans le premier peloton de 50\u201c, indique Gr\u00e9goire Le Calv\u00e9. La N\u00e9erlandaise, 4e r\u00e9cemment de Gand-Wevelgem, a d\u00fb remonter de groupe en groupe et est finalement all\u00e9e chercher un Top 25 (<strong><a href=\"https:\/\/www.directvelo.com\/actualite\/119861\/paris-roubaix-femmes-classement\" target=\"_blank\" rel=\"nofollow noopener\">voir classement<\/a><\/strong>). \u201cElle a d\u00fb chasser derri\u00e8re pour tenter de sauver les meubles. C\u2019est dommage parce qu\u2019elle marchait fort. Apr\u00e8s, c\u2019est l\u2019Enfer du Nord, il peut arriver n\u2019importe quoi, n\u2019importe quand. C\u2019est arriv\u00e9 d\u00e8s le d\u00e9but \u00e0 nos deux leaders, sachant que les trois premiers secteurs sont d\u00e9cisifs\u201c.<\/p>\n<p>De son c\u00f4t\u00e9, St-Michel-Preference Home-Auber 93 comptait sur la locale Alison Avoine. \u201cOn avait quelques ambitions avec elle. Malheureusement, elle a chut\u00e9 alors qu\u2019elle se trouvait dans le premier peloton d\u2019une quarantaine de concurrentes. Elle a chass\u00e9 de la roue avant, elle est directement tomb\u00e9e sur la t\u00eate. Sa course \u00e9tait termin\u00e9e \u00e0 partir de ce moment-l\u00e0\u201c, regrette Roxane Fournier, qui a aussi perdu\u00a0Cl\u00e9mence Ch\u00e9reau en cours de route. Les quatre autres pensionnaires de la formation francilienne ont pu rejoindre le v\u00e9lodrome de Roubaix.\u00a0M\u00eame si la premi\u00e8re d&rsquo;entre elles, Lucie Fituys se classe 57e,\u00a0leur DS\u00a0tient \u00e0 les f\u00e9liciter.\u00a0\u201cChapeau \u00e0 elles parce que \u00e7a a roul\u00e9 tr\u00e8s vite. Certaines ont 19 ans, c\u2019est leur premier Paris-Roubaix, elles ont tr\u00e8s peu d\u2019exp\u00e9rience, elles ont fait leur maximum et c\u2019est toujours de l\u2019apprentissage pour le futur\u201c.<\/p>\n<p><strong>\u00ab UN COUP DE CHAUD \u00bb<\/strong><\/p>\n<p>Chez Cofidis, le forfait de Victoire Berteau, en raison d\u2019une commotion c\u00e9r\u00e9brale survenue lors d\u2019\u00c0 Travers la Flandre, a pes\u00e9 lourd dans la balance. \u201cElle nous a manqu\u00e9, elle a toujours \u00e9t\u00e9 tr\u00e8s r\u00e9guli\u00e8re sur les pav\u00e9s\u201c, rappelle\u00a0Arthur Quillec.\u00a0Dans un premier temps, Eugenia Bujak a r\u00e9pondu pr\u00e9sent avant de se sentir mal. \u201cElle \u00e9tait dans le peloton jusqu\u2019au moment o\u00f9 \u00e7a se fait. Elle a pris un coup de chaud avec des frissons et des vomissements, elle a compl\u00e8tement explos\u00e9. Dans ce cas-l\u00e0, c\u2019est mieux d\u2019arr\u00eater que d\u2019insister. Amalie Dideriksen a aussi beaucoup souffert de la chaleur\u201c. La Danoise terminera en fond de Top 50, quelques places devant\u00a0Marion Borras. L&rsquo;Is\u00e9roise,\u00a05e de l&rsquo;\u00e9dition 2023, avait un r\u00f4le d\u2019\u00e9quipi\u00e8re pour Eugenia Bujak. \u00ab\u00a0Elle a boss\u00e9 en d\u00e9but de course. Forc\u00e9ment, le bilan n\u2019est pas satisfaisant au regard de ce que repr\u00e9sente Roubaix pour nous\u201c.<\/p>\n<p>La ProTeam fran\u00e7aise la plus en vue aura \u00e9t\u00e9 Winspace. Elle a montr\u00e9 le maillot en figurant dans l\u2019\u00e9chapp\u00e9e matinale gr\u00e2ce \u00e0 la Polonaise Aurora Nerlo, class\u00e9e 2e d\u00e9but mars du Het Nieuwsblad. \u00ab\u00a0Pour essayer d\u2019exister par rapport aux WorldTeams, une des grosses options, c\u2019est de prendre un coup d\u2019avance,\u00a0estime\u00a0Damien Pommereau dans le communiqu\u00e9 de l\u2019\u00e9quipe. Il fallait tout faire pour prendre l\u2019\u00e9chapp\u00e9e s\u2019il y en avait une. Elle a \u00e9t\u00e9 la premi\u00e8re \u00e0 rentrer sur le premier secteur de Paris-Roubaix. Nous avons montr\u00e9 que nous \u00e9tions acteurs de la course et pas passifs. Malheureusement, elles n\u2019\u00e9taient que deux \u00e0 l&rsquo;avant. Elles ont l\u00e2ch\u00e9 beaucoup de force. D\u00e8s lors qu\u2019elle a \u00e9t\u00e9 reprise, elle a essay\u00e9 de tenir dans le peloton avant d\u2019\u00eatre d\u00e9croch\u00e9e\u00a0\u00bb. Elle arrivera \u00e0 la 70e place, juste derri\u00e8re sa co\u00e9quipi\u00e8re Constance Valentin, \u00e0 plus de onze minutes de l&rsquo;h\u00e9ro\u00efne fran\u00e7aise du jour, Pauline Ferrand-Pr\u00e9vot.\u00a0<\/p>\n","protected":false},"excerpt":{"rendered":"Hormis FDJ-Suez (lire ici), les \u00e9quipes fran\u00e7aises n\u2019ont pas v\u00e9cu une journ\u00e9e simple, samedi dernier, lors de la&hellip;\n","protected":false},"author":2,"featured_media":26626,"comment_status":"","ping_status":"","sticky":false,"template":"","format":"standard","meta":{"footnotes":""},"categories":[1411],"tags":[834,828,836,829,837,827,83,826,824,823,1154,207,814,817,815,816,822,821,832,211,839,1011,27,820,818,819,835,831,830,833,838,60,212,208,825],"class_list":{"0":"post-26625","1":"post","2":"type-post","3":"status-publish","4":"format-standard","5":"has-post-thumbnail","7":"category-cyclisme","8":"tag-attaque","9":"tag-belgique","10":"tag-braquet","11":"tag-bretagne","12":"tag-chute","13":"tag-competition","14":"tag-coupe-de-france","15":"tag-coureur","16":"tag-course-cyclisme","17":"tag-course-cycliste","18":"tag-cycling","19":"tag-cyclisme","20":"tag-direct","21":"tag-direct-velo","22":"tag-directvelo","23":"tag-directvelo-com","24":"tag-epreuve","25":"tag-epreuve-cycliste","26":"tag-federation-francaise-de-cyclisme","27":"tag-ffc","28":"tag-flandres","29":"tag-fr","30":"tag-france","31":"tag-live","32":"tag-live-course","33":"tag-live-epreuve","34":"tag-peloton","35":"tag-radio-peloton","36":"tag-radio-tour","37":"tag-ravitaillement","38":"tag-relance","39":"tag-sports","40":"tag-uci","41":"tag-velo","42":"tag-velos"},"share_on_mastodon":{"url":"https:\/\/pubeurope.com\/@fr\/114342242800693325","error":""},"_links":{"self":[{"href":"https:\/\/www.europesays.com\/fr\/wp-json\/wp\/v2\/posts\/26625","targetHints":{"allow":["GET"]}}],"collection":[{"href":"https:\/\/www.europesays.com\/fr\/wp-json\/wp\/v2\/posts"}],"about":[{"href":"https:\/\/www.europesays.com\/fr\/wp-json\/wp\/v2\/types\/post"}],"author":[{"embeddable":true,"href":"https:\/\/www.europesays.com\/fr\/wp-json\/wp\/v2\/users\/2"}],"replies":[{"embeddable":true,"href":"https:\/\/www.europesays.com\/fr\/wp-json\/wp\/v2\/comments?post=26625"}],"version-history":[{"count":0,"href":"https:\/\/www.europesays.com\/fr\/wp-json\/wp\/v2\/posts\/26625\/revisions"}],"wp:featuredmedia":[{"embeddable":true,"href":"https:\/\/www.europesays.com\/fr\/wp-json\/wp\/v2\/media\/26626"}],"wp:attachment":[{"href":"https:\/\/www.europesays.com\/fr\/wp-json\/wp\/v2\/media?parent=26625"}],"wp:term":[{"taxonomy":"category","embeddable":true,"href":"https:\/\/www.europesays.com\/fr\/wp-json\/wp\/v2\/categories?post=26625"},{"taxonomy":"post_tag","embeddable":true,"href":"https:\/\/www.europesays.com\/fr\/wp-json\/wp\/v2\/tags?post=26625"}],"curies":[{"name":"wp","href":"https:\/\/api.w.org\/{rel}","templated":true}]}}