{"id":266255,"date":"2025-07-22T18:51:10","date_gmt":"2025-07-22T18:51:10","guid":{"rendered":"https:\/\/www.europesays.com\/fr\/266255\/"},"modified":"2025-07-22T18:51:10","modified_gmt":"2025-07-22T18:51:10","slug":"la-pandemie-de-covid-19-a-t-elle-fait-vieillir-nos-cerveaux-plus-vite","status":"publish","type":"post","link":"https:\/\/www.europesays.com\/fr\/266255\/","title":{"rendered":"La pand\u00e9mie de Covid-19 a-t-elle fait vieillir nos cerveaux plus vite\u00a0?"},"content":{"rendered":"<p>    Le simple fait d\u2019avoir \u00e9t\u00e9 expos\u00e9 \u00e0 la pand\u00e9mie, avec son lot de stress et de contraintes impos\u00e9es par les mesures de lutte contre le virus, a pu faire vieillir pr\u00e9matur\u00e9ment notre cerveau, avancent des chercheurs britanniques.<br \/>\n                quickshooting &#8211; stock.adobe.com<\/p>\n<p><strong>D\u00c9CRYPTAGE<\/strong> &#8211; Des imageries c\u00e9r\u00e9brales r\u00e9alis\u00e9es sur pr\u00e8s de 1000 personnes pendant et apr\u00e8s la pand\u00e9mie montrent que m\u00eame chez les personnes non infect\u00e9es, les structures c\u00e9r\u00e9brales semblent avoir pris un coup de vieux.<\/p>\n<p class=\"fig-paragraph\">Perte de concentration, troubles de la m\u00e9moire, sensation de penser au ralenti&#8230; Au lendemain de la pand\u00e9mie de Covid, ces troubles cognitifs diffus ont marqu\u00e9 le quotidien de nombreux patients. Un \u00ab\u00a0brouillard c\u00e9r\u00e9bral\u00a0\u00bb d\u00e9sormais bien connu chez les personnes atteintes de\u00a0<a href=\"http:\/\/sante.lefigaro.fr\/medecine\/covid-long-une-enigme-aux-multiples-visages-passee-au-crible-20250620\" data-fig-type=\"Article\" data-gtm-custom-categorie=\"navigation\" data-gtm-custom-action=\"crossclick\" data-gtm-custom-label=\"Contextuel\" data-gtm-event=\"customEventSPE\" data-fig-domain=\"SANTE\" rel=\"nofollow noopener\" target=\"_blank\">Covid long<\/a>. Mais la pand\u00e9mie pourrait aussi avoir affect\u00e9 la sant\u00e9 neurologique&#8230; des personnes n\u2019ayant pas \u00e9t\u00e9 infect\u00e9es par le SARS-CoV-2\u00a0! En comparant les examens d\u2019imagerie c\u00e9r\u00e9brale et les performances cognitives d\u2019un millier de personnes avant et apr\u00e8s la pand\u00e9mie, des chercheurs des universit\u00e9s de Nottingham et d\u2019Oxford sugg\u00e8rent en effet que le simple fait d\u2019avoir travers\u00e9 cette p\u00e9riode aurait pu alt\u00e9rer les structures du cerveau, des modifications qui s\u2019apparenteraient \u00e0 celles d\u2019un vieillissement pr\u00e9matur\u00e9. La pand\u00e9mie a-t-elle fait vieillir nos cerveaux\u00a0?<\/p>\n<p class=\"fig-paragraph\">Pour parvenir \u00e0 cette conclusion, les chercheurs,\u00a0<a href=\"https:\/\/www.nature.com\/articles\/s41467-025-61033-4\" target=\"_blank\" rel=\"sponsored noopener nofollow\" data-gtm-custom-categorie=\"navigation\" data-gtm-custom-action=\"crossclick\" data-gtm-custom-label=\"Contextuel\" data-gtm-event=\"customEventSPE\">qui publient leurs r\u00e9sultats dans Nature Communications<\/a>, ont entra\u00een\u00e9 un algorithme d\u2019apprentissage\u2026<\/p>\n<p class=\"fig-premium-paywall__infos\">\n        Cet article est r\u00e9serv\u00e9 aux abonn\u00e9s.        Il vous reste 86% \u00e0 d\u00e9couvrir.\n    <\/p>\n<p>                <img  data- alt=\"Le Figaro\" class=\"fig-img--complete fig-img\"\/><\/p>\n<p class=\"fig-premium-paywall__title\">Vous avez envie de lire la suite ?<\/p>\n<p class=\"fig-premium-paywall__subtitle\">D\u00e9bloquez tous les articles imm\u00e9diatement.<\/p>\n<p class=\"fig-premium-paywall__connect\">\n                D\u00e9j\u00e0 abonn\u00e9\u00a0?                <a class=\"fig-premium-paywall__connect-link\" href=\"https:\/\/connect.lefigaro.fr\/login?client=sante_web&amp;type=main&amp;redirect_uri=https%3A%2F%2Fsante.lefigaro.fr%2Fmedecine%2Fla-pandemie-de-covid-19-a-t-elle-fait-vieillir-nos-cerveaux-plus-vite-20250722\" data-js-gtm=\"{&quot;customCategorie&quot;: &quot;conversion&quot;, &quot;customAction&quot;: &quot;before_Landing_Connexion_paywall_auto&quot;, &quot;customLabel&quot;: &quot;c2FudGUubGVmaWdhcm8uZnJfXzFmMDY3MTI2LWRmZjItNjdhYS1hZjY4LThmYzc1YTJiMGE3YV9fQXJ0aWNsZQ==_La pand\u00e9mie de Covid-19 a-t-elle fait vieillir nos cerveaux plus vite\u00a0?_135&quot;, &quot;customIDSPE&quot;: &quot;c2FudGUubGVmaWdhcm8uZnJfXzFmMDY3MTI2LWRmZjItNjdhYS1hZjY4LThmYzc1YTJiMGE3YV9fQXJ0aWNsZQ==&quot;, &quot;event&quot;: &quot;customEventSPE&quot;}\" rel=\"nofollow noopener\" target=\"_blank\"><br \/>\n                    Connectez-vous<br \/>\n                <\/a>\n            <\/p>\n","protected":false},"excerpt":{"rendered":"Le simple fait d\u2019avoir \u00e9t\u00e9 expos\u00e9 \u00e0 la pand\u00e9mie, avec son lot de stress et de contraintes impos\u00e9es&hellip;\n","protected":false},"author":2,"featured_media":266256,"comment_status":"","ping_status":"","sticky":false,"template":"","format":"standard","meta":{"footnotes":""},"categories":[10],"tags":[231,40564,4357,1011,27,72,11561,71],"class_list":{"0":"post-266255","1":"post","2":"type-post","3":"status-publish","4":"format-standard","5":"has-post-thumbnail","7":"category-sante","8":"tag-cerveau","9":"tag-consequences-du-stress","10":"tag-covid-19","11":"tag-fr","12":"tag-france","13":"tag-health","14":"tag-irm","15":"tag-sante"},"share_on_mastodon":{"url":"https:\/\/pubeurope.com\/@fr\/114898395677588949","error":""},"_links":{"self":[{"href":"https:\/\/www.europesays.com\/fr\/wp-json\/wp\/v2\/posts\/266255","targetHints":{"allow":["GET"]}}],"collection":[{"href":"https:\/\/www.europesays.com\/fr\/wp-json\/wp\/v2\/posts"}],"about":[{"href":"https:\/\/www.europesays.com\/fr\/wp-json\/wp\/v2\/types\/post"}],"author":[{"embeddable":true,"href":"https:\/\/www.europesays.com\/fr\/wp-json\/wp\/v2\/users\/2"}],"replies":[{"embeddable":true,"href":"https:\/\/www.europesays.com\/fr\/wp-json\/wp\/v2\/comments?post=266255"}],"version-history":[{"count":0,"href":"https:\/\/www.europesays.com\/fr\/wp-json\/wp\/v2\/posts\/266255\/revisions"}],"wp:featuredmedia":[{"embeddable":true,"href":"https:\/\/www.europesays.com\/fr\/wp-json\/wp\/v2\/media\/266256"}],"wp:attachment":[{"href":"https:\/\/www.europesays.com\/fr\/wp-json\/wp\/v2\/media?parent=266255"}],"wp:term":[{"taxonomy":"category","embeddable":true,"href":"https:\/\/www.europesays.com\/fr\/wp-json\/wp\/v2\/categories?post=266255"},{"taxonomy":"post_tag","embeddable":true,"href":"https:\/\/www.europesays.com\/fr\/wp-json\/wp\/v2\/tags?post=266255"}],"curies":[{"name":"wp","href":"https:\/\/api.w.org\/{rel}","templated":true}]}}