{"id":266265,"date":"2025-07-22T18:56:09","date_gmt":"2025-07-22T18:56:09","guid":{"rendered":"https:\/\/www.europesays.com\/fr\/266265\/"},"modified":"2025-07-22T18:56:09","modified_gmt":"2025-07-22T18:56:09","slug":"au-moins-21-enfants-morts-de-malnutrition-en-trois-jours-a-gaza-selon-un-hopital-cri-dalarme-sur-la-presse-attaques-disrael-contre-loms-lactu-du-conflit","status":"publish","type":"post","link":"https:\/\/www.europesays.com\/fr\/266265\/","title":{"rendered":"Au moins 21 enfants morts de malnutrition en trois jours \u00e0 Gaza selon un h\u00f4pital, cri d\u2019alarme sur la presse, attaques d\u2019Isra\u00ebl contre l\u2019OMS\u2026 L\u2019actu du conflit au Proche-Orient ce mardi 22\u00a0juillet \u2013 Lib\u00e9ration"},"content":{"rendered":"<p class=\"sc-ksZaOG ehjQrN text-element\">Selon la BBC, qui cite le directeur de l\u2019h\u00f4pital Al-Shifa de Gaza, au moins 21 enfants sont morts de faim et de malnutrition durant les trois derniers jours. Quelque 900 000 enfants de Gaza souffrent de la faim et 70 000 d\u2019entre eux sont en \u00e9tat de malnutrition, explique le docteur Mohammed Abu Salmiya \u00e0 la BBC. Selon le m\u00e9decin, les diab\u00e9tiques et les malades r\u00e9naux sont particuli\u00e8rement <a href=\"https:\/\/www.liberation.fr\/international\/moyen-orient\/a-gaza-la-famine-et-le-piege-mortel-des-distributions-daide-humanitaire-20250721_ZPHAOPPSLBGSTKGQBNQOS2F5EA\/\" target=\"_blank\" rel=\"nofollow noopener\" title=\"https:\/\/www.liberation.fr\/international\/moyen-orient\/a-gaza-la-famine-et-le-piege-mortel-des-distributions-daide-humanitaire-20250721_ZPHAOPPSLBGSTKGQBNQOS2F5EA\/\">menac\u00e9s par la famine. <\/a><\/p>\n<p class=\"sc-ksZaOG ehjQrN text-element\">En plus de ces chiffres provenant de l\u2019h\u00f4pital Al-Shifa, le minist\u00e8re de la sant\u00e9 dirig\u00e9 par le Hamas pr\u00e9cise que 15 autres personnes sont mortes de faim et de malnutrition \u00e0 Gaza au cours de la journ\u00e9e \u00e9coul\u00e9e. Cela porte le nombre total de ces morts \u00e0 101, selon le minist\u00e8re, dont 80 enfants.<\/p>\n<p class=\"sc-ksZaOG ehjQrN text-element\">Le ministre des Affaires \u00e9trang\u00e8res, Jean-No\u00ebl Barrot, a appel\u00e9 sur France Inter ce mardi \u00e0 ce que la \u00abpresse libre et ind\u00e9pendante puisse acc\u00e9der \u00e0 Gaza pour montrer ce qu\u2019il s\u2019y passe et pour en t\u00e9moigner\u00bb. Une d\u00e9claration qui fait \u00e9cho \u00e0 <a href=\"https:\/\/www.liberation.fr\/international\/moyen-orient\/les-derniers-reporters-de-gaza-vont-mourir-les-journalistes-de-lafp-alertent-sur-les-conditions-de-vie-de-leurs-collaborateurs-dans-lenclave-20250722_5RTMLGP4HZA77AS5D57FKFLULA\/\" target=\"_blank\" rel=\"nofollow noopener\" title=\"https:\/\/www.liberation.fr\/international\/moyen-orient\/les-derniers-reporters-de-gaza-vont-mourir-les-journalistes-de-lafp-alertent-sur-les-conditions-de-vie-de-leurs-collaborateurs-dans-lenclave-20250722_5RTMLGP4HZA77AS5D57FKFLULA\/\">un communiqu\u00e9 publi\u00e9 la veille par la Soci\u00e9t\u00e9 des journalistes (SDJ) de l\u2019Agence France Presse (AFP).<\/a> La SDJ s\u2019est dite inqui\u00e8te de la sant\u00e9 de ses collaborateurs sur place. Une crainte partag\u00e9e par la direction de l\u2019AFP, qui affirme qu\u2019ils \u00abse trouvent dans une situation effroyable\u00bb et qu\u2019ils risquent \u00abde mourir\u00bb. Jean-No\u00ebl Barrot a affirm\u00e9 avoir \u00abl\u2019espoir de<a href=\"https:\/\/www.liberation.fr\/international\/moyen-orient\/guerre-a-gaza-le-nebuleux-processus-devacuation-vers-la-france-20250711_UPW2TLVN75HCFGBBNPWXJYP5R4\/\" target=\"_blank\" rel=\"nofollow noopener\" title=\"https:\/\/www.liberation.fr\/international\/moyen-orient\/guerre-a-gaza-le-nebuleux-processus-devacuation-vers-la-france-20250711_UPW2TLVN75HCFGBBNPWXJYP5R4\/\"> pouvoir faire sortir quelques collaborateurs<\/a> de journalistes dans les prochaines semaines\u00bb. Le ministre a \u00e9galement condamn\u00e9 \u00abavec la plus grande fermet\u00e9\u00bb la \u00abd\u00e9plorable\u00bb extension de l\u2019offensive isra\u00e9lienne \u00e0 Gaza, lanc\u00e9e lundi, \u00abqui va aggraver une situation d\u00e9j\u00e0 catastrophique\u00bb.<\/p>\n<p class=\"sc-ksZaOG ehjQrN text-element\">L\u2019organisation des Nations unies a accus\u00e9 ce mardi 22 juillet l\u2019arm\u00e9e isra\u00e9lienne d\u2019avoir tu\u00e9 \u00e0 Gaza, depuis fin mai, <a href=\"https:\/\/www.liberation.fr\/international\/moyen-orient\/lonu-accuse-larmee-israelienne-davoir-tue-plus-de-1-000-personnes-tentant-dobtenir-de-laide-20250722_O3XH4DUHSJGPBE44HU7PG24ES4\/\" target=\"_blank\" rel=\"noreferrer nofollow noopener\" title=\"https:\/\/www.liberation.fr\/international\/moyen-orient\/lonu-accuse-larmee-israelienne-davoir-tue-plus-de-1-000-personnes-tentant-dobtenir-de-laide-20250722_O3XH4DUHSJGPBE44HU7PG24ES4\/\">plus de 1 000 personnes qui tentaient d\u2019obtenir de l\u2019aide humanitaire<\/a>. \u00ab766 d\u2019entre elles ont \u00e9t\u00e9 tu\u00e9es \u00e0 proximit\u00e9 <a href=\"https:\/\/www.liberation.fr\/checknews\/comment-israel-a-transforme-laide-alimentaire-en-enfer-pour-les-gazaouis-20250614_OXD5G6J7LZBBNODAVZ4QBAMUSE\/\" target=\"_blank\" rel=\"noreferrer nofollow noopener\" title=\"https:\/\/www.liberation.fr\/checknews\/comment-israel-a-transforme-laide-alimentaire-en-enfer-pour-les-gazaouis-20250614_OXD5G6J7LZBBNODAVZ4QBAMUSE\/\">des sites de la GHF<\/a> [Gaza Humanitarian Foundation, <a href=\"https:\/\/www.liberation.fr\/checknews\/la-tres-controversee-gaza-humanitarian-foundation-nomme-le-francais-sebastien-cazenave-en-charge-de-sa-logistique-20250626_C66AKDIMI5GVTL2VABWW6VBOQY\/\" target=\"_blank\" rel=\"nofollow noopener\" title=\"https:\/\/www.liberation.fr\/checknews\/la-tres-controversee-gaza-humanitarian-foundation-nomme-le-francais-sebastien-cazenave-en-charge-de-sa-logistique-20250626_C66AKDIMI5GVTL2VABWW6VBOQY\/\">structure controvers\u00e9e pilot\u00e9e par Isra\u00ebl avec le soutien des Etats-Unis<\/a>] et 288 \u00e0 proximit\u00e9 des convois d\u2019aide de l\u2019ONU et d\u2019autres organisations humanitaires\u00bb, a pr\u00e9cis\u00e9 le Haut-Commissariat aux droits de l\u2019homme, affirmant que ces personnes ont \u00e9t\u00e9 tu\u00e9es \u00abpar l\u2019arm\u00e9e isra\u00e9lienne\u00bb. <\/p>\n<p class=\"sc-ksZaOG ehjQrN text-element\"><a href=\"https:\/\/www.liberation.fr\/international\/moyen-orient\/yemen-le-patron-de-loms-sain-et-sauf-apres-le-bombardement-de-laeroport-de-sanaa-20241226_SHOGAQFVIFCVNAR5ZRMZIOJPZE\/\" target=\"_blank\" rel=\"nofollow noopener\" title=\"https:\/\/www.liberation.fr\/international\/moyen-orient\/yemen-le-patron-de-loms-sain-et-sauf-apres-le-bombardement-de-laeroport-de-sanaa-20241226_SHOGAQFVIFCVNAR5ZRMZIOJPZE\/\">Tedros Adhanom Ghebreyesus<\/a>, directeur g\u00e9n\u00e9ral de l\u2019Organisation mondiale de la sant\u00e9 (OMS), a d\u00e9clar\u00e9 <a href=\"https:\/\/x.com\/DrTedros\/status\/1947394535430230245\" target=\"_blank\" rel=\"nofollow\" title=\"https:\/\/x.com\/DrTedros\/status\/1947394535430230245\">sur X<\/a> lundi que des soldats isra\u00e9liens \u00e9taient entr\u00e9s dans la r\u00e9sidence du personnel de <a href=\"https:\/\/www.liberation.fr\/international\/moyen-orient\/ce-qui-se-passe-a-gaza-est-une-abomination-selon-loms-20250501_GCKSZTPJAJC63F42OQWCSJK2MM\/\" target=\"_blank\" rel=\"nofollow noopener\" title=\"https:\/\/www.liberation.fr\/international\/moyen-orient\/ce-qui-se-passe-a-gaza-est-une-abomination-selon-loms-20250501_GCKSZTPJAJC63F42OQWCSJK2MM\/\">l\u2019agence onusienne \u00e0 Gaza.<\/a> Alors que l\u2019enclave est vis\u00e9e par une nouvelle offensive terrestre d\u2019Isra\u00ebl, l\u2019homme d\u00e9nonce des attaques contre plusieurs de ses locaux. Les militaires ont \u00abforc\u00e9 des femmes et des enfants \u00e0 \u00e9vacuer les lieux \u00e0 pied\u00bb, tandis que \u00able personnel masculin et des membres de leur famille ont \u00e9t\u00e9 menott\u00e9s, d\u00e9shabill\u00e9s, interrog\u00e9s sur place et contr\u00f4l\u00e9s sous la menace d\u2019une arme\u00bb, d\u00e9crit le directeur de l\u2019OMS. Tedros Adhanom Ghebreyesus a \u00e9galement condamn\u00e9 l\u2019attaque du principal entrep\u00f4t de l\u2019OMS, \u00e0 Deir el-Balah, ajoutant qu\u2019un \u00abcessez-le-feu n\u2019est pas seulement n\u00e9cessaire, il n\u2019a que trop tard\u00e9\u00bb.<\/p>\n<p class=\"sc-ksZaOG ehjQrN text-element\">\u00abD\u00e9go\u00fbtant ! 25 nations mettent la pression sur Isra\u00ebl au lieu de le faire sur les sauvages du Hamas\u00bb, a d\u00e9clar\u00e9 <a href=\"https:\/\/x.com\/GovMikeHuckabee\/status\/1947358553888444737\" target=\"_blank\" rel=\"nofollow\" title=\"https:\/\/x.com\/GovMikeHuckabee\/status\/1947358553888444737\">sur X<\/a> lundi Mike Huckabee, l\u2019ambassadeur am\u00e9ricain en Isra\u00ebl. Le chr\u00e9tien \u00e9vang\u00e9lique est tr\u00e8s proche des id\u00e9es de la droite isra\u00e9lienne et oppos\u00e9 \u00e0 toute id\u00e9e d\u2019Etat palestinien. Sa d\u00e9claration intervient en r\u00e9ponse \u00e0 <a href=\"https:\/\/www.liberation.fr\/international\/moyen-orient\/la-france-et-plus-de-20-autres-pays-appellent-a-une-fin-immediate-de-la-guerre-a-gaza-larmee-israelienne-etend-ses-operations-lactu-du-conflit-au-proche-orient-ce-lundi-20250721_OP5C5ZUOZRD57DIP4TJAZYPAHU\/\" target=\"_blank\" rel=\"nofollow noopener\" title=\"https:\/\/www.liberation.fr\/international\/moyen-orient\/la-france-et-plus-de-20-autres-pays-appellent-a-une-fin-immediate-de-la-guerre-a-gaza-larmee-israelienne-etend-ses-operations-lactu-du-conflit-au-proche-orient-ce-lundi-20250721_OP5C5ZUOZRD57DIP4TJAZYPAHU\/\">l\u2019appel de 25 pays,<\/a> dont la France et le Royaume-Uni, de mettre fin \u00abimm\u00e9diatement\u00bb \u00e0 la guerre dans le bande de Gaza. Le diplomate am\u00e9ricain consid\u00e8re que dans leur d\u00e9claration commune publi\u00e9e lundi, ces Etats \u00abbl\u00e2ment Isra\u00ebl\u00bb. Ils appellent \u00e0 se rassembler \u00abautour d\u2019un message simple et urgent : la guerre \u00e0 Gaza doit cesser imm\u00e9diatement\u00bb, disant que <a href=\"https:\/\/www.liberation.fr\/international\/moyen-orient\/a-gaza-la-famine-et-le-piege-mortel-des-distributions-daide-humanitaire-20250721_ZPHAOPPSLBGSTKGQBNQOS2F5EA\/\" target=\"_blank\" rel=\"nofollow noopener\" title=\"https:\/\/www.liberation.fr\/international\/moyen-orient\/a-gaza-la-famine-et-le-piege-mortel-des-distributions-daide-humanitaire-20250721_ZPHAOPPSLBGSTKGQBNQOS2F5EA\/\">\u00abla souffrance des civils \u00e0 Gaza a atteint de nouveaux sommets<\/a>\u00bb. Apr\u00e8s plus de 21 mois de conflit, les quelque deux millions de Palestiniens assi\u00e9g\u00e9s par Isra\u00ebl \u00e0 Gaza sont au bord de la famine. Ils d\u00e9noncent \u00able refus du gouvernement isra\u00e9lien de fournir une assistance humanitaire essentielle \u00e0 la population civile\u00bb, ce qui est \u00abinacceptable\u00bb.<\/p>\n<p class=\"sc-ksZaOG ehjQrN text-element\">Le camp de r\u00e9fugi\u00e9s palestiniens d\u2019Al-Shati, dans le nord de Gaza, a \u00e9t\u00e9 vis\u00e9 par des frappes isra\u00e9liennes ce mardi, annonce le porte-parole de la D\u00e9fense civile, Mahmoud Bassal. Selon ses dires, 13 personnes ont \u00e9t\u00e9 tu\u00e9es et plus de 50 autres ont \u00e9t\u00e9 bless\u00e9es. Situ\u00e9 sur le littoral de la M\u00e9diterran\u00e9e, le camp abrite des milliers de Palestiniens dans des tentes et des abris de fortune. La quasi-totalit\u00e9 des 2,4 millions d\u2019habitants de Gaza ont \u00e9t\u00e9 d\u00e9plac\u00e9s depuis le 7 octobre 2023. Mahmoud Bassal a annonc\u00e9 la mort de deux autres personnes \u00e0 Deir el-Balah, o\u00f9 l\u2019arm\u00e9e isra\u00e9lienne a annonc\u00e9 lundi qu\u2019elle \u00e9tendait ses op\u00e9rations et ordonn\u00e9 \u00e0 la population d\u2019\u00e9vacuer. Selon le Bureau de coordination humanitaire de l\u2019ONU (Ocha) entre 50 000 et 80 000 personnes se trouvent dans ce secteur, consid\u00e9r\u00e9 jusqu\u2019\u00e0 pr\u00e9sent comme relativement s\u00fbr.<\/p>\n<p class=\"sc-ksZaOG ehjQrN text-element\">A son retour de Gaza ce mardi, Pierbattista Pizzaballa, le patriarche latin de J\u00e9rusalem, a d\u00e9clar\u00e9 que la situation humanitaire y \u00e9tait \u00abmoralement inacceptable et injustifiable\u00bb. \u00abNous avons vu des hommes attendre pendant des heures sous le soleil dans l\u2019espoir d\u2019un simple repas\u00bb, raconte l\u2019homme d\u2019Eglise, plus haute autorit\u00e9 catholique d\u2019Isra\u00ebl. Il a fait savoir que son institution et que \u00abtoute la communaut\u00e9 chr\u00e9tienne ne les abandonneraient jamais\u00bb.<\/p>\n<p class=\"sc-ksZaOG ehjQrN text-element\"><b>Mise \u00e0 jour <\/b>\u00e0 19 h 45, avec les d\u00e9clarations du Haut commissariat aux droits de l\u2019homme de l\u2019ONU concernant le bilan meurtrier lors des distributions alimentaires<\/p>\n","protected":false},"excerpt":{"rendered":"Selon la BBC, qui cite le directeur de l\u2019h\u00f4pital Al-Shifa de Gaza, au moins 21 enfants sont morts&hellip;\n","protected":false},"author":2,"featured_media":266266,"comment_status":"","ping_status":"","sticky":false,"template":"","format":"standard","meta":{"footnotes":""},"categories":[5],"tags":[11,1011,27,3522,14,12,28],"class_list":{"0":"post-266265","1":"post","2":"type-post","3":"status-publish","4":"format-standard","5":"has-post-thumbnail","7":"category-international","8":"tag-actualites","9":"tag-fr","10":"tag-france","11":"tag-guerre-hamas-israel","12":"tag-international","13":"tag-news","14":"tag-world"},"share_on_mastodon":{"url":"https:\/\/pubeurope.com\/@fr\/114898415388614818","error":""},"_links":{"self":[{"href":"https:\/\/www.europesays.com\/fr\/wp-json\/wp\/v2\/posts\/266265","targetHints":{"allow":["GET"]}}],"collection":[{"href":"https:\/\/www.europesays.com\/fr\/wp-json\/wp\/v2\/posts"}],"about":[{"href":"https:\/\/www.europesays.com\/fr\/wp-json\/wp\/v2\/types\/post"}],"author":[{"embeddable":true,"href":"https:\/\/www.europesays.com\/fr\/wp-json\/wp\/v2\/users\/2"}],"replies":[{"embeddable":true,"href":"https:\/\/www.europesays.com\/fr\/wp-json\/wp\/v2\/comments?post=266265"}],"version-history":[{"count":0,"href":"https:\/\/www.europesays.com\/fr\/wp-json\/wp\/v2\/posts\/266265\/revisions"}],"wp:featuredmedia":[{"embeddable":true,"href":"https:\/\/www.europesays.com\/fr\/wp-json\/wp\/v2\/media\/266266"}],"wp:attachment":[{"href":"https:\/\/www.europesays.com\/fr\/wp-json\/wp\/v2\/media?parent=266265"}],"wp:term":[{"taxonomy":"category","embeddable":true,"href":"https:\/\/www.europesays.com\/fr\/wp-json\/wp\/v2\/categories?post=266265"},{"taxonomy":"post_tag","embeddable":true,"href":"https:\/\/www.europesays.com\/fr\/wp-json\/wp\/v2\/tags?post=266265"}],"curies":[{"name":"wp","href":"https:\/\/api.w.org\/{rel}","templated":true}]}}