{"id":266267,"date":"2025-07-22T18:57:11","date_gmt":"2025-07-22T18:57:11","guid":{"rendered":"https:\/\/www.europesays.com\/fr\/266267\/"},"modified":"2025-07-22T18:57:11","modified_gmt":"2025-07-22T18:57:11","slug":"que-dit-la-science-sur-la-dangerosite-de-lacetamipride-pour-notre-sante","status":"publish","type":"post","link":"https:\/\/www.europesays.com\/fr\/266267\/","title":{"rendered":"Que dit la Science sur la dangerosit\u00e9 de l\u2019ac\u00e9tamipride pour notre sant\u00e9\u00a0?"},"content":{"rendered":"<p>Le chiffre n\u2019en finit plus de grimper. <a href=\"https:\/\/www.20minutes.fr\/planete\/environnement\/4164647-20250721-petition-contre-loi-duplomb-eleonore-pattery-etudiante-lance-mouvement\" class=\"color-ultramarine c-link\" target=\"_blank\" rel=\"noopener\">La p\u00e9tition contre la loi Duplomb<\/a> a d\u00e9pass\u00e9 lundi soir la barre du 1,5\u00a0million de signataires. Ce texte, adopt\u00e9 le 8\u00a0juillet, <a href=\"https:\/\/www.20minutes.fr\/planete\/4162687-20250708-pesticides-loi-agricole-validee-parlement-malgre-controverse-neonicotinoides\" class=\"color-ultramarine c-link\" target=\"_blank\" rel=\"noopener\">autorise la r\u00e9introduction de mani\u00e8re d\u00e9rogatoire d\u2019un pesticide controvers\u00e9<\/a>, l\u2019ac\u00e9tamipride, interdit en France depuis\u00a02018 mais autoris\u00e9 dans le reste de l\u2019Union europ\u00e9enne.<\/p>\n<p>Plus d\u2019un millier de scientifiques, m\u00e9decins et soignants ont adress\u00e9 une lettre ouverte aux ministres de la Sant\u00e9, de l\u2019Agriculture, du Travail et de la Transition \u00e9cologique, dans laquelle <a href=\"https:\/\/www.20minutes.fr\/planete\/4155457-20250526-toxique-f-tus-vecteur-cancers-science-dit-non-retour-france-insecticide\" class=\"color-ultramarine c-link\" target=\"_blank\" rel=\"noopener\">ils alertent sur les dangers de ce n\u00e9onicotino\u00efde<\/a>. Mais que dit la Science sur la dangerosit\u00e9 de l\u2019ac\u00e9tamipride sur notre sant\u00e9\u00a0?<\/p>\n<p>\u00ab\u00a0Des incertitudes majeures\u00a0\u00bb<\/p>\n<p>L\u2019agence sanitaire europ\u00e9enne (Efsa), qui autorise ou non la mise sur le march\u00e9 d\u2019un produit, a valid\u00e9 cette substance en\u00a02013 et en\u00a02018. Pour ce faire, elle doit se baser sur un dossier fourni par l\u2019industriel lui-m\u00eame. \u00ab\u00a0Ce dossier doit reprendre toute la litt\u00e9rature scientifique, et l\u2019industriel doit aussi fournir plusieurs tests qu\u2019il paie, explique Pierre-Michel P\u00e9rinaud, pr\u00e9sident de l\u2019association Alerte des m\u00e9decins sur les pesticides. Il y a un conflit d\u2019int\u00e9r\u00eats \u00e9vident mais c\u2019est comme \u00e7a pour l\u2019immense majorit\u00e9 des \u00e9tudes sur les substances chimiques au niveau r\u00e9glementaire.\u00a0\u00bb<\/p>\n<p>En se basant sur ce dossier, l\u2019Efsa a autoris\u00e9 la mise sur le march\u00e9 de l\u2019insecticide tout en estimant, en mars\u00a02024, que \u00ab\u00a0des incertitudes majeures\u00a0\u00bb demeuraient sur les effets neurod\u00e9veloppementaux de l\u2019ac\u00e9tamipride. La sp\u00e9cificit\u00e9 des n\u00e9onicotino\u00efdes \u00e9tant de cibler le syst\u00e8me nerveux des insectes afin de les tuer, ils suscitent par cons\u00e9quent des interrogations sur leurs effets neurologiques. Son utilisation conduit-elle, \u00e0 terme, \u00e0 des <a href=\"https:\/\/www.20minutes.fr\/societe\/4028870-20230324-autisme-avoir-enfant-asperger-etre-pret-gravir-mont-everest-chaque-instant\" class=\"color-ultramarine c-link\" target=\"_blank\" rel=\"noopener\">troubles neurod\u00e9veloppementaux<\/a> chez l\u2019humain\u00a0?<\/p>\n<\/p>\n<p>Retard de croissance<\/p>\n<p>Depuis plusieurs ann\u00e9es, des travaux \u00ab\u00a0in vitro\u00a0\u00bb, exposant une cellule en laboratoire \u00e0 des n\u00e9onicotino\u00efdes et des \u00e9tudes sur des animaux, g\u00e9n\u00e9ralement des souris, ont \u00e9t\u00e9 r\u00e9alis\u00e9s. Les premiers montrent notamment les effets d\u00e9l\u00e9t\u00e8res des n\u00e9onicotino\u00efdes sur les neurones. Les seconds mettent en \u00e9vidence leur action dans des troubles neurologiques.<\/p>\n<p>Des \u00e9tudes \u00e9pid\u00e9miologiques ont \u00e9galement \u00e9t\u00e9 faites. Dans l\u2019une d\u2019elles, nomm\u00e9e Ishikawa et r\u00e9alis\u00e9e en\u00a02019, les scientifiques ont mesur\u00e9 le taux de m\u00e9tabolite de l\u2019ac\u00e9tamipride pr\u00e9sent dans l\u2019urine de nouveau-n\u00e9s. \u00ab\u00a0Les nourrissons ayant obtenu les taux les plus forts \u00e9taient ceux ayant eu un retard de croissance in utero\u00a0\u00bb, explique Pierre-Michel P\u00e9rinaud.<\/p>\n<p>Une autre \u00e9tude publi\u00e9e en\u00a02017 dans la revue Environmental Health Perspectives a \u00e9t\u00e9 effectu\u00e9e sur des <a href=\"https:\/\/www.20minutes.fr\/sante\/4055704-20231004-grossesse-prendre-avion-fumer-faire-footing-passe-crible-5-idees-recues-quand-enceinte\" class=\"color-ultramarine c-link\" target=\"_blank\" rel=\"noopener\">femmes enceintes<\/a> en Californie, seul Etat dans lequel la population doit d\u00e9clarer son utilisation de pesticides \u00e0 la parcelle. \u00ab\u00a0Plus la femme enceinte est expos\u00e9e, plus les chercheurs constatent une diminution des points de QI, de la capacit\u00e9 de raisonnement et de la compr\u00e9hension verbale de l\u2019enfant\u00a0\u00bb, souligne le m\u00e9decin.<\/p>\n<p>Perturbateur endocrinien<\/p>\n<p>\u00ab\u00a0On sait aussi gr\u00e2ce \u00e0 des \u00e9tudes \u00e9pid\u00e9miologiques que chez l\u2019\u00eatre humain, l\u2019ac\u00e9tamipride traverse la barri\u00e8re placentaire et peut donc atteindre le f\u0153tus, ajoute le docteur P\u00e9rinaud. De l\u2019ac\u00e9tamipride a \u00e9t\u00e9 retrouv\u00e9 dans le liquide c\u00e9phalorachidien d\u2019enfants, d\u2019apr\u00e8s une \u00e9tude suisse r\u00e9alis\u00e9e en\u00a02022.\u00a0\u00bb<\/p>\n<p>Le risque neurod\u00e9veloppemental n\u2019est pas le seul. La Commission europ\u00e9enne a engag\u00e9 une proc\u00e9dure pour demander aux industriels des \u00e9l\u00e9ments sur les \u00e9ventuelles propri\u00e9t\u00e9s de<a href=\"https:\/\/www.20minutes.fr\/sante\/4039194-20230531-perturbateurs-endocriniens-additifs-pesticides-femmes-elles-davantage-impactees-polluants\" class=\"color-ultramarine c-link\" target=\"_blank\" rel=\"noopener\"> perturbation endocrinienne<\/a> de l\u2019ac\u00e9tamipride.<\/p>\n<p>Des faisceaux d\u2019indices<\/p>\n<p>Le m\u00e9decin l\u2019admet\u00a0: la litt\u00e9rature scientifique ne prouve pas de lien de causalit\u00e9 entre exposition \u00e0 l\u2019ac\u00e9tamipride et troubles du neurod\u00e9veloppement ou perturbation endocrinienne. \u00ab\u00a0Mais les diff\u00e9rents travaux donnent de nombreux faisceaux d\u2019indices qui devraient emmener \u00e0 un principe de pr\u00e9caution et pousser l\u2019Efsa \u00e0 faire davantage d\u2019\u00e9tudes\u00a0\u00bb, s\u2019insurge le m\u00e9decin.<\/p>\n<p>C\u2019est d\u2019ailleurs ce que l\u2019agence pr\u00e9conise. L\u2019Efsa explique qu\u2019il faudrait de \u00ab\u00a0nouveaux \u00e9l\u00e9ments\u00a0\u00bb pour pouvoir \u00ab\u00a0\u00e9valuer de mani\u00e8re ad\u00e9quate les risques et les dangers\u00a0\u00bb de l\u2019ac\u00e9tamipride. Compte tenu de ces incertitudes, elle a \u00e9galement appel\u00e9 \u00e0 abaisser nettement la dose journali\u00e8re admissible. Des recommandations contradictoires, selon le docteur P\u00e9rinaud.<\/p>\n","protected":false},"excerpt":{"rendered":"Le chiffre n\u2019en finit plus de grimper. La p\u00e9tition contre la loi Duplomb a d\u00e9pass\u00e9 lundi soir la&hellip;\n","protected":false},"author":2,"featured_media":266268,"comment_status":"","ping_status":"","sticky":false,"template":"","format":"standard","meta":{"footnotes":""},"categories":[4],"tags":[47,11,327,436,1011,27,226,12,2091,25,71,5699],"class_list":{"0":"post-266267","1":"post","2":"type-post","3":"status-publish","4":"format-standard","5":"has-post-thumbnail","7":"category-france","8":"tag-actualite","9":"tag-actualites","10":"tag-agriculture","11":"tag-environnement","12":"tag-fr","13":"tag-france","14":"tag-maladie","15":"tag-news","16":"tag-pesticides","17":"tag-republique-francaise","18":"tag-sante","19":"tag-sante-publique"},"share_on_mastodon":{"url":"https:\/\/pubeurope.com\/@fr\/114898419262160711","error":""},"_links":{"self":[{"href":"https:\/\/www.europesays.com\/fr\/wp-json\/wp\/v2\/posts\/266267","targetHints":{"allow":["GET"]}}],"collection":[{"href":"https:\/\/www.europesays.com\/fr\/wp-json\/wp\/v2\/posts"}],"about":[{"href":"https:\/\/www.europesays.com\/fr\/wp-json\/wp\/v2\/types\/post"}],"author":[{"embeddable":true,"href":"https:\/\/www.europesays.com\/fr\/wp-json\/wp\/v2\/users\/2"}],"replies":[{"embeddable":true,"href":"https:\/\/www.europesays.com\/fr\/wp-json\/wp\/v2\/comments?post=266267"}],"version-history":[{"count":0,"href":"https:\/\/www.europesays.com\/fr\/wp-json\/wp\/v2\/posts\/266267\/revisions"}],"wp:featuredmedia":[{"embeddable":true,"href":"https:\/\/www.europesays.com\/fr\/wp-json\/wp\/v2\/media\/266268"}],"wp:attachment":[{"href":"https:\/\/www.europesays.com\/fr\/wp-json\/wp\/v2\/media?parent=266267"}],"wp:term":[{"taxonomy":"category","embeddable":true,"href":"https:\/\/www.europesays.com\/fr\/wp-json\/wp\/v2\/categories?post=266267"},{"taxonomy":"post_tag","embeddable":true,"href":"https:\/\/www.europesays.com\/fr\/wp-json\/wp\/v2\/tags?post=266267"}],"curies":[{"name":"wp","href":"https:\/\/api.w.org\/{rel}","templated":true}]}}