{"id":266275,"date":"2025-07-22T19:02:12","date_gmt":"2025-07-22T19:02:12","guid":{"rendered":"https:\/\/www.europesays.com\/fr\/266275\/"},"modified":"2025-07-22T19:02:12","modified_gmt":"2025-07-22T19:02:12","slug":"le-racing-simpose-contre-nancy-2-1-pour-son-premier-match-amical-de-la-saison-alsasports","status":"publish","type":"post","link":"https:\/\/www.europesays.com\/fr\/266275\/","title":{"rendered":"Le Racing s&rsquo;impose contre Nancy (2-1) pour son premier match amical de la saison \u2014 Alsa&rsquo;Sports"},"content":{"rendered":"<p><strong>Le Racing Club de Strasbourg s\u2019est impos\u00e9 ce mardi soir \u00e0 Colmar contre l\u2019AS Nancy-Lorraine pour son premier rendez-vous amical de la saison (2-1). Rayane Messi (39\u2032) et Emanuel Emegha (68\u2032) ont \u00e9t\u00e9 les buteurs devant 3 157 spectateurs. <\/strong><\/p>\n<p>Le stadium de Colmar \u00e9tait largement acquis \u00e0 la cause du Racing Club de Strasbourg, parsem\u00e9 de bleu dans ses deux tribunes et derri\u00e8re le grillage tout autour du terrain (3 157 spectateurs). Pourtant, l\u2019\u00e9quipe de Liam Rosenior, qui devait composer avec une d\u00e9fense exp\u00e9rimentale et qui a op\u00e9r\u00e9 sept changements \u00e0 la pause, a pris son temps dans le jeu pour faire respecter la hi\u00e9rarchie et s\u2019imposer par un but d\u2019\u00e9cart contre Nancy (2-1). Les entr\u00e9es des titulaires Sebastian Nanasi, Diego Moreira et Emanuel Emegha ont fait du bien en seconde p\u00e9riode pour retrouver des automatismes et reprendre l\u2019avantage au score. <\/p>\n<p>Sur un centre envelopp\u00e9 de Diego Moreira, Emanuel Emegha a inscrit le deuxi\u00e8me but des siens d\u2019une t\u00eate en cloche (68\u2032), chaleureusement applaudi par un public venu garnir le stade de Colmar en nombre. Une r\u00e9action rapide du Racing qui avait conc\u00e9d\u00e9 une \u00e9galisation malheureuse sur un centre anodin remis dans les pieds de Teddy Bouriaud (60\u2032) par un Eduard Sobol peu \u00e0 son avantage aujourd\u2019hui. Le Racing s\u2019\u00e9tait procur\u00e9 plusieurs occasions dans ce deuxi\u00e8me acte (lourde frappe de Moreira \u2013 77\u2032, frappe \u00e9cras\u00e9e de Nanasi \u2013 80\u2032, frappe \u00e0 c\u00f4t\u00e9 de Diop \u2013 84\u2032 \u2013 et d\u00e9vi\u00e9e d\u2019Amo-Ameyaw \u2013 85\u2032), mais le travail \u00e9tait d\u00e9j\u00e0 fait. <\/p>\n<p><strong>Un premier acte progressif<\/strong><\/p>\n<p>Avant cela, les Strasbourgeois avaient mis un peu de temps \u00e0 se mettre en route, chamaill\u00e9s par un pressing engag\u00e9 de Nancy et par les traditionnelles erreurs techniques d\u2019avant saison. Les quelques situations (frappe envol\u00e9e de Nzingoula \u2013 8\u2032, frappe contr\u00e9e de Lemar\u00e9chal \u2013 16\u2032) ont n\u00e9anmoins permis au Racing de prendre confiance et de peu \u00e0 peu mettre le pied sur le ballon, avant d\u2019acc\u00e9l\u00e9rer le jeu apr\u00e8s la 20\u00e8me minute de jeu. F\u00e9lix Lemar\u00e9chal sollicitait le gardien adverse en premier sur une tentative au sol (22\u2032), avant d\u2019\u00eatre \u00e0 l\u2019origine d\u2019un 3 contre 2 qui a vu Rayane Messi toucher la barre transversale et Rabby Nzingoula \u00eatre contrari\u00e9 par le porter nanc\u00e9en sur sa reprise en premi\u00e8re intention (32\u2032). <\/p>\n<p>Rayane Messi a \u00e9t\u00e9 le Strasbourgeois le plus remuant, tr\u00e8s actif sur sa gauche, et a \u00e9t\u00e9 r\u00e9compens\u00e9 d\u2019une ouverture du score m\u00e9rit\u00e9e. \u00c0 nouveau trouv\u00e9 sur sa gauche, il s\u2019est servi d\u2019un crochet ext\u00e9rieur pour se mettre sur son pied droit et frapper angle ferm\u00e9 au premier poteau (\u201939). L\u2019AS Nancy-Lorraine s\u2019\u00e9tait mise en confiance en portant le ballon d\u00e8s l\u2019entame mais s\u2019est peu \u00e0 peu \u00e9teinte. Aucune des quelques situations (frappe au-dessus \u2013 29\u2032, reprise \u00e0 c\u00f4t\u00e9 \u2013 45+1\u2032) n\u2019a inqui\u00e9t\u00e9 Kalle Johnsson. <\/p>\n<p><strong>LE ONZE DE LA PREMI\u00c8RE P\u00c9RIODE (animation avec ballon : 3-2-4-1) : <\/strong><\/p>\n<p class=\"has-text-align-center\">Mara<\/p>\n<p class=\"has-text-align-center\">Messi Lemar\u00e9chal Nzingoula Bakwa<\/p>\n<p class=\"has-text-align-center\">El Mourabet Oyedele<\/p>\n<p class=\"has-text-align-center\">Sobol Doukour\u00e9 Ciss\u00e9<\/p>\n<p class=\"has-text-align-center\">Johnsson<\/p>\n<p><strong>LE ONZE DE LA SECONDE P\u00c9RIODE (<strong>animation avec ballon : 3-2-4-1)<\/strong> : <\/strong><\/p>\n<p class=\"has-text-align-center\">Emegha<\/p>\n<p class=\"has-text-align-center\">Moreira Nanasi Diop Amo-Ameyaw<\/p>\n<p class=\"has-text-align-center\">Amougou El Mourabet\u00a0<\/p>\n<p class=\"has-text-align-center\">Sobol Ciss\u00e9 Mwanga<\/p>\n<p class=\"has-text-align-center\">Johnsson<\/p>\n<p>Un seul changement : Max Mar\u00e9chal (90+1\u2032) \u00e0 la place de Samuel Amo-Ameyaw<\/p>\n","protected":false},"excerpt":{"rendered":"Le Racing Club de Strasbourg s\u2019est impos\u00e9 ce mardi soir \u00e0 Colmar contre l\u2019AS Nancy-Lorraine pour son premier&hellip;\n","protected":false},"author":2,"featured_media":266276,"comment_status":"","ping_status":"","sticky":false,"template":"","format":"standard","meta":{"footnotes":""},"categories":[9635],"tags":[1111,11,1777,674,63,1011,27,775,1702,12,4448,25],"class_list":{"0":"post-266275","1":"post","2":"type-post","3":"status-publish","4":"format-standard","5":"has-post-thumbnail","7":"category-nancy","8":"tag-actu","9":"tag-actualites","10":"tag-eu","11":"tag-europe","12":"tag-football","13":"tag-fr","14":"tag-france","15":"tag-grand-est","16":"tag-nancy","17":"tag-news","18":"tag-rc-strasbourg","19":"tag-republique-francaise"},"share_on_mastodon":{"url":"https:\/\/pubeurope.com\/@fr\/114898438929536532","error":""},"_links":{"self":[{"href":"https:\/\/www.europesays.com\/fr\/wp-json\/wp\/v2\/posts\/266275","targetHints":{"allow":["GET"]}}],"collection":[{"href":"https:\/\/www.europesays.com\/fr\/wp-json\/wp\/v2\/posts"}],"about":[{"href":"https:\/\/www.europesays.com\/fr\/wp-json\/wp\/v2\/types\/post"}],"author":[{"embeddable":true,"href":"https:\/\/www.europesays.com\/fr\/wp-json\/wp\/v2\/users\/2"}],"replies":[{"embeddable":true,"href":"https:\/\/www.europesays.com\/fr\/wp-json\/wp\/v2\/comments?post=266275"}],"version-history":[{"count":0,"href":"https:\/\/www.europesays.com\/fr\/wp-json\/wp\/v2\/posts\/266275\/revisions"}],"wp:featuredmedia":[{"embeddable":true,"href":"https:\/\/www.europesays.com\/fr\/wp-json\/wp\/v2\/media\/266276"}],"wp:attachment":[{"href":"https:\/\/www.europesays.com\/fr\/wp-json\/wp\/v2\/media?parent=266275"}],"wp:term":[{"taxonomy":"category","embeddable":true,"href":"https:\/\/www.europesays.com\/fr\/wp-json\/wp\/v2\/categories?post=266275"},{"taxonomy":"post_tag","embeddable":true,"href":"https:\/\/www.europesays.com\/fr\/wp-json\/wp\/v2\/tags?post=266275"}],"curies":[{"name":"wp","href":"https:\/\/api.w.org\/{rel}","templated":true}]}}