{"id":266283,"date":"2025-07-22T19:07:09","date_gmt":"2025-07-22T19:07:09","guid":{"rendered":"https:\/\/www.europesays.com\/fr\/266283\/"},"modified":"2025-07-22T19:07:09","modified_gmt":"2025-07-22T19:07:09","slug":"notre-top-10-des-randonnees-meconnues-a-faire-en-seine-maritime-pendant-lete","status":"publish","type":"post","link":"https:\/\/www.europesays.com\/fr\/266283\/","title":{"rendered":"Notre top 10 des randonn\u00e9es m\u00e9connues \u00e0 faire en Seine-Maritime pendant l&rsquo;\u00e9t\u00e9"},"content":{"rendered":"<p>            Par<br \/>\n        <strong><br \/>\n            <a href=\"https:\/\/actu.fr\/auteur\/adrien-filoche\" title=\"Consulter tous les articles de Adrien Filoche\" target=\"_blank\" rel=\"noopener\">Adrien Filoche<\/a><br \/>\n        <\/strong><\/p>\n<p>        Publi\u00e9 le<\/p>\n<p>            22 juil. 2025 \u00e0 20h30        <\/p>\n<p>Ici, pas question d\u2019une balade le long de la c\u00f4te \u00e0 <a href=\"https:\/\/actu.fr\/normandie\/etretat_76254\" target=\"_blank\" rel=\"noopener\">\u00c9tretat<\/a> ou \u00e0 <a href=\"https:\/\/actu.fr\/les-informations-dieppoises\/\" target=\"_blank\" rel=\"noopener\">Dieppe<\/a> ou encore d\u2019une sortie du c\u00f4t\u00e9 de la Valleuse des Moutiers, \u00e0 Varengeville-sur-Mer. Non, nous sommes all\u00e9s chercher <strong>des randonn\u00e9es insolites et peu connues du grand public<\/strong> \u00e0 faire en Seine-Maritime pour changer un peu vos habitudes et d\u00e9couvrir le territoire. Voici <strong>notre top\u00a010<\/strong>, concoct\u00e9 avec l\u2019aide des \u00e9quipes de Seine-Maritime Attractivit\u00e9.<\/p>\n<p>Les randonn\u00e9es peu connues \u00e0 faire en Seine-Maritime<\/p>\n<ul class=\" wall-content\">\n<li><strong>La Sente aux moines (boucle de 19,2\u00a0km)<\/strong><\/li>\n<\/ul>\n<p class=\" wall-content\">Il s\u2019agit d\u2019une randonn\u00e9e relativement difficile sur Caux Seine Agglo qui pr\u00e9sente pas mal de d\u00e9nivel\u00e9. Celle balade \u00ab\u2009fait <strong>d\u00e9couvrir l\u2019abbaye de Jumi\u00e8ges<\/strong> par le bac et permet d\u2019admirer un joli panorama sur la Seine en passant par la for\u00eat de Brotonne\u2009\u00bb. Le d\u00e9part se fait d\u2019Heurteauville, et il faut compter environ 5\u00a0heures de marche.<\/p>\n<p class=\" wall-content\"><a href=\"https:\/\/www.seine-maritime-tourisme.com\/offres\/la-sente-aux-moines-heurteauville-fr-5138171\/\" target=\"_blank\" rel=\"noopener\">La fiche descriptive de la randonn\u00e9e<\/a><\/p>\n<ul class=\" wall-content\">\n<li><strong>Les deux Ch\u00eanes (boucle de 10,4\u00a0km)<\/strong><\/li>\n<\/ul>\n<p class=\" wall-content\">Une marche \u00e0 <strong>Allouville-Bellefosse<\/strong> au d\u00e9part de l\u2019Office de Tourisme, \u00ab\u2009pour d\u00e9couvrir la curiosit\u00e9 locale et le plus vieil arbre de France\u2009\u00bb. Un parcours id\u00e9al pour les familles avec 3\u00a0heures de marche. Seine-Maritime Tourisme conseille de faire cette randonn\u00e9e de juin \u00e0 ao\u00fbt \u00ab\u2009pour admirer les nombreux hydrangeas du ravissant hameau du Bosc-\u00e0-Boc\u2009\u00bb.<\/p>\n<p class=\" wall-content\"><a href=\"https:\/\/www.seine-maritime-tourisme.com\/offres\/les-deux-chenes-allouville-bellefosse-fr-5133830\/\" target=\"_blank\" rel=\"noopener\">La fiche descriptive de la randonn\u00e9e<\/a><\/p>\n<ul class=\" wall-content\">\n<li><strong>Le jardin du Roi de Rome (boucle de 6\u00a0km)<\/strong><\/li>\n<\/ul>\n<p class=\" wall-content\">Cette boucle au d\u00e9part des <strong>Ventes-Saint-R\u00e9my<\/strong>, dans le secteur de Neufch\u00e2tel-en-Bray, vous fera traverser la for\u00eat d\u2019Eawy, un massif forestier en partie class\u00e9 en zone Natura 2000. Cette petite balade, plut\u00f4t facile, prendra 1h30.<\/p>\n<p class=\" wall-content\"><a href=\"https:\/\/www.seine-maritime-tourisme.com\/offres\/le-jardin-du-roi-de-rome-ventes-saint-remy-fr-5133236\/\" target=\"_blank\" rel=\"noopener\">La fiche descriptive de la randonn\u00e9e<\/a><\/p>\n<ul class=\" wall-content\">\n<li><strong>Le domaine des Hogues (boucle de 6,5\u00a0km)<\/strong><\/li>\n<\/ul>\n<p class=\" wall-content\">On profite un peu de la c\u00f4te seinomarine avec cette balade \u00e0 <strong>Yport <\/strong>qui permet de d\u00e9couvrir les alentours de ce charmant petit village pr\u00e8s de F\u00e9camp. Une randonn\u00e9e facile et accessible, faisable en moins de deux heures.<\/p>\n<p class=\" wall-content\"><a href=\"https:\/\/www.seine-maritime-tourisme.com\/offres\/le-domaine-des-hogues-yport-fr-5134058\/\" target=\"_blank\" rel=\"noopener\">La fiche descriptive de la randonn\u00e9e<\/a><\/p>\n<ul class=\" wall-content\">\n<li><strong>Le bois Lambert (boucle de 9\u00a0km)<\/strong><\/li>\n<\/ul>\n<p class=\" wall-content\">Au travers de cette boucle balis\u00e9e, au d\u00e9part d\u2019H\u00e9ricourt-en-Caux, vous apercevrez les sources de la Durdent, un petit fleuve situ\u00e9 en plein du c\u0153ur du Pays de Caux. Une balade d\u2019un peu plus de 2\u00a0heures, \u00e0 la d\u00e9couverte de la campagne de la Seine-Maritime, entre rivi\u00e8re et champs.<\/p>\n<p class=\" wall-content\"><a href=\"https:\/\/www.seine-maritime-tourisme.com\/offres\/le-bois-lambert-hericourt-en-caux-fr-5135928\/\" target=\"_blank\" rel=\"noopener\">La fiche descriptive de la randonn\u00e9e<\/a><\/p>\n<ul class=\" wall-content\">\n<li><strong>Le Chevreuil (boucle de 19\u00a0km)<\/strong><\/li>\n<\/ul>\n<p class=\" wall-content\">On part cette fois-ci sur une randonn\u00e9e un peu plus longue pour ceux qui veulent se challenger et admirer la belle for\u00eat de Lyons. Au d\u00e9part de la commune de La Feuillie, \u00e0 l\u2019est de Rouen, cette marche prendra 5\u00a0heures de votre temps.<\/p>\n<p class=\" wall-content\"><a href=\"https:\/\/www.seine-maritime-tourisme.com\/offres\/le-chevreuil-la-feuillie-fr-5137740\/\" target=\"_blank\" rel=\"noopener\">La fiche descriptive de la randonn\u00e9e<\/a><\/p>\n<ul class=\" wall-content\">\n<li><strong>Le Chemin de la Sa\u00e2ne (boucle de 12\u00a0km)<\/strong><\/li>\n<\/ul>\n<p class=\" wall-content\">D\u00e9part du c\u00f4t\u00e9 de Quiberville pour une boucle de 12\u00a0km qui permet de profiter aussi bien du front de mer de Quiberville que de la vall\u00e9e de la Sa\u00e2ne et de la campagne environnante. Comptez 3\u00a0heures de randonn\u00e9e.<\/p>\n<p class=\" wall-content\"><a href=\"https:\/\/www.seine-maritime-tourisme.com\/offres\/le-chemin-de-la-saane-quiberville-fr-5137051\/\" target=\"_blank\" rel=\"noopener\">La fiche descriptive de la randonn\u00e9e<\/a><\/p>\n<ul class=\" wall-content\">\n<li><strong>Le chemin du Panorama (boucle de 4,5\u00a0km)<\/strong><\/li>\n<\/ul>\n<p class=\" wall-content\">Petit tour dans les boucles de la Seine, du c\u00f4t\u00e9 \u00e0 Duclair, pour une randonn\u00e9e \u00ab\u2009qui porte bien son nom avec des panoramas XXL sur la Seine\u2009\u00bb. Une marche facile et agr\u00e9able qui prendra \u00e0 peu pr\u00e8s 1 heure.<\/p>\n<p class=\" wall-content\"><a href=\"https:\/\/www.seine-maritime-tourisme.com\/offres\/le-chemin-du-panorama-duclair-fr-5135648\/\" target=\"_blank\" rel=\"noopener\">La fiche descriptive de la randonn\u00e9e<\/a><\/p>\n<ul class=\" wall-content\">\n<li><strong>La Reine M\u00e8re (boucle de 5\u00a0km)<\/strong><\/li>\n<\/ul>\n<p class=\" wall-content\">Lors de cette marche d\u2019environ 1 heure, on part \u00ab\u2009\u00e0 la d\u00e9couverte de la for\u00eat indivis\u00e9e d\u2019Eu, entre partimoine naturel et construit avec de nombreuses curiosit\u00e9s \u00e0 voir sur le parcours\u2009\u00bb. Un sentier id\u00e9al, pour une tr\u00e8s belle vue sur la Vall\u00e9e de l\u2019Y\u00e8res.<\/p>\n<p class=\" wall-content\"><a href=\"https:\/\/www.seine-maritime-tourisme.com\/offres\/la-reine-mere-dancourt-fr-5136690\/\" target=\"_blank\" rel=\"noopener\">La fiche descriptive de la randonn\u00e9e<\/a><\/p>\n<ul class=\" wall-content\">\n<li><strong>Le Parc de Rouelles (boucle de 7,5\u00a0km)<\/strong><\/li>\n<\/ul>\n<p class=\" wall-content\">Cette sortie \u00e0 travers le poumon vert de la ville du\u00a0Havre, le parc de Rouelles, vous fera d\u00e9couvrir en un peu plus de deux heures un espace un peu excentr\u00e9 mais qui vaut le d\u00e9tour\u2009! \u00ab\u2009Cette balade vous fera passer devant de nombreux points d\u2019int\u00e9r\u00eat insolites \u00e0 travers les prairies, les bois, les \u00e9tangs et les marais.\u2009\u00bb<\/p>\n<p class=\" wall-content\"><a href=\"https:\/\/www.seine-maritime-tourisme.com\/offres\/pr-parc-de-rouelles-le-havre-fr-5135482\/\" target=\"_blank\" rel=\"noopener\">La fiche descriptive de la randonn\u00e9e<\/a><\/p>\n<p>Suivez l\u2019actualit\u00e9 de Rouen sur <a href=\"https:\/\/www.whatsapp.com\/channel\/0029VaKfnf99hXF2ddApFB1D\" target=\"_blank\" rel=\"noopener\">notre cha\u00eene WhatsApp<\/a> et sur <a href=\"https:\/\/www.tiktok.com\/@76actu.fr?lang=fr\" target=\"_blank\" rel=\"noopener\">notre compte TikTok<\/a>Suivez l\u2019actualit\u00e9 du\u00a0Havre sur <a href=\"https:\/\/www.whatsapp.com\/channel\/0029VaFqJYE8aKvLBwVrEe0o\" target=\"_blank\" rel=\"noopener\">notre cha\u00eene WhatsApp<\/a> et sur <a href=\"https:\/\/www.tiktok.com\/@76actu.fr?lang=fr\" target=\"_blank\" rel=\"noopener\">notre compte TikTok<\/a><\/p>\n<p class=\" wall-content\">Suivez toute l\u2019actualit\u00e9 de vos villes et m\u00e9dias favoris en vous inscrivant \u00e0 <a href=\"https:\/\/moncompte.actu.fr\" title=\"D\u00e9couvez Mon Actu\" rel=\"nofollow noopener\" data-trk=\"{&quot;cta&quot;:{&quot;action&quot;:&quot;https:\\\/\\\/moncompte.actu.fr&quot;,&quot;category&quot;:&quot;mon compte&quot;,&quot;from&quot;:&quot;article footer&quot;,&quot;name&quot;:&quot;Mon actu&quot;,&quot;type&quot;:&quot;cta&quot;}}\" target=\"_blank\">Mon Actu<\/a>.<\/p>\n<p>                    <script async src=\"\/\/www.tiktok.com\/embed.js\"><\/script><\/p>\n","protected":false},"excerpt":{"rendered":"Par Adrien Filoche Publi\u00e9 le 22 juil. 2025 \u00e0 20h30 Ici, pas question d\u2019une balade le long de&hellip;\n","protected":false},"author":2,"featured_media":266284,"comment_status":"","ping_status":"","sticky":false,"template":"","format":"standard","meta":{"footnotes":""},"categories":[9587],"tags":[1111,11,1777,674,1011,27,1652,12,5161,7553,25,9590,602],"class_list":{"0":"post-266283","1":"post","2":"type-post","3":"status-publish","4":"format-standard","5":"has-post-thumbnail","7":"category-rouen","8":"tag-actu","9":"tag-actualites","10":"tag-eu","11":"tag-europe","12":"tag-fr","13":"tag-france","14":"tag-loisirs-culture","15":"tag-news","16":"tag-normandie","17":"tag-randonnee","18":"tag-republique-francaise","19":"tag-rouen","20":"tag-tourisme"},"share_on_mastodon":{"url":"https:\/\/pubeurope.com\/@fr\/114898458576018504","error":""},"_links":{"self":[{"href":"https:\/\/www.europesays.com\/fr\/wp-json\/wp\/v2\/posts\/266283","targetHints":{"allow":["GET"]}}],"collection":[{"href":"https:\/\/www.europesays.com\/fr\/wp-json\/wp\/v2\/posts"}],"about":[{"href":"https:\/\/www.europesays.com\/fr\/wp-json\/wp\/v2\/types\/post"}],"author":[{"embeddable":true,"href":"https:\/\/www.europesays.com\/fr\/wp-json\/wp\/v2\/users\/2"}],"replies":[{"embeddable":true,"href":"https:\/\/www.europesays.com\/fr\/wp-json\/wp\/v2\/comments?post=266283"}],"version-history":[{"count":0,"href":"https:\/\/www.europesays.com\/fr\/wp-json\/wp\/v2\/posts\/266283\/revisions"}],"wp:featuredmedia":[{"embeddable":true,"href":"https:\/\/www.europesays.com\/fr\/wp-json\/wp\/v2\/media\/266284"}],"wp:attachment":[{"href":"https:\/\/www.europesays.com\/fr\/wp-json\/wp\/v2\/media?parent=266283"}],"wp:term":[{"taxonomy":"category","embeddable":true,"href":"https:\/\/www.europesays.com\/fr\/wp-json\/wp\/v2\/categories?post=266283"},{"taxonomy":"post_tag","embeddable":true,"href":"https:\/\/www.europesays.com\/fr\/wp-json\/wp\/v2\/tags?post=266283"}],"curies":[{"name":"wp","href":"https:\/\/api.w.org\/{rel}","templated":true}]}}