{"id":266289,"date":"2025-07-22T19:10:17","date_gmt":"2025-07-22T19:10:17","guid":{"rendered":"https:\/\/www.europesays.com\/fr\/266289\/"},"modified":"2025-07-22T19:10:17","modified_gmt":"2025-07-22T19:10:17","slug":"grenoble-la-justice-annule-loqtf-de-linfluenceur-algerien-imad-tintin","status":"publish","type":"post","link":"https:\/\/www.europesays.com\/fr\/266289\/","title":{"rendered":"Grenoble. La justice annule l\u2019OQTF de l\u2019influenceur alg\u00e9rien Imad Tintin"},"content":{"rendered":"<p>Le tribunal administratif de Grenoble a annul\u00e9 lundi l\u2019obligation de quitter le territoire fran\u00e7ais (OQTF) visant l\u2019influenceur alg\u00e9rien Imad Tintin, rapporte ce mardi soir <a href=\"https:\/\/www.ledauphine.com\/faits-divers-justice\/2025\/07\/22\/isere-grenoble-l-oqtf-d-imad-tintin-annulee-par-le-tribunal-administratif\" target=\"_blank\" rel=\"nofollow noopener\">Le Dauphin\u00e9 Lib\u00e9r\u00e9<\/a>.<\/p>\n<p>Cette OQTF avait \u00e9t\u00e9 \u00e9mise par la pr\u00e9fecture de l\u2019Is\u00e8re le 5\u00a0janvier \u00e0 l\u2019encontre d\u2019Imad Ould Brahim de son vrai nom, habitant de la commune d\u2019\u00c9chirolles, voisine de Grenoble.<\/p>\n<p>L\u2019homme de 31\u00a0ans \u00ab\u200an\u00e9 en Alg\u00e9rie et arriv\u00e9 en France en 2021\u200a\u00bb, comme le rappelle le quotidien local, est vis\u00e9 par la justice pour <a href=\"https:\/\/www.lalsace.fr\/faits-divers-justice\/2025\/06\/13\/influenceur-algerien-imad-tintin-une-amende-pas-adaptee-pour-le-parquet-qui-fait-appel\" target=\"_blank\" rel=\"nofollow noopener\">des propos violents \u2013 et contest\u00e9s<\/a> \u2013 prof\u00e9r\u00e9s sur le r\u00e9seau social TikTok.<\/p>\n<p>Nouvelle d\u00e9cision de la pr\u00e9fecture d\u2019ici trois mois<\/p>\n<p>Mais son avocat a mis en avant lors de l\u2019audience du 3\u00a0juillet qu\u2019Imad Tintin a une fille de nationalit\u00e9 fran\u00e7aise. Il a \u00ab\u200a\u00e0 ce titre, fait une demande de titre de s\u00e9jour ayant pour motif \u201cvie priv\u00e9e et familiale\u201d le 29\u00a0d\u00e9cembre 2024, soit une semaine avant l\u2019OQTF d\u00e9livr\u00e9e par la pr\u00e9fecture\u200a\u00bb.<\/p>\n<p>\u00ab\u200aLa pr\u00e9fecture aurait d\u00fb s\u2019assurer que l\u2019\u00c9chirollois n\u2019avait pas fait de demande de titre de s\u00e9jour\u200a\u00bb, explique Le Dauphin\u00e9 Lib\u00e9r\u00e9. Cette derni\u00e8re devra statuer \u00ab\u200a\u00e0 nouveau, \u00e0 la lumi\u00e8re de ces \u00e9l\u00e9ments, sur la situation d\u2019Imad Ould Brahim dans un d\u00e9lai de trois mois\u200a\u00bb, ajoute le journal.<\/p>\n<p>Une amende de 450\u00a0euros<\/p>\n<p>Imad Tintin avait \u00e9t\u00e9 interpell\u00e9 d\u00e9but janvier en m\u00eame temps que plusieurs autres influenceurs alg\u00e9riens, en plein bras de fer entre Paris et Alger. Initialement poursuivi pour \u00ab\u200aprovocation directe \u00e0 un acte de terrorisme\u200a\u00bb.<\/p>\n<p>Il a finalement \u00e9t\u00e9 condamn\u00e9 d\u00e9but juin \u00e0 450\u00a0euros d\u2019amende, les faits ayant \u00e9t\u00e9 requalifi\u00e9s en \u00ab\u200amenaces de commettre des violences\u200a\u00bb sur la base d\u2019une nouvelle traduction de ses propos, \u00e9mis en arabe.<\/p>\n<p>Une premi\u00e8re traduction fournie par un autre influenceur alg\u00e9rien affirmait qu\u2019Imad Tintin appelait \u00e0 \u00ab\u200abr\u00fbler vif, tuer et violer sur le sol fran\u00e7ais\u200a\u00bb dans la vid\u00e9o, mais un expert a assur\u00e9 que cette phrase n\u2019y apparaissait pas. Le parquet a fait appel de cette condamnation jugeant l\u2019amende \u00ab\u200apas adapt\u00e9e\u200a\u00bb.<\/p>\n<p class=\"note\"><strong><a href=\"https:\/\/www.ledauphine.com\/faits-divers-justice\/2025\/07\/22\/isere-grenoble-l-oqtf-d-imad-tintin-annulee-par-le-tribunal-administratif\" target=\"_blank\" rel=\"nofollow noopener\">&gt;&gt; Lire l&rsquo;article complet du Dauphin\u00e9 Lib\u00e9r\u00e9 ici.<\/a><\/strong><\/p>\n","protected":false},"excerpt":{"rendered":"Le tribunal administratif de Grenoble a annul\u00e9 lundi l\u2019obligation de quitter le territoire fran\u00e7ais (OQTF) visant l\u2019influenceur alg\u00e9rien&hellip;\n","protected":false},"author":2,"featured_media":266290,"comment_status":"","ping_status":"","sticky":false,"template":"","format":"standard","meta":{"footnotes":""},"categories":[9566],"tags":[1111,11,2430,1777,674,274,107,1011,27,329,2731,12,316,25],"class_list":{"0":"post-266289","1":"post","2":"type-post","3":"status-publish","4":"format-standard","5":"has-post-thumbnail","7":"category-grenoble","8":"tag-actu","9":"tag-actualites","10":"tag-auvergne-rhone-alpes","11":"tag-eu","12":"tag-europe","13":"tag-faits-divers-justice","14":"tag-fil-info","15":"tag-fr","16":"tag-france","17":"tag-france-monde","18":"tag-grenoble","19":"tag-news","20":"tag-politique","21":"tag-republique-francaise"},"share_on_mastodon":{"url":"https:\/\/pubeurope.com\/@fr\/114898470378537924","error":""},"_links":{"self":[{"href":"https:\/\/www.europesays.com\/fr\/wp-json\/wp\/v2\/posts\/266289","targetHints":{"allow":["GET"]}}],"collection":[{"href":"https:\/\/www.europesays.com\/fr\/wp-json\/wp\/v2\/posts"}],"about":[{"href":"https:\/\/www.europesays.com\/fr\/wp-json\/wp\/v2\/types\/post"}],"author":[{"embeddable":true,"href":"https:\/\/www.europesays.com\/fr\/wp-json\/wp\/v2\/users\/2"}],"replies":[{"embeddable":true,"href":"https:\/\/www.europesays.com\/fr\/wp-json\/wp\/v2\/comments?post=266289"}],"version-history":[{"count":0,"href":"https:\/\/www.europesays.com\/fr\/wp-json\/wp\/v2\/posts\/266289\/revisions"}],"wp:featuredmedia":[{"embeddable":true,"href":"https:\/\/www.europesays.com\/fr\/wp-json\/wp\/v2\/media\/266290"}],"wp:attachment":[{"href":"https:\/\/www.europesays.com\/fr\/wp-json\/wp\/v2\/media?parent=266289"}],"wp:term":[{"taxonomy":"category","embeddable":true,"href":"https:\/\/www.europesays.com\/fr\/wp-json\/wp\/v2\/categories?post=266289"},{"taxonomy":"post_tag","embeddable":true,"href":"https:\/\/www.europesays.com\/fr\/wp-json\/wp\/v2\/tags?post=266289"}],"curies":[{"name":"wp","href":"https:\/\/api.w.org\/{rel}","templated":true}]}}