{"id":266291,"date":"2025-07-22T19:11:19","date_gmt":"2025-07-22T19:11:19","guid":{"rendered":"https:\/\/www.europesays.com\/fr\/266291\/"},"modified":"2025-07-22T19:11:19","modified_gmt":"2025-07-22T19:11:19","slug":"a-rennes-la-regulation-toujours-dactualite-pour-acceder-aux-services-durgences-des-hopitaux","status":"publish","type":"post","link":"https:\/\/www.europesays.com\/fr\/266291\/","title":{"rendered":"\u00c0 Rennes, la r\u00e9gulation toujours d\u2019actualit\u00e9 pour acc\u00e9der aux services d\u2019urgences des h\u00f4pitaux"},"content":{"rendered":"<p>La r\u00e9gulation a une nouvelle fois \u00e9t\u00e9 prolong\u00e9e pour acc\u00e9der aux services d\u2019urgences du CHU de Rennes-Pontchaillou, mais aussi des h\u00f4pitaux priv\u00e9s de Saint-Gr\u00e9goire et Cesson-S\u00e9vign\u00e9. Dans un communiqu\u00e9, le CHU a indiqu\u00e9 qu\u2019\u00e0 \u00ab \u00e0 partir du lundi 21 juillet 2025 18 h 30 et jusqu\u2019au mardi 30 septembre 2025 8 h, l\u2019appel au 15 est obligatoire avant tout acc\u00e8s aux services d\u2019urgences adultes et p\u00e9diatriques de la m\u00e9tropole rennaise, sur la tranche horaire de 18 h 30 \u00e0 8 h \u00bb.<\/p>\n<p>Une d\u00e9cision prise pour \u00ab garantir de bonnes conditions d\u2019accueil aux patients n\u00e9cessitant une hospitalisation, en orientant les autres situations vers les solutions les plus adapt\u00e9es, explique le CHU. Durant cette p\u00e9riode, les services d\u2019urgence font face \u00e0 une activit\u00e9 soutenue, marqu\u00e9e par une fr\u00e9quentation accrue du territoire en p\u00e9riode estivale, une r\u00e9gulation des effectifs m\u00e9dicaux pour garantir la continuit\u00e9 des soins. \u00bb<\/p>\n<p>\u00c0 noter que pour l\u2019\u00e9tablissement de Cesson-S\u00e9vign\u00e9, les urgences sont ferm\u00e9es de 22 h \u00e0 8 h jusqu\u2019au 1er octobre 2025. Le centre hospitalier de Saint-Gr\u00e9goire a, lui, \u00e9t\u00e9 <a href=\"https:\/\/www.letelegramme.fr\/ille-et-vilaine\/il-ny-a-pas-assez-de-soignants-cet-hopital-ferme-ses-urgences-la-nuit-en-ille-et-vilaine-6849481.php\" target=\"_blank\" rel=\"nofollow noopener\">contraint de faire de m\u00eame<\/a> du 7 juillet au 14 juillet, de 20 h \u00e0 8 h, en raison d\u2019un manque d\u2019effectif m\u00e9dical.<\/p>\n","protected":false},"excerpt":{"rendered":"La r\u00e9gulation a une nouvelle fois \u00e9t\u00e9 prolong\u00e9e pour acc\u00e9der aux services d\u2019urgences du CHU de Rennes-Pontchaillou, mais&hellip;\n","protected":false},"author":2,"featured_media":266292,"comment_status":"","ping_status":"","sticky":false,"template":"","format":"standard","meta":{"footnotes":""},"categories":[2821],"tags":[1111,11,829,1777,674,1011,27,848,12,584,25],"class_list":{"0":"post-266291","1":"post","2":"type-post","3":"status-publish","4":"format-standard","5":"has-post-thumbnail","7":"category-rennes","8":"tag-actu","9":"tag-actualites","10":"tag-bretagne","11":"tag-eu","12":"tag-europe","13":"tag-fr","14":"tag-france","15":"tag-ille-et-vilaine","16":"tag-news","17":"tag-rennes","18":"tag-republique-francaise"},"share_on_mastodon":{"url":"https:\/\/pubeurope.com\/@fr\/114898474376446055","error":""},"_links":{"self":[{"href":"https:\/\/www.europesays.com\/fr\/wp-json\/wp\/v2\/posts\/266291","targetHints":{"allow":["GET"]}}],"collection":[{"href":"https:\/\/www.europesays.com\/fr\/wp-json\/wp\/v2\/posts"}],"about":[{"href":"https:\/\/www.europesays.com\/fr\/wp-json\/wp\/v2\/types\/post"}],"author":[{"embeddable":true,"href":"https:\/\/www.europesays.com\/fr\/wp-json\/wp\/v2\/users\/2"}],"replies":[{"embeddable":true,"href":"https:\/\/www.europesays.com\/fr\/wp-json\/wp\/v2\/comments?post=266291"}],"version-history":[{"count":0,"href":"https:\/\/www.europesays.com\/fr\/wp-json\/wp\/v2\/posts\/266291\/revisions"}],"wp:featuredmedia":[{"embeddable":true,"href":"https:\/\/www.europesays.com\/fr\/wp-json\/wp\/v2\/media\/266292"}],"wp:attachment":[{"href":"https:\/\/www.europesays.com\/fr\/wp-json\/wp\/v2\/media?parent=266291"}],"wp:term":[{"taxonomy":"category","embeddable":true,"href":"https:\/\/www.europesays.com\/fr\/wp-json\/wp\/v2\/categories?post=266291"},{"taxonomy":"post_tag","embeddable":true,"href":"https:\/\/www.europesays.com\/fr\/wp-json\/wp\/v2\/tags?post=266291"}],"curies":[{"name":"wp","href":"https:\/\/api.w.org\/{rel}","templated":true}]}}