{"id":266303,"date":"2025-07-22T19:17:48","date_gmt":"2025-07-22T19:17:48","guid":{"rendered":"https:\/\/www.europesays.com\/fr\/266303\/"},"modified":"2025-07-22T19:17:48","modified_gmt":"2025-07-22T19:17:48","slug":"une-septuagenaire-grievement-blessee-dans-un-accident-de-voiture-avec-un-jeune-pres-de-nantes","status":"publish","type":"post","link":"https:\/\/www.europesays.com\/fr\/266303\/","title":{"rendered":"Une septuag\u00e9naire gri\u00e8vement bless\u00e9e dans un accident de voiture avec un jeune pr\u00e8s de Nantes"},"content":{"rendered":"<p>            Par<br \/>\n        <strong><br \/>\n            <a href=\"https:\/\/actu.fr\/auteur\/coralie-ganivet\" title=\"Consulter tous les articles de Coralie Ganivet\" target=\"_blank\" rel=\"noopener\">Coralie Ganivet<\/a><br \/>\n        <\/strong><\/p>\n<p>        Publi\u00e9 le<\/p>\n<p>            21 juil. 2025 \u00e0 16h02        <\/p>\n<p>Les sapeurs-pompiers intervenus sur les lieux parlent d\u2019un accident \u00ab\u2009\u00e0 forte cin\u00e9tique\u2009\u00bb. C\u2019est-\u00e0-dire d\u2019<b>un accident o\u00f9 la vitesse est en jeu<\/b>.<\/p>\n<p class=\" wall-content\">Il s\u2019est produit vers 8\u2009h\u200930 \u00e0 Portillon, un lieu-dit rattach\u00e9 \u00e0 la ville de <a href=\"https:\/\/actu.fr\/pays-de-la-loire\/vertou_44215\" target=\"_blank\" rel=\"noopener\">Vertou<\/a>. Dans l\u2019un des deux v\u00e9hicules impliqu\u00e9s, il y avait <b>un jeune de 18\u00a0ans<\/b>. Il a \u00e9t\u00e9 l\u00e9g\u00e8rement bless\u00e9.<\/p>\n<p class=\" wall-content\">Dans l\u2019autre v\u00e9hicule, une septuag\u00e9naire qui a eu moins de chance. Cette <b>femme de 74\u00a0ans pr\u00e9cis\u00e9ment a \u00e9t\u00e9 gri\u00e8vement bless\u00e9e<\/b> dans le choc.<\/p>\n<p class=\" wall-content\">Tous deux ont \u00e9t\u00e9 transport\u00e9s au CHU de Nantes.<\/p>\n<p class=\" wall-content\">Suivez toute l\u2019actualit\u00e9 de vos villes et m\u00e9dias favoris en vous inscrivant \u00e0 <a href=\"https:\/\/moncompte.actu.fr\" title=\"D\u00e9couvez Mon Actu\" rel=\"nofollow noopener\" data-trk=\"{&quot;cta&quot;:{&quot;action&quot;:&quot;https:\\\/\\\/moncompte.actu.fr&quot;,&quot;category&quot;:&quot;mon compte&quot;,&quot;from&quot;:&quot;article footer&quot;,&quot;name&quot;:&quot;Mon actu&quot;,&quot;type&quot;:&quot;cta&quot;}}\" target=\"_blank\">Mon Actu<\/a>.<\/p>\n<ul class=\"ac-article-tag wall-content\">\n<li><a href=\"https:\/\/actu.fr\/tag\/accident\" data-trk=\"{&quot;cta&quot;:{&quot;action&quot;:&quot;Accident&quot;,&quot;category&quot;:&quot;tag&quot;,&quot;from&quot;:&quot;article footer&quot;,&quot;name&quot;:&quot;Accident&quot;,&quot;type&quot;:&quot;cta&quot;}}\" target=\"_blank\" rel=\"noopener\">#Accident<\/a><\/li>\n<li><a href=\"https:\/\/actu.fr\/tag\/vignoble-nantais\" data-trk=\"{&quot;cta&quot;:{&quot;action&quot;:&quot;Vignoble nantais&quot;,&quot;category&quot;:&quot;tag&quot;,&quot;from&quot;:&quot;article footer&quot;,&quot;name&quot;:&quot;Vignoble nantais&quot;,&quot;type&quot;:&quot;cta&quot;}}\" target=\"_blank\" rel=\"noopener\">#Vignoble nantais<\/a><\/li>\n<\/ul>\n","protected":false},"excerpt":{"rendered":"Par Coralie Ganivet Publi\u00e9 le 21 juil. 2025 \u00e0 16h02 Les sapeurs-pompiers intervenus sur les lieux parlent d\u2019un&hellip;\n","protected":false},"author":2,"featured_media":266304,"comment_status":"","ping_status":"","sticky":false,"template":"","format":"standard","meta":{"footnotes":""},"categories":[2818],"tags":[119,1111,11,1777,674,118,1011,27,766,12,2636,25,2900],"class_list":{"0":"post-266303","1":"post","2":"type-post","3":"status-publish","4":"format-standard","5":"has-post-thumbnail","7":"category-nantes","8":"tag-accident","9":"tag-actu","10":"tag-actualites","11":"tag-eu","12":"tag-europe","13":"tag-faits-divers","14":"tag-fr","15":"tag-france","16":"tag-nantes","17":"tag-news","18":"tag-pays-de-la-loire","19":"tag-republique-francaise","20":"tag-vignoble-nantais"},"share_on_mastodon":{"url":"https:\/\/pubeurope.com\/@fr\/114898502092718611","error":""},"_links":{"self":[{"href":"https:\/\/www.europesays.com\/fr\/wp-json\/wp\/v2\/posts\/266303","targetHints":{"allow":["GET"]}}],"collection":[{"href":"https:\/\/www.europesays.com\/fr\/wp-json\/wp\/v2\/posts"}],"about":[{"href":"https:\/\/www.europesays.com\/fr\/wp-json\/wp\/v2\/types\/post"}],"author":[{"embeddable":true,"href":"https:\/\/www.europesays.com\/fr\/wp-json\/wp\/v2\/users\/2"}],"replies":[{"embeddable":true,"href":"https:\/\/www.europesays.com\/fr\/wp-json\/wp\/v2\/comments?post=266303"}],"version-history":[{"count":0,"href":"https:\/\/www.europesays.com\/fr\/wp-json\/wp\/v2\/posts\/266303\/revisions"}],"wp:featuredmedia":[{"embeddable":true,"href":"https:\/\/www.europesays.com\/fr\/wp-json\/wp\/v2\/media\/266304"}],"wp:attachment":[{"href":"https:\/\/www.europesays.com\/fr\/wp-json\/wp\/v2\/media?parent=266303"}],"wp:term":[{"taxonomy":"category","embeddable":true,"href":"https:\/\/www.europesays.com\/fr\/wp-json\/wp\/v2\/categories?post=266303"},{"taxonomy":"post_tag","embeddable":true,"href":"https:\/\/www.europesays.com\/fr\/wp-json\/wp\/v2\/tags?post=266303"}],"curies":[{"name":"wp","href":"https:\/\/api.w.org\/{rel}","templated":true}]}}