{"id":266313,"date":"2025-07-22T19:22:09","date_gmt":"2025-07-22T19:22:09","guid":{"rendered":"https:\/\/www.europesays.com\/fr\/266313\/"},"modified":"2025-07-22T19:22:09","modified_gmt":"2025-07-22T19:22:09","slug":"toulouse-les-secours-interviennent-pour-une-fuite-de-gaz-dans-ce-quartier-ce-quil-sest-passe","status":"publish","type":"post","link":"https:\/\/www.europesays.com\/fr\/266313\/","title":{"rendered":"Toulouse. Les secours interviennent pour une fuite de gaz dans ce quartier, ce qu&rsquo;il s&rsquo;est pass\u00e9"},"content":{"rendered":"<p>            Par<br \/>\n        <strong><br \/>\n            <a href=\"https:\/\/actu.fr\/auteur\/guillaume-laurens\" title=\"Consulter tous les articles de Guillaume Laurens\" rel=\"nofollow noopener\" target=\"_blank\">Guillaume Laurens<\/a><br \/>\n        <\/strong><\/p>\n<p>        Publi\u00e9 le<\/p>\n<p>            22 juil. 2025 \u00e0 20h18        <\/p>\n<p>Coup de chaud ce mardi 22 juillet 2025 dans l\u2019apr\u00e8s-midi au nord de <strong><a href=\"https:\/\/actu.fr\/toulouse\/\" rel=\"nofollow noopener\" target=\"_blank\">Toulouse<\/a>.<\/strong> Vers 13h40, le SDIS de la Haute-Garonne est intervenu pour une <strong>\u00ab\u00a0proc\u00e9dure gaz renforc\u00e9e\u00a0\u00bb<\/strong> suite \u00e0 une <strong>fuite<\/strong> rep\u00e9r\u00e9e au niveau de l\u2019impasse Gruney, entre les quartiers Borderouge et Bonnefoy.<\/p>\n<p>L\u2019entreprise de terrassement endommage le r\u00e9seau de gaz<\/p>\n<p class=\" wall-content\">\u00c0 leur arriv\u00e9e sur place, rapporte le SDIS, les secours ont constat\u00e9 <strong>une fuite de gaz<\/strong> sur <strong>voie publique<\/strong> apr\u00e8s des travaux. Il s\u2019agit en r\u00e9alit\u00e9 d\u2019un dommage-ouvrage selon GRDF, dont les \u00e9quipes ont constat\u00e9 (puis colmat\u00e9) <strong>une fuite occasionn\u00e9 sur un branchement<\/strong> d\u2019un immeuble collectif, les installations de gaz ayant \u00e9t\u00e9 endommag\u00e9es par <strong>une entreprise de terrassement<\/strong>, qui effectuait des travaux sur place.<\/p>\n<p>P\u00e9rim\u00e8tre de s\u00e9curit\u00e9 et interdiction de circulation<\/p>\n<p class=\" wall-content\">Les secours ont instaur\u00e9 un <strong>p\u00e9rim\u00e8tre de s\u00e9curit\u00e9<\/strong>, les habitants concern\u00e9s ont \u00e9t\u00e9 momentan\u00e9ment priv\u00e9s de gaz, et la rue a \u00e9t\u00e9 enti\u00e8rement coup\u00e9e \u00e0 <strong>la circulation<\/strong>, dans les deux sens, le temps de l\u2019intervention. Le SDIS de la Haute-Garonne a de son c\u00f4t\u00e9 d\u00e9ploy\u00e9 13 sapeurs-pompiers sur les lieux.<\/p>\n<p>    <a href=\"https:\/\/www.google.com\/maps\/embed?pb=!1m14!1m8!1m3!1d11551.27654400212!2d1.4384942!3d43.6311232!3m2!1i1024!2i768!4f13.1!3m3!1m2!1s0x12aebcab6178e251%3A0x2fc5abce2365225!2sImp.%20Gruney%2C%2031200%20Toulouse!5e0!3m2!1sfr!2sfr!4v1753207566465!5m2!1sfr!2sfr\" title=\"Ouvrie le lien\" rel=\"nofollow noopener\" target=\"_blank\">Cliquez ici pour visualiser le contenu<\/a><\/p>\n<p>Vid\u00e9os : en ce moment sur Actu<\/p>\n<p class=\" wall-content\">Suivez toute l\u2019actualit\u00e9 de vos villes et m\u00e9dias favoris en vous inscrivant \u00e0 <a href=\"https:\/\/moncompte.actu.fr\" title=\"D\u00e9couvez Mon Actu\" rel=\"nofollow noopener\" data-trk=\"{&quot;cta&quot;:{&quot;action&quot;:&quot;https:\\\/\\\/moncompte.actu.fr&quot;,&quot;category&quot;:&quot;mon compte&quot;,&quot;from&quot;:&quot;article footer&quot;,&quot;name&quot;:&quot;Mon actu&quot;,&quot;type&quot;:&quot;cta&quot;}}\" target=\"_blank\">Mon Actu<\/a>.<\/p>\n","protected":false},"excerpt":{"rendered":"Par Guillaume Laurens Publi\u00e9 le 22 juil. 2025 \u00e0 20h18 Coup de chaud ce mardi 22 juillet 2025&hellip;\n","protected":false},"author":2,"featured_media":266314,"comment_status":"","ping_status":"","sticky":false,"template":"","format":"standard","meta":{"footnotes":""},"categories":[2816],"tags":[1111,11,1777,674,118,1011,27,843,12,2680,1311,25,2312],"class_list":{"0":"post-266313","1":"post","2":"type-post","3":"status-publish","4":"format-standard","5":"has-post-thumbnail","7":"category-toulouse","8":"tag-actu","9":"tag-actualites","10":"tag-eu","11":"tag-europe","12":"tag-faits-divers","13":"tag-fr","14":"tag-france","15":"tag-gaz","16":"tag-news","17":"tag-occitanie","18":"tag-pompiers","19":"tag-republique-francaise","20":"tag-toulouse"},"share_on_mastodon":{"url":"https:\/\/pubeurope.com\/@fr\/114898517638281317","error":""},"_links":{"self":[{"href":"https:\/\/www.europesays.com\/fr\/wp-json\/wp\/v2\/posts\/266313","targetHints":{"allow":["GET"]}}],"collection":[{"href":"https:\/\/www.europesays.com\/fr\/wp-json\/wp\/v2\/posts"}],"about":[{"href":"https:\/\/www.europesays.com\/fr\/wp-json\/wp\/v2\/types\/post"}],"author":[{"embeddable":true,"href":"https:\/\/www.europesays.com\/fr\/wp-json\/wp\/v2\/users\/2"}],"replies":[{"embeddable":true,"href":"https:\/\/www.europesays.com\/fr\/wp-json\/wp\/v2\/comments?post=266313"}],"version-history":[{"count":0,"href":"https:\/\/www.europesays.com\/fr\/wp-json\/wp\/v2\/posts\/266313\/revisions"}],"wp:featuredmedia":[{"embeddable":true,"href":"https:\/\/www.europesays.com\/fr\/wp-json\/wp\/v2\/media\/266314"}],"wp:attachment":[{"href":"https:\/\/www.europesays.com\/fr\/wp-json\/wp\/v2\/media?parent=266313"}],"wp:term":[{"taxonomy":"category","embeddable":true,"href":"https:\/\/www.europesays.com\/fr\/wp-json\/wp\/v2\/categories?post=266313"},{"taxonomy":"post_tag","embeddable":true,"href":"https:\/\/www.europesays.com\/fr\/wp-json\/wp\/v2\/tags?post=266313"}],"curies":[{"name":"wp","href":"https:\/\/api.w.org\/{rel}","templated":true}]}}