{"id":266319,"date":"2025-07-22T19:25:10","date_gmt":"2025-07-22T19:25:10","guid":{"rendered":"https:\/\/www.europesays.com\/fr\/266319\/"},"modified":"2025-07-22T19:25:10","modified_gmt":"2025-07-22T19:25:10","slug":"abdel-rahman-el-bacha-chopin-en-contraste","status":"publish","type":"post","link":"https:\/\/www.europesays.com\/fr\/266319\/","title":{"rendered":"Abdel Rahman El Bacha, Chopin en contraste"},"content":{"rendered":"<p>Ce lundi 21\u00a0juillet, <a href=\"https:\/\/www.laprovence.com\/article\/culture-loisirs\/1936532803966914\/pres-de-80-pianistes-pour-92-concerts-rene-martin-devoile-les-tetes-d-affiche-du-festival-de-la-roque-d-antheron\" target=\"_blank\" rel=\"noopener\">le festival international de piano de La Roque d\u2019Anth\u00e9ron <\/a>s\u2019\u00e9tait d\u00e9localis\u00e9 \u00e0 Marseille, dans l\u2019\u00e9crin bois\u00e9 de l\u2019auditorium du Pharo. Loin du tumulte ext\u00e9rieur, et dans un d\u00e9cor feutr\u00e9, <a href=\"https:\/\/www.laprovence.com\/article\/culture-loisirs\/43071620301378\/abdel-rahman-el-bacha-l-interprete-est-celui-qui-fait-vivre-une-musique-qui-l-adapte-pour-la-rendre-vivante-aujourd-hui\" target=\"_blank\" rel=\"noopener\">Abdel Rahman El Bacha<\/a> invitait les spectateurs \u00e0 plonger dans les sentiments contraires, entre pens\u00e9es m\u00e9lancoliques et emportements joyeux, d\u2019un Chopin inclassable et intime. Le programme qu\u2019a choisi le pianiste franco-libanais, grand connaisseur du compositeur, r\u00e9unissait en effet huit Nocturnes et cinq Polonaises \u00e9crites entre\u00a01838 et\u00a01846.<\/p>\n","protected":false},"excerpt":{"rendered":"Ce lundi 21\u00a0juillet, le festival international de piano de La Roque d\u2019Anth\u00e9ron s\u2019\u00e9tait d\u00e9localis\u00e9 \u00e0 Marseille, dans l\u2019\u00e9crin&hellip;\n","protected":false},"author":2,"featured_media":266320,"comment_status":"","ping_status":"","sticky":false,"template":"","format":"standard","meta":{"footnotes":""},"categories":[2814],"tags":[17,40569,1111,11,251,40568,1777,674,849,1011,27,14,884,12,5176,882,25,40567],"class_list":{"0":"post-266319","1":"post","2":"type-post","3":"status-publish","4":"format-standard","5":"has-post-thumbnail","7":"category-marseille","8":"tag-17","9":"tag-abdel","10":"tag-actu","11":"tag-actualites","12":"tag-culture","13":"tag-dantheron","14":"tag-eu","15":"tag-europe","16":"tag-festival","17":"tag-fr","18":"tag-france","19":"tag-international","20":"tag-marseille","21":"tag-news","22":"tag-piano","23":"tag-provence-alpes-cote-dazur","24":"tag-republique-francaise","25":"tag-roque"},"share_on_mastodon":{"url":"https:\/\/pubeurope.com\/@fr\/114898529426272102","error":""},"_links":{"self":[{"href":"https:\/\/www.europesays.com\/fr\/wp-json\/wp\/v2\/posts\/266319","targetHints":{"allow":["GET"]}}],"collection":[{"href":"https:\/\/www.europesays.com\/fr\/wp-json\/wp\/v2\/posts"}],"about":[{"href":"https:\/\/www.europesays.com\/fr\/wp-json\/wp\/v2\/types\/post"}],"author":[{"embeddable":true,"href":"https:\/\/www.europesays.com\/fr\/wp-json\/wp\/v2\/users\/2"}],"replies":[{"embeddable":true,"href":"https:\/\/www.europesays.com\/fr\/wp-json\/wp\/v2\/comments?post=266319"}],"version-history":[{"count":0,"href":"https:\/\/www.europesays.com\/fr\/wp-json\/wp\/v2\/posts\/266319\/revisions"}],"wp:featuredmedia":[{"embeddable":true,"href":"https:\/\/www.europesays.com\/fr\/wp-json\/wp\/v2\/media\/266320"}],"wp:attachment":[{"href":"https:\/\/www.europesays.com\/fr\/wp-json\/wp\/v2\/media?parent=266319"}],"wp:term":[{"taxonomy":"category","embeddable":true,"href":"https:\/\/www.europesays.com\/fr\/wp-json\/wp\/v2\/categories?post=266319"},{"taxonomy":"post_tag","embeddable":true,"href":"https:\/\/www.europesays.com\/fr\/wp-json\/wp\/v2\/tags?post=266319"}],"curies":[{"name":"wp","href":"https:\/\/api.w.org\/{rel}","templated":true}]}}