{"id":266329,"date":"2025-07-22T19:31:32","date_gmt":"2025-07-22T19:31:32","guid":{"rendered":"https:\/\/www.europesays.com\/fr\/266329\/"},"modified":"2025-07-22T19:31:32","modified_gmt":"2025-07-22T19:31:32","slug":"meteo-france-place-paris-et-lile-de-france-en-vigilance-mercredi","status":"publish","type":"post","link":"https:\/\/www.europesays.com\/fr\/266329\/","title":{"rendered":"M\u00e9t\u00e9o-France place Paris et l&rsquo;\u00cele-de-France en vigilance mercredi"},"content":{"rendered":"<p>            Par<br \/>\n        <strong><br \/>\n            <a href=\"https:\/\/actu.fr\/auteur\/redaction-paris\" title=\"Consulter tous les articles de R\u00e9daction Paris\" rel=\"nofollow noopener\" target=\"_blank\">R\u00e9daction Paris<\/a><br \/>\n        <\/strong><\/p>\n<p>        Publi\u00e9 le<\/p>\n<p>            22 juil. 2025 \u00e0 20h00        <\/p>\n<p>23\u00a0juillet ou 16\u00a0novembre\u2009? Difficile \u00e0 dire si l\u2019on se fie seulement \u00e0 la couleur du <strong>ciel gris<\/strong> et charg\u00e9 de <strong>nuages<\/strong> qui surplombe Paris et l\u2019\u00cele-de-France depuis plusieurs jours. Et la situation n\u2019est pas pr\u00eate de s\u2019arranger\u2009: <a href=\"https:\/\/actu.fr\/tag\/meteo-france\" rel=\"nofollow noopener\" target=\"_blank\">M\u00e9t\u00e9o France<\/a> a d\u00e9clench\u00e9 la <a href=\"https:\/\/actu.fr\/ile-de-france\/paris_75056\/meteo-des-orages-s-abattent-sur-paris-et-l-ile-de-france-la-vigilance-jaune-declenchee_62936888.html\" rel=\"nofollow noopener\" target=\"_blank\">vigilance jaune orages<\/a> pour toute la journ\u00e9e de ce mercredi 23 juillet 2025.<\/p>\n<p>Du vent, de la pluie et des orages<\/p>\n<p class=\" wall-content\">Le jour se l\u00e8vera sous un ciel \u00ab\u2009couvert\u2009\u00bb avec \u00ab\u2009des pluies prenant un caract\u00e8re orageux\u2009\u00bb et des thermom\u00e8tres qui afficheront <strong>17\u00b0C<\/strong> \u00e0 8\u00a0heures. L\u2019apr\u00e8s-midi, les orages pourraient s\u2019intensifier et la pluie aussi. Il fera <strong>21\u00b0C<\/strong> \u00e0 14\u00a0heures.\u00a0Le vent sera aussi de la partie et pourrait souffler jusqu\u2019\u00e0 40\u00a0km\/h.<\/p>\n<p class=\" wall-content\">La vigilance jaune, <strong>deuxi\u00e8me \u00e9chelon<\/strong> d\u2019une alerte qui en compte quatre, ne n\u00e9cessite pas de prendre de pr\u00e9caution particuli\u00e8re, mais incite \u00e0 \u00eatre attentif.<\/p>\n<p class=\" wall-content\">La fin de la semaine ne sera pas plus ensoleill\u00e9e\u2009: de \u00ab\u2009faibles pluies\u2009\u00bb sont attendues toute la journ\u00e9e de jeudi 24\u00a0juillet 2025.\u00a0Le lendemain, vendredi 25\u00a0juillet 2025, l\u00e9g\u00e8re am\u00e9lioration, M\u00e9t\u00e9o France pr\u00e9voit un ciel \u00ab\u2009peu nuageux\u2009\u00bb. Les temp\u00e9ratures oscilleront entre <strong>16\u00b0C<\/strong> et <strong>23\u00b0C<\/strong>.<\/p>\n<p class=\" wall-content\">Suivez toute l\u2019actualit\u00e9 de vos villes et m\u00e9dias favoris en vous inscrivant \u00e0 <a href=\"https:\/\/moncompte.actu.fr\" title=\"D\u00e9couvez Mon Actu\" rel=\"nofollow noopener\" data-trk=\"{&quot;cta&quot;:{&quot;action&quot;:&quot;https:\\\/\\\/moncompte.actu.fr&quot;,&quot;category&quot;:&quot;mon compte&quot;,&quot;from&quot;:&quot;article footer&quot;,&quot;name&quot;:&quot;Mon actu&quot;,&quot;type&quot;:&quot;cta&quot;}}\" target=\"_blank\">Mon Actu<\/a>.<\/p>\n","protected":false},"excerpt":{"rendered":"Par R\u00e9daction Paris Publi\u00e9 le 22 juil. 2025 \u00e0 20h00 23\u00a0juillet ou 16\u00a0novembre\u2009? Difficile \u00e0 dire si l\u2019on&hellip;\n","protected":false},"author":2,"featured_media":266330,"comment_status":"","ping_status":"","sticky":false,"template":"","format":"standard","meta":{"footnotes":""},"categories":[1592],"tags":[1111,11,1777,674,1011,27,662,2487,2357,12,4594,626,25],"class_list":{"0":"post-266329","1":"post","2":"type-post","3":"status-publish","4":"format-standard","5":"has-post-thumbnail","7":"category-ile-de-france","8":"tag-actu","9":"tag-actualites","10":"tag-eu","11":"tag-europe","12":"tag-fr","13":"tag-france","14":"tag-ile-de-france","15":"tag-meteo","16":"tag-meteo-france","17":"tag-news","18":"tag-orages","19":"tag-paris","20":"tag-republique-francaise"},"share_on_mastodon":{"url":"https:\/\/pubeurope.com\/@fr\/114898552997053875","error":""},"_links":{"self":[{"href":"https:\/\/www.europesays.com\/fr\/wp-json\/wp\/v2\/posts\/266329","targetHints":{"allow":["GET"]}}],"collection":[{"href":"https:\/\/www.europesays.com\/fr\/wp-json\/wp\/v2\/posts"}],"about":[{"href":"https:\/\/www.europesays.com\/fr\/wp-json\/wp\/v2\/types\/post"}],"author":[{"embeddable":true,"href":"https:\/\/www.europesays.com\/fr\/wp-json\/wp\/v2\/users\/2"}],"replies":[{"embeddable":true,"href":"https:\/\/www.europesays.com\/fr\/wp-json\/wp\/v2\/comments?post=266329"}],"version-history":[{"count":0,"href":"https:\/\/www.europesays.com\/fr\/wp-json\/wp\/v2\/posts\/266329\/revisions"}],"wp:featuredmedia":[{"embeddable":true,"href":"https:\/\/www.europesays.com\/fr\/wp-json\/wp\/v2\/media\/266330"}],"wp:attachment":[{"href":"https:\/\/www.europesays.com\/fr\/wp-json\/wp\/v2\/media?parent=266329"}],"wp:term":[{"taxonomy":"category","embeddable":true,"href":"https:\/\/www.europesays.com\/fr\/wp-json\/wp\/v2\/categories?post=266329"},{"taxonomy":"post_tag","embeddable":true,"href":"https:\/\/www.europesays.com\/fr\/wp-json\/wp\/v2\/tags?post=266329"}],"curies":[{"name":"wp","href":"https:\/\/api.w.org\/{rel}","templated":true}]}}