{"id":266333,"date":"2025-07-22T19:33:12","date_gmt":"2025-07-22T19:33:12","guid":{"rendered":"https:\/\/www.europesays.com\/fr\/266333\/"},"modified":"2025-07-22T19:33:12","modified_gmt":"2025-07-22T19:33:12","slug":"dans-un-coin-prise-de-paris-une-celebre-journaliste-se-desolidarise-alors-que-des-habitants-sopposent-a-une-superette","status":"publish","type":"post","link":"https:\/\/www.europesays.com\/fr\/266333\/","title":{"rendered":"Dans un coin pris\u00e9 de Paris, une c\u00e9l\u00e8bre journaliste se d\u00e9solidarise alors que des habitants s&rsquo;opposent \u00e0 une sup\u00e9rette"},"content":{"rendered":"<p>Pierre Richard a assur\u00e9 dans une vid\u00e9o, le 20 juillet 2025, sur Instagram, qu&rsquo;il n&rsquo;\u00e9tait en aucun cas signataire d&rsquo;une p\u00e9tition contre l&rsquo;installation d&rsquo;un supermarch\u00e9, dans le 6e arrondissement de Paris. Mais il n&rsquo;est pas la seule personnalit\u00e9 \u00e0 avoir d\u00e9menti avoir sign\u00e9 ce texte qui fait le tour des r\u00e9seaux sociaux. Une journaliste, qui travaille sur l&rsquo;une des cha\u00eenes info les plus c\u00e9l\u00e8bres de France, s&rsquo;est elle aussi exprim\u00e9e \u00e0 ce sujet.<\/p>\n<p>La pol\u00e9mique enfle, depuis plusieurs jours, \u00e0 Paris, apr\u00e8s <strong>la diffusion d&rsquo;une p\u00e9tition sur l&rsquo;installation d&rsquo;un Carrefour City<\/strong>, dans le 6e arrondissement de la capitale. Les signataires de ce texte d\u00e9noncent en effet l&rsquo;implantation, dans ce quartier cossu, d&rsquo;un petit supermarch\u00e9, craignant les \u00ab\u00a0nuisances\u00a0\u00bb que cela pourrait engendrer. Si cette fronde des riverains de ce secteur hupp\u00e9 a fait le tour des r\u00e9seaux sociaux et la Une de la presse ces derniers jours, c&rsquo;est parce que <strong>plusieurs personnalit\u00e9s soutiennent cette d\u00e9marche<\/strong>.<\/p>\n<p>Selon Le Monde, cit\u00e9 par Le Figaro, le chanteur <a href=\"https:\/\/www.purepeople.com\/people\/alain-souchon_p313\" rel=\"nofollow noopener\" target=\"_blank\" data-ylk=\"slk:Alain Souchon;elm:context_link;itc:0;sec:content-canvas\" class=\"link \">Alain Souchon<\/a>, la com\u00e9dienne <a href=\"https:\/\/www.purepeople.com\/people\/catherine-frot_p1087\" rel=\"nofollow noopener\" target=\"_blank\" data-ylk=\"slk:Catherine Frot;elm:context_link;itc:0;sec:content-canvas\" class=\"link \">Catherine Frot<\/a> et l&rsquo;essayiste <a href=\"https:\/\/fr.news.yahoo.com\/bfmtv-alain-finkielkraut-coup%C3%A9-plein-152100074.html\" data-ylk=\"slk:Alain Finkielkraut;elm:context_link;itc:0;sec:content-canvas;outcm:mb_qualified_link;_E:mb_qualified_link;ct:story;\" class=\"link  yahoo-link\" target=\"_blank\" rel=\"noopener\">Alain Finkielkraut<\/a> auraient sign\u00e9 cette p\u00e9tition. Mais une c\u00e9l\u00e9brit\u00e9, qui avait \u00e9t\u00e9 cit\u00e9e par les m\u00e9dias \u00e9voquant l&rsquo;affaire, s&rsquo;est aussit\u00f4t d\u00e9solidaris\u00e9e de ce texte\u00a0: <a href=\"https:\/\/www.purepeople.com\/people\/pierre-richard_p1670\" rel=\"nofollow noopener\" target=\"_blank\" data-ylk=\"slk:Pierre Richard;elm:context_link;itc:0;sec:content-canvas\" class=\"link \"><strong>Pierre Richard<\/strong><\/a> a en effet <a href=\"https:\/\/fr.news.yahoo.com\/nhabite-m%C3%AAme-6e-pierre-richard-072700340.html\" data-ylk=\"slk:publi\u00e9 une vid\u00e9o;elm:context_link;itc:0;sec:content-canvas;outcm:mb_qualified_link;_E:mb_qualified_link;ct:story;\" class=\"link  yahoo-link\" target=\"_blank\" rel=\"noopener\">publi\u00e9 une vid\u00e9o<\/a>, le 20 juillet 2025, sur Instagram, <strong>pour dire qu&rsquo;il n&rsquo;avait jamais sign\u00e9 cette p\u00e9tition<\/strong>. \u00ab\u00a0Je ne sais m\u00eame pas ce que c&rsquo;est que Carrefour City, a-t-il assur\u00e9. Apr\u00e8s, j&rsquo;ai appris qu&rsquo;il s&rsquo;agit d&rsquo;un magasin. J&rsquo;habite m\u00eame pas dans le 6e, qu&rsquo;est-ce que j&rsquo;irais faire \u00e0 signer une p\u00e9tition pour un magasin dont j&rsquo;ignore o\u00f9, quand&#8230;\u00a0\u00bb L&rsquo;erreur a rapidement \u00e9t\u00e9 expliqu\u00e9e par Le Parisien\u00a0: le Pierre Richard qui aurait apport\u00e9 son soutien \u00e0 ce texte n&rsquo;est pas le com\u00e9dien de La Ch\u00e8vre et des Fugitifs, mais un banquier, qui porte le m\u00eame nom. Mais une autre personnalit\u00e9 a indiqu\u00e9 qu&rsquo;elle n&rsquo;avait jamais sign\u00e9 la p\u00e9tition\u00a0: <a href=\"https:\/\/fr.news.yahoo.com\/video-jai-%C3%A9t%C3%A9-%C3%A9lev%C3%A9e-au-110700791.html\" data-ylk=\"slk:Ruth Elkrief;elm:context_link;itc:0;sec:content-canvas;outcm:mb_qualified_link;_E:mb_qualified_link;ct:story;\" class=\"link  yahoo-link\" target=\"_blank\" rel=\"noopener\"><strong>Ruth Elkrief<\/strong><\/a>.<\/p>\n<blockquote placeholder=\"\" data-theme=\"light\" class=\"twitter-tweet\">\n<p>Je pr\u00e9cise que je n\u2019ai PAS sign\u00e9 la p\u00e9tition contre le carrefour City. J\u2019ai juste r\u00e9pondu dans la rue \u00e0 l\u2019initiateur que je ne connaissais pas. Cela n\u2019\u00e9tait en aucun cas un soutien. Je regrette qu\u2019il ait ainsi utilis\u00e9 mon nom.<\/p>\n<p>\u2014 Ruth Elkrief (@ruthelkrief) <a href=\"https:\/\/twitter.com\/ruthelkrief\/status\/1946676915869229427?ref_src=twsrc%5Etfw\" rel=\"nofollow noopener\" target=\"_blank\" data-ylk=\"slk:July 19, 2025;elm:context_link;itc:0;sec:content-canvas\" class=\"link \">July 19, 2025<\/a><\/p>\n<\/blockquote>\n<p>\u00ab\u00a0Je regrette qu&rsquo;il ait ainsi utilis\u00e9 mon nom\u00a0\u00bb, \u00e9crit Ruth Elkrief<\/p>\n<p>Sur le r\u00e9seau social X, le 19 juillet 2025, la journaliste, qui a fait ses d\u00e9buts sur une antenne nationale <a href=\"https:\/\/www.purepeople.com\/article\/ruth-elkrief-ce-jour-ou-enceinte-francois-mitterrand-l-a-draguee-a-la-tele_a158989\/1\" rel=\"nofollow noopener\" target=\"_blank\" data-ylk=\"slk:dans le groupe TF1;elm:context_link;itc:0;sec:content-canvas\" class=\"link \">dans le groupe TF1<\/a> en 1987, a assur\u00e9 qu&rsquo;elle ne soutenait pas cette d\u00e9marche, contre l&rsquo;implantation d&rsquo;une sup\u00e9rette dans le 6e arrondissement de Paris. \u00ab\u00a0<strong>Je pr\u00e9cise que je n&rsquo;ai pas sign\u00e9 la p\u00e9tition contre le Carrefour City<\/strong>, \u00e9crit la journaliste de <a href=\"https:\/\/fr.news.yahoo.com\/nouvelle-recrue-taille-journaliste-femme-115400282.html\" data-ylk=\"slk:LCI;elm:context_link;itc:0;sec:content-canvas;outcm:mb_qualified_link;_E:mb_qualified_link;ct:story;\" class=\"link  yahoo-link\" target=\"_blank\" rel=\"noopener\">LCI<\/a>. J&rsquo;ai juste r\u00e9pondu dans la rue \u00e0 l&rsquo;initiateur [de la p\u00e9tition contre l&rsquo;implantation du supermarch\u00e9] que je ne connaissais pas. Cela n&rsquo;\u00e9tait en aucun cas un soutien. Je regrette qu&rsquo;il ait ainsi utilis\u00e9 mon nom.\u00a0\u00bb<\/p>\n<p><strong>Les riverains semblent en tout cas nombreux \u00e0 \u00eatre oppos\u00e9s \u00e0 cette implantation.<\/strong> \u00ab\u00a0Les livraisons de Carrefour, \u00e0 6 heures du matin, \u00e7a va \u00eatre insupportable, a expliqu\u00e9 une habitante, au Monde. C&rsquo;est un quartier r\u00e9sidentiel, pas un quartier ouvrier. Il faut tenir compte du biotope, c&rsquo;est de la sociologie !\u00a0\u00bb Un coiffeur, pr\u00e9sident de l&rsquo;association des commer\u00e7ants du secteur, est all\u00e9 encore un peu plus loin, en \u00e9voquant la potentielle ouverture prochaine de ce petit supermarch\u00e9. \u00ab\u00a0C&rsquo;est tr\u00e8s prot\u00e9g\u00e9 ici, et c&rsquo;est normal, a-t-il assur\u00e9 au quotidien. Quand on est \u00e0 plus de 20.000 euros le m\u00e8tre carr\u00e9, on n&rsquo;a pas envie d&rsquo;avoir de la racaille en bas de chez soi\u00a0!\u00a0\u00bb Carrefour City ouvrira-t-il, dans le 6e arrondissement, malgr\u00e9 la fronde des riverains\u00a0?<\/p>\n<p><a href=\"https:\/\/www.purepeople.com\/article\/je-precise-que-dans-un-coin-prise-de-paris-une-celebre-journaliste-se-desolidarise-alors-que-des-habitants-sopposent-a-une-superette_a540690\/1\" rel=\"nofollow noopener\" target=\"_blank\" data-ylk=\"slk:Article original sur Purepeople;elm:context_link;itc:0;sec:content-canvas\" class=\"link \">Article original sur Purepeople<\/a><\/p>\n<p><script async src=\"https:\/\/platform.twitter.com\/widgets.js\" charset=\"utf-8\"><\/script><\/p>\n","protected":false},"excerpt":{"rendered":"Pierre Richard a assur\u00e9 dans une vid\u00e9o, le 20 juillet 2025, sur Instagram, qu&rsquo;il n&rsquo;\u00e9tait en aucun cas&hellip;\n","protected":false},"author":2,"featured_media":266334,"comment_status":"","ping_status":"","sticky":false,"template":"","format":"standard","meta":{"footnotes":""},"categories":[1888],"tags":[39948,1111,1928,11,1927,39932,1777,674,1011,27,2440,12,1926,626,1925,7705,25],"class_list":{"0":"post-266333","1":"post","2":"type-post","3":"status-publish","4":"format-standard","5":"has-post-thumbnail","7":"category-paris","8":"tag-6e-arrondissement-de-paris","9":"tag-actu","10":"tag-actu-paris","11":"tag-actualites","12":"tag-actualites-paris","13":"tag-carrefour-city","14":"tag-eu","15":"tag-europe","16":"tag-fr","17":"tag-france","18":"tag-instagram","19":"tag-news","20":"tag-news-paris","21":"tag-paris","22":"tag-paris-news","23":"tag-pierre-richard","24":"tag-republique-francaise"},"share_on_mastodon":{"url":"https:\/\/pubeurope.com\/@fr\/114898561137744192","error":""},"_links":{"self":[{"href":"https:\/\/www.europesays.com\/fr\/wp-json\/wp\/v2\/posts\/266333","targetHints":{"allow":["GET"]}}],"collection":[{"href":"https:\/\/www.europesays.com\/fr\/wp-json\/wp\/v2\/posts"}],"about":[{"href":"https:\/\/www.europesays.com\/fr\/wp-json\/wp\/v2\/types\/post"}],"author":[{"embeddable":true,"href":"https:\/\/www.europesays.com\/fr\/wp-json\/wp\/v2\/users\/2"}],"replies":[{"embeddable":true,"href":"https:\/\/www.europesays.com\/fr\/wp-json\/wp\/v2\/comments?post=266333"}],"version-history":[{"count":0,"href":"https:\/\/www.europesays.com\/fr\/wp-json\/wp\/v2\/posts\/266333\/revisions"}],"wp:featuredmedia":[{"embeddable":true,"href":"https:\/\/www.europesays.com\/fr\/wp-json\/wp\/v2\/media\/266334"}],"wp:attachment":[{"href":"https:\/\/www.europesays.com\/fr\/wp-json\/wp\/v2\/media?parent=266333"}],"wp:term":[{"taxonomy":"category","embeddable":true,"href":"https:\/\/www.europesays.com\/fr\/wp-json\/wp\/v2\/categories?post=266333"},{"taxonomy":"post_tag","embeddable":true,"href":"https:\/\/www.europesays.com\/fr\/wp-json\/wp\/v2\/tags?post=266333"}],"curies":[{"name":"wp","href":"https:\/\/api.w.org\/{rel}","templated":true}]}}