{"id":266336,"date":"2025-07-22T19:35:17","date_gmt":"2025-07-22T19:35:17","guid":{"rendered":"https:\/\/www.europesays.com\/fr\/266336\/"},"modified":"2025-07-22T19:35:17","modified_gmt":"2025-07-22T19:35:17","slug":"rachida-dati-est-la-meilleure-candidate-de-droite-pour-la-gauche-a-paris-liberation","status":"publish","type":"post","link":"https:\/\/www.europesays.com\/fr\/266336\/","title":{"rendered":"Rachida Dati est la meilleure candidate de droite pour la gauche \u00e0 Paris \u2013 Lib\u00e9ration"},"content":{"rendered":"<p class=\"sc-ksZaOG ehjQrN text-element\">Depuis mars 2001 et la victoire de la gauche parisienne aux municipales de Paris, la droite, \u00e0 chaque nouveau scrutin, y croit, le promet \u00e0 ses \u00e9lecteurs : cette fois ce sera la bonne, la capitale va revenir dans son giron. Et pour 2026, elle commen\u00e7ait \u00e0 y croire encore davantage. La succession d\u2019Anne Hidalgo, qui ne se repr\u00e9sente pas, <a href=\"https:\/\/www.liberation.fr\/politiques\/2020\/02\/12\/municipales-a-paris-le-camp-hidalgo-exige-une-clarification-de-belliard-ee-lv_1778128\/\" target=\"_blank\" rel=\"noreferrer noopener\" title=\"https:\/\/www.liberation.fr\/politiques\/2020\/02\/12\/municipales-a-paris-le-camp-hidalgo-exige-une-clarification-de-belliard-ee-lv_1778128\/\">a vir\u00e9 \u00e0 la foire d\u2019empoigne<\/a>, le Parti socialiste <a href=\"https:\/\/www.liberation.fr\/politique\/municipales-2026-a-paris-socialistes-ecolos-et-communistes-vont-etudier-la-possibilite-dun-rassemblement-des-le-premier-tour-20250702_BLAEYFGAIFGNLKGEAG27NEUWNQ\/\" target=\"_blank\" rel=\"noreferrer noopener\" title=\"https:\/\/www.liberation.fr\/politique\/municipales-2026-a-paris-socialistes-ecolos-et-communistes-vont-etudier-la-possibilite-dun-rassemblement-des-le-premier-tour-20250702_BLAEYFGAIFGNLKGEAG27NEUWNQ\/\">ne semble plus si h\u00e9g\u00e9monique<\/a> \u00e0 gauche, et LR et la macronie songent \u00e0 partir ensemble sur la ligne de d\u00e9part.<\/p>\n<p class=\"sc-ksZaOG ehjQrN text-element\">Le \u00absocle gouvernemental\u00bb a m\u00eame <a href=\"https:\/\/www.liberation.fr\/politique\/la-reforme-du-mode-de-scrutin-a-paris-lyon-et-marseille-definitivement-adoptee-par-lassemblee-nationale-20250710_MR3HLSHNO5GIXPWFYIFYBFJA74\/\" targ=\"\" target=\"_blank\" rel=\"noopener\"><\/p>\n","protected":false},"excerpt":{"rendered":"Depuis mars 2001 et la victoire de la gauche parisienne aux municipales de Paris, la droite, \u00e0 chaque&hellip;\n","protected":false},"author":2,"featured_media":266337,"comment_status":"","ping_status":"","sticky":false,"template":"","format":"standard","meta":{"footnotes":""},"categories":[1888],"tags":[11,1777,674,1011,27,5945,12,626,417,25],"class_list":{"0":"post-266336","1":"post","2":"type-post","3":"status-publish","4":"format-standard","5":"has-post-thumbnail","7":"category-paris","8":"tag-actualites","9":"tag-eu","10":"tag-europe","11":"tag-fr","12":"tag-france","13":"tag-municipales-elections","14":"tag-news","15":"tag-paris","16":"tag-rachida-dati","17":"tag-republique-francaise"},"share_on_mastodon":{"url":"https:\/\/pubeurope.com\/@fr\/114898568724847607","error":""},"_links":{"self":[{"href":"https:\/\/www.europesays.com\/fr\/wp-json\/wp\/v2\/posts\/266336","targetHints":{"allow":["GET"]}}],"collection":[{"href":"https:\/\/www.europesays.com\/fr\/wp-json\/wp\/v2\/posts"}],"about":[{"href":"https:\/\/www.europesays.com\/fr\/wp-json\/wp\/v2\/types\/post"}],"author":[{"embeddable":true,"href":"https:\/\/www.europesays.com\/fr\/wp-json\/wp\/v2\/users\/2"}],"replies":[{"embeddable":true,"href":"https:\/\/www.europesays.com\/fr\/wp-json\/wp\/v2\/comments?post=266336"}],"version-history":[{"count":0,"href":"https:\/\/www.europesays.com\/fr\/wp-json\/wp\/v2\/posts\/266336\/revisions"}],"wp:featuredmedia":[{"embeddable":true,"href":"https:\/\/www.europesays.com\/fr\/wp-json\/wp\/v2\/media\/266337"}],"wp:attachment":[{"href":"https:\/\/www.europesays.com\/fr\/wp-json\/wp\/v2\/media?parent=266336"}],"wp:term":[{"taxonomy":"category","embeddable":true,"href":"https:\/\/www.europesays.com\/fr\/wp-json\/wp\/v2\/categories?post=266336"},{"taxonomy":"post_tag","embeddable":true,"href":"https:\/\/www.europesays.com\/fr\/wp-json\/wp\/v2\/tags?post=266336"}],"curies":[{"name":"wp","href":"https:\/\/api.w.org\/{rel}","templated":true}]}}