{"id":266340,"date":"2025-07-22T19:37:10","date_gmt":"2025-07-22T19:37:10","guid":{"rendered":"https:\/\/www.europesays.com\/fr\/266340\/"},"modified":"2025-07-22T19:37:10","modified_gmt":"2025-07-22T19:37:10","slug":"jean-noel-barrot-en-visite-a-kharkiv-apres-une-nouvelle-nuit-de-frappes-russes-sur-lukraine","status":"publish","type":"post","link":"https:\/\/www.europesays.com\/fr\/266340\/","title":{"rendered":"Jean-No\u00ebl Barrot en visite \u00e0 Kharkiv apr\u00e8s une nouvelle nuit de frappes russes sur l&rsquo;Ukraine"},"content":{"rendered":"<p>\n  Par&amp;nbsp<b>Euronews<\/b>\n<\/p>\n<p>\n         Publi\u00e9 le<br \/>\n            22\/07\/2025 &#8211; 21:18 UTC+2\n            <\/p>\n<p>            <img decoding=\"async\" class=\"c-ad__placeholder__logo\" src=\"https:\/\/static.euronews.com\/website\/images\/logos\/logo-euronews-grey-6-180x22.svg\" width=\"180\" height=\"22\" alt=\"\" loading=\"lazy\"\/><br \/>\n            PUBLICIT\u00c9<\/p>\n<p>Jean-No\u00ebl Barrot s&rsquo;est rendu \u00e0 Kharkiv, deuxi\u00e8me ville d&rsquo;Ukraine situ\u00e9e pr\u00e8s de la ligne de front dans le nord-est du pays, o\u00f9 la Russie avait lanc\u00e9 une offensive l&rsquo;ann\u00e9e derni\u00e8re. \u00ab\u00a0Poutine a voulu faire croire qu\u2019il \u00e9tait chez lui \u00e0 l\u2019est de l\u2019Ukraine car on y parle russe. Kharkiv l\u2019Invaincue est la preuve \u00e9clatante du contraire\u00a0: on y parle russe, mais on combat l\u2019envahisseur sans rel\u00e2che au nom de la libert\u00e9\u00a0\u00bb, a-t-il \u00e9crit sur X.<\/p>\n<p>En compagnie de son homologue ukrainien Andri\u00ef Sybiga, le ministre fran\u00e7ais des Affaires \u00e9trang\u00e8res a travers\u00e9 le centre de la ville qui se trouve r\u00e9guli\u00e8rement sous le feu des forces russes, dont les positions sont situ\u00e9es \u00e0 seulement quelques dizaines de kilom\u00e8tres de l\u00e0. Il a r\u00e9it\u00e9r\u00e9 le soutien de la France et de l&rsquo;Europe \u00e0 Kyiv, et d\u00e9clar\u00e9 que l&rsquo;Ukraine avait \u00ab\u00a0la force d&rsquo;arme pour gagner la guerre.\u00a0\u00bb<\/p>\n<p>La veille, Moscou a lanc\u00e9 de nouvelles attaques de drones et de missiles sur plusieurs villes ukrainiennes. \u00c0 Kramatorsk, un gar\u00e7on de 10 ans a \u00e9t\u00e9 tu\u00e9 et au moins huit personnes ont \u00e9t\u00e9 bless\u00e9es apr\u00e8s qu&rsquo;une bombe a\u00e9rienne a frapp\u00e9 un immeuble r\u00e9sidentiel.<\/p>\n<p>D&rsquo;autres drones russes ont endommag\u00e9 des garages, des maisons, des v\u00e9hicules et une zone industrielle dans l&rsquo;ensemble de la r\u00e9gion de Donetsk. <\/p>\n<p>\u00c0 Odessa, au bord de la mer Noire, les forces russes ont utilis\u00e9 plus de dix drones pour cibler la ville. Des infrastructures civiles, dont un parking, un gymnase, une banque et des immeubles r\u00e9sidentiels, ont \u00e9t\u00e9 endommag\u00e9es. Dans un quartier touch\u00e9, plusieurs voitures ont pris feu dans un parking pr\u00e8s d&rsquo;un immeuble de plusieurs \u00e9tages dont les fen\u00eatres ont \u00e9t\u00e9 souffl\u00e9es par l&rsquo;explosion.<\/p>\n<p>Dans la ville de Soumy, les attaques de drones ont tu\u00e9 une femme de 60 ans et fait douze bless\u00e9s. 5 immeubles r\u00e9sidentiels et des v\u00e9hicules ont d\u00e9truit.<\/p>\n<p>Ces frappes surviennent apr\u00e8s l&rsquo;annonce de nouveaux pourparlers entre la Russie et l&rsquo;Ukraine \u00e0 Istanbul ce mercredi. Jusqu&rsquo;\u00e0 pr\u00e9sent, ces r\u00e9unions ont d\u00e9bouch\u00e9 sur des \u00e9changes de prisonniers \u00e0 grande \u00e9chelle, mais aucune mesure concr\u00e8te n&rsquo;a \u00e9t\u00e9 prise pour mettre fin \u00e0 la guerre.<\/p>\n<p>Le pr\u00e9sident am\u00e9ricain Donald Trump a accentu\u00e9 la pression sur le pr\u00e9sident russe Vladimir Poutine, qui a refus\u00e9 d&rsquo;accepter une proposition de cessez-le-feu soutenue par les \u00c9tats-Unis et a continu\u00e9 d&rsquo;intensifier les attaques \u00e0 longue port\u00e9e contre les villes ukrainiennes.<\/p>\n","protected":false},"excerpt":{"rendered":"Par&amp;nbspEuronews Publi\u00e9 le 22\/07\/2025 &#8211; 21:18 UTC+2 PUBLICIT\u00c9 Jean-No\u00ebl Barrot s&rsquo;est rendu \u00e0 Kharkiv, deuxi\u00e8me ville d&rsquo;Ukraine situ\u00e9e&hellip;\n","protected":false},"author":2,"featured_media":266341,"comment_status":"","ping_status":"","sticky":false,"template":"","format":"standard","meta":{"footnotes":""},"categories":[1590],"tags":[11,5581,1777,674,131,2025,12,132,220,135,134],"class_list":{"0":"post-266340","1":"post","2":"type-post","3":"status-publish","4":"format-standard","5":"has-post-thumbnail","7":"category-ukraine","8":"tag-actualites","9":"tag-attentat","10":"tag-eu","11":"tag-europe","12":"tag-guerre-en-ukraine","13":"tag-invasion-de-la-russie-en-ukraine","14":"tag-news","15":"tag-russie","16":"tag-ukraine","17":"tag-vladimir-poutine","18":"tag-volodymyr-zelensky"},"share_on_mastodon":{"url":"https:\/\/pubeurope.com\/@fr\/114898576621424441","error":""},"_links":{"self":[{"href":"https:\/\/www.europesays.com\/fr\/wp-json\/wp\/v2\/posts\/266340","targetHints":{"allow":["GET"]}}],"collection":[{"href":"https:\/\/www.europesays.com\/fr\/wp-json\/wp\/v2\/posts"}],"about":[{"href":"https:\/\/www.europesays.com\/fr\/wp-json\/wp\/v2\/types\/post"}],"author":[{"embeddable":true,"href":"https:\/\/www.europesays.com\/fr\/wp-json\/wp\/v2\/users\/2"}],"replies":[{"embeddable":true,"href":"https:\/\/www.europesays.com\/fr\/wp-json\/wp\/v2\/comments?post=266340"}],"version-history":[{"count":0,"href":"https:\/\/www.europesays.com\/fr\/wp-json\/wp\/v2\/posts\/266340\/revisions"}],"wp:featuredmedia":[{"embeddable":true,"href":"https:\/\/www.europesays.com\/fr\/wp-json\/wp\/v2\/media\/266341"}],"wp:attachment":[{"href":"https:\/\/www.europesays.com\/fr\/wp-json\/wp\/v2\/media?parent=266340"}],"wp:term":[{"taxonomy":"category","embeddable":true,"href":"https:\/\/www.europesays.com\/fr\/wp-json\/wp\/v2\/categories?post=266340"},{"taxonomy":"post_tag","embeddable":true,"href":"https:\/\/www.europesays.com\/fr\/wp-json\/wp\/v2\/tags?post=266340"}],"curies":[{"name":"wp","href":"https:\/\/api.w.org\/{rel}","templated":true}]}}