{"id":266346,"date":"2025-07-22T19:40:28","date_gmt":"2025-07-22T19:40:28","guid":{"rendered":"https:\/\/www.europesays.com\/fr\/266346\/"},"modified":"2025-07-22T19:40:28","modified_gmt":"2025-07-22T19:40:28","slug":"des-entreprises-promettent-des-milliards-dw-22-07-2025","status":"publish","type":"post","link":"https:\/\/www.europesays.com\/fr\/266346\/","title":{"rendered":"des entreprises promettent des milliards \u2013 DW \u2013 22\/07\/2025"},"content":{"rendered":"<p><a class=\"internal-link\" href=\"https:\/\/www.dw.com\/fr\/coronavirus-covid-19\/t-52648874\" rel=\"nofollow noopener\" target=\"_blank\">La Covid-19<\/a> avec l\u2019effondrement des cha\u00eenes d\u2019approvisionnement internationales, <a class=\"internal-link\" href=\"https:\/\/www.dw.com\/fr\/guerre-en-ukraine\/t-61096880\" rel=\"nofollow noopener\" target=\"_blank\">la guerre en Ukraine<\/a>, la crise \u00e9nerg\u00e9tique et l\u2019inflation qui en ont r\u00e9sult\u00e9, ainsi que l\u2019affaiblissement de l\u2019\u00e9conomie chinoise \u2013 tout cela a durement touch\u00e9 l\u2019\u00e9conomie allemande, orient\u00e9e vers l\u2019exportation.\u00a0<\/p>\n<p>L&rsquo;\u00e9conomie s&rsquo;est effondr\u00e9e et <a class=\"internal-link\" href=\"https:\/\/www.dw.com\/fr\/allemagne-morosit\u00e9-campagne-l\u00e9gislatives\/a-71388473\" rel=\"nofollow noopener\" target=\"_blank\">l&rsquo;Allemagne a sombr\u00e9 dans une r\u00e9cession prolong\u00e9e<\/a>. L&rsquo;optimisme n&rsquo;est pas revenu depuis. Les statistiques de l&rsquo;OCDE (Organisation de coop\u00e9ration et de d\u00e9veloppement \u00e9conomiques) montrent qu&rsquo;en 2024, l&rsquo;Allemagne affichait toujours le taux d&rsquo;investissement le plus bas des 38 pays de l&rsquo;OCDE.\u00a0<\/p>\n<p>631 milliards d&rsquo;euros d&rsquo;investissements pr\u00e9vus\u00a0<\/p>\n<p>La situation est sur le point de changer, promettent les dirigeants de grandes entreprises allemandes. 61\u00a0d&rsquo;entre elles \u2013 dont des soci\u00e9t\u00e9s cot\u00e9es de renom comme Airbus, BASF, BMW, Deutsche B\u00f6rse, Mercedes-Benz, Rheinmetall, SAP, Volkswagen, ainsi que les soci\u00e9t\u00e9s am\u00e9ricaines Nvidia, Blackrock et Blackstone \u2013 se sont associ\u00e9es au sein de l&rsquo;initiative \u00ab\u00a0Made for Germany\u00a0\u00bb. Ce nom rappelle, non sans raison, le label de qualit\u00e9 allemand \u00ab\u00a0Made in Germany\u00a0\u00bb.\u00a0<\/p>\n<p>Ensemble, les entreprises pr\u00e9voient d&rsquo;investir 631 milliards d&rsquo;euros en Allemagne au cours des trois prochaines ann\u00e9es, dans des installations de production, des machines et des \u00e9quipements, ainsi que dans la recherche et le d\u00e9veloppement. <\/p>\n<p>\u00ab\u00a0Nous voulons la croissance \u00e9conomique, renforcer la comp\u00e9titivit\u00e9 de l&rsquo;Allemagne et d\u00e9fendre ou \u00e9tendre notre leadership technologique\u00a0\u00bb, a d\u00e9clar\u00e9 l&rsquo;un des deux initiateurs, le PDG de Siemens, Roland Busch, \u00e0 l&rsquo;issue d&rsquo;une r\u00e9union avec des repr\u00e9sentants du gouvernement \u00e0 la Chancellerie.\u00a0<\/p>\n<p><img data-format=\"MASTER_LANDSCAPE\" data-id=\"73357362\" data-url=\"https:\/\/static.dw.com\/image\/73357362_${formatId}.jpg\" data-aspect-ratio=\"16\/9\" alt=\"Le chancelier allemand Friedrich Merz entour\u00e9 du patron de Siemens et du chef de la banque centrale allemande (21.07.2025)\" style=\"padding-bottom: 56.25%; height: 0; max-height: 0;\"\/>Selon le patron de Siemens, la rencontre a montr\u00e9 que la politique et l\u2019\u00e9conomie se rapprochent  Image : Uwe Koch\/IMAGO<\/p>\n<p>Friedrich Merz : l\u2019Allemagne est de retour \u00a0<\/p>\n<p>Par leur poids \u00e9conomique, les 61 entreprises repr\u00e9sentent environ un tiers de l&rsquo;\u00e9conomie allemande. Christian Sewing, PDG de Deutsche Bank et, avec Roland Busch, initiateur de l&rsquo;initiative, s&rsquo;attend \u00e0 ce que davantage d&rsquo;entreprises s&rsquo;y joignent. Ensemble, ils ambitionnent de faire de l&rsquo;Allemagne le \u00ab\u00a0moteur de croissance d&rsquo;une Europe forte\u00a0\u00bb. \u00ab\u00a0Les opportunit\u00e9s ont rarement \u00e9t\u00e9 aussi grandes\u00a0; les investisseurs et les entreprises internationales sont pr\u00eats \u00e0 investir dans notre \u00e9conomie. Ils consid\u00e8rent l&rsquo;Allemagne comme un partenaire stable et fiable, surtout en cette p\u00e9riode de volatilit\u00e9.\u00a0\u00bb<\/p>\n<p>Les d\u00e9cideurs politiques sont enthousiastes. \u00ab\u00a0L&rsquo;Allemagne est de retour\u00a0; cela vaut la peine d&rsquo;investir \u00e0 nouveau en Allemagne\u00a0\u00bb, a d\u00e9clar\u00e9 le chancelier de la CDU, Friedrich Merz, \u00e0 l&rsquo;issue de la r\u00e9union. \u00ab\u00a0Nous sommes confront\u00e9s \u00e0 l&rsquo;une des plus grandes initiatives d&rsquo;investissement que nous ayons connues en Allemagne ces derni\u00e8res d\u00e9cennies. Nous ne sommes pas un lieu du pass\u00e9, mais un lieu du pr\u00e9sent et, surtout, du futur.\u00a0\u00bb\u00a0<\/p>\n<p>D\u2019o\u00f9 vient le changement d\u2019humeur ?<\/p>\n<p>L&rsquo;ambiance \u00e0 la Chancellerie \u00e9tait manifestement excellente. \u00ab\u00a0Nous avons eu un excellent \u00e9change\u00a0\u00bb, a r\u00e9sum\u00e9 Christian Sewing de la Deutsche Bank. \u00a0<\/p>\n<p>Mais d&rsquo;o\u00f9 vient ce changement d&rsquo;attitude ? L&rsquo;\u00e9conomie allemande reste fragile et le pays conna\u00eet une troisi\u00e8me ann\u00e9e cons\u00e9cutive de croissance nulle. <a class=\"internal-link\" href=\"https:\/\/www.dw.com\/fr\/allemagne-union-europeenne-imposer-20-pour-cent-taxes-produits-exportes-etats-unis\/a-72177295\" rel=\"nofollow noopener\" target=\"_blank\">Compte tenu de la politique douani\u00e8re du pr\u00e9sident am\u00e9ricain Donald Trump<\/a>, les perspectives sont loin d&rsquo;\u00eatre brillantes.\u00a0<\/p>\n<p><img data-format=\"MASTER_LANDSCAPE\" data-id=\"73261912\" data-url=\"https:\/\/static.dw.com\/image\/73261912_${formatId}.jpg\" data-aspect-ratio=\"16\/9\" alt=\"Le pr\u00e9sident des Etats-Unis Donald Trump annonce des droits de douane sur les importations (02.04.2025) \" style=\"padding-bottom: 56.25%; height: 0; max-height: 0;\"\/>Selon la banque centrale allemande, les surtaxes am\u00e9ricaines pourraient affecter l\u2019\u00e9conomie allemande  Image : Carlos Barria\/REUTERS<\/p>\n<p>Mais la trajectoire politique est sensiblement diff\u00e9rente. Remettre l&rsquo;\u00e9conomie sur les rails est la priorit\u00e9 absolue du nouveau gouvernement f\u00e9d\u00e9ral. Une coalition compos\u00e9e des conservateurs CDU\/CSU et des sociaux-d\u00e9mocrates (SPD) est au pouvoir depuis d\u00e9but mai. Les premi\u00e8res mesures ont d\u00e9j\u00e0 \u00e9t\u00e9 adopt\u00e9es. Le Bundestag (chambre basse du parlement) et le Bundesrat (chambre haute du parlement) ont approuv\u00e9 <a class=\"internal-link\" href=\"https:\/\/www.dw.com\/fr\/allemagne-merz-investissement-economie-politique\/a-71913561\" rel=\"nofollow noopener\" target=\"_blank\">un fonds sp\u00e9cial de 500 milliards d&rsquo;euros, financ\u00e9 par la dette<\/a>, destin\u00e9 \u00e0 des investissements publics suppl\u00e9mentaires dans les infrastructures et la protection du climat.\u00a0<\/p>\n<p>Le prix de l\u2019\u00e9lectricit\u00e9 pour l\u2019industrie baisse et l\u2019\u00e9conomie b\u00e9n\u00e9ficie d\u2019un all\u00e8gement fiscal massif. A moyen terme, l&rsquo;imp\u00f4t sur les soci\u00e9t\u00e9s devrait \u00eatre fondamentalement r\u00e9duit. C&rsquo;est une demande r\u00e9p\u00e9t\u00e9e, mais sans succ\u00e8s, du monde des affaires aupr\u00e8s du gouvernement pr\u00e9c\u00e9dent, compos\u00e9 du SPD, des Verts et du parti lib\u00e9ral FDP.\u00a0<\/p>\n<p>Le chancelier actuel <a class=\"internal-link\" href=\"https:\/\/www.dw.com\/fr\/friedrich-merz\/t-71293710\" rel=\"nofollow noopener\" target=\"_blank\">Friedrich Merz<\/a> a lui-m\u00eame travaill\u00e9 de nombreuses ann\u00e9es dans le monde des affaires. Cet avocat a notamment \u00e9t\u00e9 pr\u00e9sident du conseil de surveillance de l&rsquo;investisseur financier am\u00e9ricain Blackrock.\u00a0<\/p>\n","protected":false},"excerpt":{"rendered":"La Covid-19 avec l\u2019effondrement des cha\u00eenes d\u2019approvisionnement internationales, la guerre en Ukraine, la crise \u00e9nerg\u00e9tique et l\u2019inflation qui&hellip;\n","protected":false},"author":2,"featured_media":266347,"comment_status":"","ping_status":"","sticky":false,"template":"","format":"standard","meta":{"footnotes":""},"categories":[1587],"tags":[11,672,1804,1805,1803,1777,674,1801,12,1802],"class_list":{"0":"post-266346","1":"post","2":"type-post","3":"status-publish","4":"format-standard","5":"has-post-thumbnail","7":"category-allemagne","8":"tag-actualites","9":"tag-allemagne","10":"tag-bundesrepublik-deutschland","11":"tag-de","12":"tag-deutschland","13":"tag-eu","14":"tag-europe","15":"tag-germany","16":"tag-news","17":"tag-republique-federale-dallemagne"},"share_on_mastodon":{"url":"https:\/\/pubeurope.com\/@fr\/114898588381539063","error":""},"_links":{"self":[{"href":"https:\/\/www.europesays.com\/fr\/wp-json\/wp\/v2\/posts\/266346","targetHints":{"allow":["GET"]}}],"collection":[{"href":"https:\/\/www.europesays.com\/fr\/wp-json\/wp\/v2\/posts"}],"about":[{"href":"https:\/\/www.europesays.com\/fr\/wp-json\/wp\/v2\/types\/post"}],"author":[{"embeddable":true,"href":"https:\/\/www.europesays.com\/fr\/wp-json\/wp\/v2\/users\/2"}],"replies":[{"embeddable":true,"href":"https:\/\/www.europesays.com\/fr\/wp-json\/wp\/v2\/comments?post=266346"}],"version-history":[{"count":0,"href":"https:\/\/www.europesays.com\/fr\/wp-json\/wp\/v2\/posts\/266346\/revisions"}],"wp:featuredmedia":[{"embeddable":true,"href":"https:\/\/www.europesays.com\/fr\/wp-json\/wp\/v2\/media\/266347"}],"wp:attachment":[{"href":"https:\/\/www.europesays.com\/fr\/wp-json\/wp\/v2\/media?parent=266346"}],"wp:term":[{"taxonomy":"category","embeddable":true,"href":"https:\/\/www.europesays.com\/fr\/wp-json\/wp\/v2\/categories?post=266346"},{"taxonomy":"post_tag","embeddable":true,"href":"https:\/\/www.europesays.com\/fr\/wp-json\/wp\/v2\/tags?post=266346"}],"curies":[{"name":"wp","href":"https:\/\/api.w.org\/{rel}","templated":true}]}}