{"id":266354,"date":"2025-07-22T19:44:15","date_gmt":"2025-07-22T19:44:15","guid":{"rendered":"https:\/\/www.europesays.com\/fr\/266354\/"},"modified":"2025-07-22T19:44:15","modified_gmt":"2025-07-22T19:44:15","slug":"les-fonctionnaires-depites-par-les-annonces-de-bayrou-sur-les-salaires-et-les-effectifs","status":"publish","type":"post","link":"https:\/\/www.europesays.com\/fr\/266354\/","title":{"rendered":"les fonctionnaires d\u00e9pit\u00e9s par les annonces de Bayrou sur les salaires et les effectifs"},"content":{"rendered":"<p>Les syndicats repr\u00e9sentant les agents publics d\u00e9noncent les \u00ab\u00a0jalons aust\u00e9ritaires\u00a0\u00bb pos\u00e9s par Fran\u00e7ois Bayrou, apr\u00e8s l\u2019annonce de suppressions de postes et d\u2019une nouvelle ann\u00e9e blanche en mati\u00e8re salariale.<\/p>\n<p class=\"fig-paragraph\">Parmi les nombreux m\u00e9contents qu\u2019a faits le discours de Fran\u00e7ois Bayrou le 15\u00a0juillet, les fonctionnaires occupent une place de choix. Alors qu\u2019il s\u2019offusquait d\u00e9j\u00e0 au printemps dernier\u00a0<a href=\"http:\/\/www.lefigaro.fr\/conjoncture\/face-a-la-hausse-du-cout-de-la-fonction-publique-francois-bayrou-tape-du-poing-sur-la-table-20250424\" data-fig-type=\"NewsFlash\" data-gtm-custom-categorie=\"navigation\" data-gtm-custom-action=\"crossclick\" data-gtm-custom-label=\"Contextuel\" data-gtm-event=\"customEventSPE\" data-fig-domain=\"LEFIGARO\" target=\"_blank\" rel=\"noopener\">de la hausse de 6\u00a0% de la masse salariale<\/a>\u00a0de l\u2019\u00c9tat l\u2019ann\u00e9e derni\u00e8re, l\u2019h\u00f4te de Matignon a annonc\u00e9 que la fonction publique<a href=\"http:\/\/www.lefigaro.fr\/francois-bayrou-annonce-le-non-remplacement-d-un-fonctionnaire-sur-trois-partant-a-la-retraite-20250715\" data-fig-type=\"Article\" data-gtm-custom-categorie=\"navigation\" data-gtm-custom-action=\"crossclick\" data-gtm-custom-label=\"Contextuel\" data-gtm-event=\"customEventSPE\" data-fig-domain=\"LEFIGARO\" target=\"_blank\" rel=\"noopener\">\u00a0serait mise au m\u00eame r\u00e9gime<\/a>\u00a0que tout le monde pour ce qui est de l\u2019ann\u00e9e blanche. Autrement dit, qu\u2019elle n\u2019aurait pas droit \u00e0 une revalorisation salariale.<\/p>\n<p class=\"fig-paragraph\">Ne s\u2019arr\u00eatant pas l\u00e0, il a aussi pr\u00e9vu la suppression de 3\u00a0000 postes de fonctionnaires et le non-remplacement d\u2019un agent public sur trois partant \u00e0 la retraite \u00e0 partir de 2027. \u00ab\u00a0C\u2019est un empilement de mauvaises nouvelles\u00a0\u00bb, se d\u00e9sole Myl\u00e8ne Jacquot, secr\u00e9taire g\u00e9n\u00e9rale de la CFDT-fonction publique. D\u2019abord parce que le point d\u2019indice qui d\u00e9termine le niveau de r\u00e9mun\u00e9ration des fonctionnaires\u00a0<a href=\"http:\/\/www.lefigaro.fr\/conjoncture\/nous-attendons-qu-on-mette-de-l-argent-sur-la-table-pourquoi-les-fonctionnaires-redescendent-dans-la-rue-ce-mardi-13-mai-20250513\" data-fig-type=\"Article\" data-gtm-custom-categorie=\"navigation\" data-gtm-custom-action=\"crossclick\" data-gtm-custom-label=\"Contextuel\" data-gtm-event=\"customEventSPE\" data-fig-domain=\"LEFIGARO\" target=\"_blank\" rel=\"noopener\">n\u2019a pas \u00e9t\u00e9 revaloris\u00e9 depuis deux ans.<\/a>\u00a0\u00ab\u00a0Nous n\u2019avons obtenu aucune mesure salariale ni garantie contre les pertes de pouvoir d\u2019achat\u2026<\/p>\n<p class=\"fig-premium-paywall__infos\">\n        Cet article est r\u00e9serv\u00e9 aux abonn\u00e9s.        Il vous reste 79% \u00e0 d\u00e9couvrir.\n    <\/p>\n<p>                <img  data- alt=\"Le Figaro\" class=\"fig-img--complete fig-img\"\/><\/p>\n<p class=\"fig-premium-paywall__title\">Vous avez envie de lire la suite ?<\/p>\n<p class=\"fig-premium-paywall__subtitle\">D\u00e9bloquez tous les articles imm\u00e9diatement.<\/p>\n<p class=\"fig-premium-paywall__connect\">\n                D\u00e9j\u00e0 abonn\u00e9\u00a0?                <a class=\"fig-premium-paywall__connect-link\" href=\"https:\/\/connect.lefigaro.fr\/login?client=horizon_web&amp;type=main&amp;redirect_uri=https%3A%2F%2Fwww.lefigaro.fr%2Fconjoncture%2Fc-est-pitoyable-les-fonctionnaires-depites-par-les-annonces-de-bayrou-sur-les-salaires-et-les-effectifs-20250722\" data-js-gtm=\"{&quot;customCategorie&quot;: &quot;conversion&quot;, &quot;customAction&quot;: &quot;before_Landing_Connexion_paywall_auto&quot;, &quot;customLabel&quot;: &quot;bGVmaWdhcm8uZnJfXzFmMDY2ZTFkLWY2YzctNjc2Ni05MDFjLThiZTgyNTNlOWYxOF9fQXJ0aWNsZQ==_\u00ab\u00a0C\u2019est pitoyable\u00a0\u00bb\u00a0: les fonctionnaires d\u00e9pit\u00e9s par les annonces de Bayrou sur les salaires et les effectifs_536&quot;, &quot;customIDSPE&quot;: &quot;bGVmaWdhcm8uZnJfXzFmMDY2ZTFkLWY2YzctNjc2Ni05MDFjLThiZTgyNTNlOWYxOF9fQXJ0aWNsZQ==&quot;, &quot;event&quot;: &quot;customEventSPE&quot;}\" target=\"_blank\" rel=\"noopener\"><br \/>\n                    Connectez-vous<br \/>\n                <\/a>\n            <\/p>\n","protected":false},"excerpt":{"rendered":"Les syndicats repr\u00e9sentant les agents publics d\u00e9noncent les \u00ab\u00a0jalons aust\u00e9ritaires\u00a0\u00bb pos\u00e9s par Fran\u00e7ois Bayrou, apr\u00e8s l\u2019annonce de suppressions&hellip;\n","protected":false},"author":2,"featured_media":266355,"comment_status":"","ping_status":"","sticky":false,"template":"","format":"standard","meta":{"footnotes":""},"categories":[2],"tags":[11,1273,1011,27,431,12,25],"class_list":{"0":"post-266354","1":"post","2":"type-post","3":"status-publish","4":"format-standard","5":"has-post-thumbnail","7":"category-actualites","8":"tag-actualites","9":"tag-fonctionnaires","10":"tag-fr","11":"tag-france","12":"tag-francois-bayrou","13":"tag-news","14":"tag-republique-francaise"},"share_on_mastodon":{"url":"https:\/\/pubeurope.com\/@fr\/114898604116765297","error":""},"_links":{"self":[{"href":"https:\/\/www.europesays.com\/fr\/wp-json\/wp\/v2\/posts\/266354","targetHints":{"allow":["GET"]}}],"collection":[{"href":"https:\/\/www.europesays.com\/fr\/wp-json\/wp\/v2\/posts"}],"about":[{"href":"https:\/\/www.europesays.com\/fr\/wp-json\/wp\/v2\/types\/post"}],"author":[{"embeddable":true,"href":"https:\/\/www.europesays.com\/fr\/wp-json\/wp\/v2\/users\/2"}],"replies":[{"embeddable":true,"href":"https:\/\/www.europesays.com\/fr\/wp-json\/wp\/v2\/comments?post=266354"}],"version-history":[{"count":0,"href":"https:\/\/www.europesays.com\/fr\/wp-json\/wp\/v2\/posts\/266354\/revisions"}],"wp:featuredmedia":[{"embeddable":true,"href":"https:\/\/www.europesays.com\/fr\/wp-json\/wp\/v2\/media\/266355"}],"wp:attachment":[{"href":"https:\/\/www.europesays.com\/fr\/wp-json\/wp\/v2\/media?parent=266354"}],"wp:term":[{"taxonomy":"category","embeddable":true,"href":"https:\/\/www.europesays.com\/fr\/wp-json\/wp\/v2\/categories?post=266354"},{"taxonomy":"post_tag","embeddable":true,"href":"https:\/\/www.europesays.com\/fr\/wp-json\/wp\/v2\/tags?post=266354"}],"curies":[{"name":"wp","href":"https:\/\/api.w.org\/{rel}","templated":true}]}}