{"id":266356,"date":"2025-07-22T19:45:15","date_gmt":"2025-07-22T19:45:15","guid":{"rendered":"https:\/\/www.europesays.com\/fr\/266356\/"},"modified":"2025-07-22T19:45:15","modified_gmt":"2025-07-22T19:45:15","slug":"le-francais-valentin-paret-peintre-24-ans-et-52-kilos-triomphe-en-haut-du-mont-ventoux-liberation","status":"publish","type":"post","link":"https:\/\/www.europesays.com\/fr\/266356\/","title":{"rendered":"le Fran\u00e7ais Valentin Paret-Peintre, 24\u00a0ans et 52 kilos, triomphe en haut du mont Ventoux \u2013 Lib\u00e9ration"},"content":{"rendered":"<p class=\"sc-ksZaOG ehjQrN text-element\">Valentin Paret-Peintre aura le droit \u00e0 sa toile. A la sortie de Garrigues-Sainte-Eulalie, dans le Gard, Yves Baudy accroche ses cr\u00e9ations sur des panneaux en bois. Le long d\u2019un champ de bl\u00e9, elles sont immanquables pour les coureurs. L\u2019ancien employ\u00e9 de banque \u00abqui ne faisait rien\u00bb s\u2019est mis \u00e0 peindre \u00e0 la retraite. Des tableaux \u00e0 l\u2019huile sur des toiles en lin, tr\u00e8s r\u00e9alistes et expressifs : Eddy Merckx en jaune, gueule ouverte, avec le drapeau de la Belgique. Julianix \u00e0 la conqu\u00eate de la toison d\u2019or, repr\u00e9sentant Julian Alaphilippe, juch\u00e9 sur son v\u00e9lo, en braie rouge et marcel de champion du monde, glaive \u00e0 la ceinture. Il toise une carte de la Gaule \u00e0 la mani\u00e8re d\u2019Ast\u00e9rix, un petit village sous une loupe : La bataille de la Fosse-aux-Loups, l\u2019une de ses anciennes victoires. L\u2019artiste en d\u00e9plie une autre : le mont Ventoux, son observatoire et les portraits d\u2019anciens gagnants, Marco Pantani, Richard Virenque, Bernard Th\u00e9venet\u2026 On demande \u00e0 Yves Baudy de nous la vendre, il refuse : \u00ab\u00c7a me prend trop de temps.\u00bb<\/p>\n<p class=\"sc-ksZaOG ehjQrN text-element\">L\u2019homme a un an d\u00e9sormais, jusqu\u2019au prochain Tour, pour rendre hommage \u00e0 Valentin Paret-Peintre et son triomphe en haut du g\u00e9ant de Provence, la premi\u00e8re victoire fran\u00e7aise. Personnage fascinant pour un dessinateur : il est si menu et fin, 1,76 m, 52 kilos ! Tellement mince, m\u00eame pour les crit\u00e8res du v\u00e9lo. Paret-Peintre est longiligne comme Phil Defer, l\u2019adversaire de Lucky Luke. Sans doute fallait-il \u00eatre un peu brigand dans l\u2019\u00e2me pour<\/p>\n","protected":false},"excerpt":{"rendered":"Valentin Paret-Peintre aura le droit \u00e0 sa toile. A la sortie de Garrigues-Sainte-Eulalie, dans le Gard, Yves Baudy&hellip;\n","protected":false},"author":2,"featured_media":266357,"comment_status":"","ping_status":"","sticky":false,"template":"","format":"standard","meta":{"footnotes":""},"categories":[4],"tags":[11,1011,27,12,25,1138,210],"class_list":{"0":"post-266356","1":"post","2":"type-post","3":"status-publish","4":"format-standard","5":"has-post-thumbnail","7":"category-france","8":"tag-actualites","9":"tag-fr","10":"tag-france","11":"tag-news","12":"tag-republique-francaise","13":"tag-tadej-pogacar","14":"tag-tour-de-france"},"share_on_mastodon":{"url":"https:\/\/pubeurope.com\/@fr\/114898608862397738","error":""},"_links":{"self":[{"href":"https:\/\/www.europesays.com\/fr\/wp-json\/wp\/v2\/posts\/266356","targetHints":{"allow":["GET"]}}],"collection":[{"href":"https:\/\/www.europesays.com\/fr\/wp-json\/wp\/v2\/posts"}],"about":[{"href":"https:\/\/www.europesays.com\/fr\/wp-json\/wp\/v2\/types\/post"}],"author":[{"embeddable":true,"href":"https:\/\/www.europesays.com\/fr\/wp-json\/wp\/v2\/users\/2"}],"replies":[{"embeddable":true,"href":"https:\/\/www.europesays.com\/fr\/wp-json\/wp\/v2\/comments?post=266356"}],"version-history":[{"count":0,"href":"https:\/\/www.europesays.com\/fr\/wp-json\/wp\/v2\/posts\/266356\/revisions"}],"wp:featuredmedia":[{"embeddable":true,"href":"https:\/\/www.europesays.com\/fr\/wp-json\/wp\/v2\/media\/266357"}],"wp:attachment":[{"href":"https:\/\/www.europesays.com\/fr\/wp-json\/wp\/v2\/media?parent=266356"}],"wp:term":[{"taxonomy":"category","embeddable":true,"href":"https:\/\/www.europesays.com\/fr\/wp-json\/wp\/v2\/categories?post=266356"},{"taxonomy":"post_tag","embeddable":true,"href":"https:\/\/www.europesays.com\/fr\/wp-json\/wp\/v2\/tags?post=266356"}],"curies":[{"name":"wp","href":"https:\/\/api.w.org\/{rel}","templated":true}]}}