{"id":266361,"date":"2025-07-22T19:49:14","date_gmt":"2025-07-22T19:49:14","guid":{"rendered":"https:\/\/www.europesays.com\/fr\/266361\/"},"modified":"2025-07-22T19:49:14","modified_gmt":"2025-07-22T19:49:14","slug":"terence-atmane-surpris-par-le-537e-mondial-pablo-llamas-ruiz-au-deuxieme-tour-a-umag-lequipe","status":"publish","type":"post","link":"https:\/\/www.europesays.com\/fr\/266361\/","title":{"rendered":"Terence Atmane surpris par le 537e mondial Pablo Llamas Ruiz au deuxi\u00e8me tour \u00e0 Umag &#8211; L&#039;\u00c9quipe"},"content":{"rendered":"<ol>\n<li><a href=\"https:\/\/news.google.com\/rss\/articles\/CBMizgFBVV95cUxQWTFxZUxUTTF2OERFQ01zY1hYVmlhbVZZRVlDWHZ2Vzl5MC1ZUjhuN2tmWlQ4WG5fcm1VU0pEcXVyQkRNVDhNOWc2TXJESGZMS2c4eFdhbWhYR0VIdFdJWU5LczZYY3V0QVhBazN0MVBPMW1MNTNmRXdfdXVodmppMG5PWVZfNlhfOHc2eGFaNmpnTFhwT0steWVWRFR0ZFNvdHJTU19ZUE1BX0J4Ui15ZkhIb0dPVUdjV1hJQkE3cl9hZmh0OXRNNXlzSWtKQQ?oc=5\" target=\"_blank\" rel=\"nofollow noopener\">Terence Atmane surpris par le 537e mondial Pablo Llamas Ruiz au deuxi\u00e8me tour \u00e0 Umag<\/a>&nbsp;&nbsp;L&rsquo;\u00c9quipe<\/li>\n<li><a href=\"https:\/\/news.google.com\/rss\/articles\/CBMiqwFBVV95cUxPeEhzTzNpZXJucmV5QmFwa0pONVdZZDJBbXl6X2VlY3RRbHZ2Qks4ZXkxVGJMM3VKOHkwU0RzQUJtTGh5QTVsZzV0emtnSXk0dmlvNGlobkNaMnRaSXdMWVo2ajhLdV9RdlZGdkdXWlk4azdMbF9xSEpNT3AzUlRneU9IZEVzRDFVUGxhUjhzMXN1LVE3dV9lc0tvTmtxY3pvSXBzRkZfWjVPUWvSAaoBQVVfeXFMTkxUVy14WEZVOXNFblhvczZMM0xmX0MyN0xnaEUwclgtcnVvckQ5NXR2dFFCLWdlVXBaemlFVVBNblU5a0sxLThGd3lCTC1PaU1hV0RaWS01V2duWWYtbE5vNWo3aVlHeEtoNDVFRU45aXZFWDA0Zm03NXF0eVpGd2FBa1J3S1U4T0Y2QkpNRElQRkdLYmpGdklXT3FBQnlsOXc1aHNDNHBFS3c?oc=5\" target=\"_blank\" rel=\"nofollow noopener\">ATP : Cinqui\u00e8me d\u00e9faite de suite pour Herbert<\/a>&nbsp;&nbsp;Orange Actualit\u00e9s | Sports<\/li>\n<li><a href=\"https:\/\/news.google.com\/rss\/articles\/CBMixAFBVV95cUxNWTljVkh2MnRCbS0xc1lFVWYyWDlyWC1YNllDWDhhN2Z2SUNKRmJtMjN0Y0E5WE5nTHM5MmQ1dVoycTE5bGNmMUpyRjVyekFMeFhVaVZ5Q213c2JJcVdnUmNZVk92WEppTFFiS2xacHBDR3RvcjZ2a21fZnVUQnlWRkhRVUVxWmFvVjlkMXM2SFdJMmpjWHZEckdweFVnMUd6UFh0YU54RmtqcV9FTWxfYU5hc0pmY1NjU2V3dEZxRUNTTGhm?oc=5\" target=\"_blank\" rel=\"nofollow noopener\">Stan Wawrinka renoue avec la victoire<\/a>&nbsp;&nbsp;rts.ch<\/li>\n<li><a href=\"https:\/\/news.google.com\/rss\/articles\/CBMimAFBVV95cUxOazlrSFYteW5aT3BsODJob2xKN3FUQUtzUWFqXzdIbm1iX01QOFVFMWRrTG5HaHJVbkJ3NDdwRV9INmMwb2JWaGVSSmJ4YllKUUhMWGJYTG4yX3dRSkRReFlDdU9JWURaclNvUjdDSjhuZVE3Q2g3N0JxQm5fN251LTBpV2ZMRnYxb1NUMGozRGZzV3FRUlh6Yw?oc=5\" target=\"_blank\" rel=\"nofollow noopener\">Enfin une victoire pour Wawrinka, qui se qualifie pour les 8e \u00e0 Umag<\/a>&nbsp;&nbsp;Tribune de Gen\u00e8ve<\/li>\n<li><a href=\"https:\/\/news.google.com\/rss\/articles\/CBMikAFBVV95cUxPWG43UEhEd0wtcDg1Y1F3b0dNS2Z3a0I2VEo4bGFnQVhmWXN5dG1lNllRbUUtX1Vydk5RZGFmN0xDRDhOZ25ISUZ0eGZnRmlGQWU2ZDJ3SVVWWWZyOFJ1R1Q3MUo4WFQtTE50Ry1obV9XSmRjVFJ0OFBPaEZzY1Y5RlUweTh5cEtHSXgySU02dVA?oc=5\" target=\"_blank\" rel=\"nofollow noopener\">ATP Umag : Tableau et r\u00e9sultats en direct<\/a>&nbsp;&nbsp;Ski-nordique<\/li>\n<\/ol>\n","protected":false},"excerpt":{"rendered":"Terence Atmane surpris par le 537e mondial Pablo Llamas Ruiz au deuxi\u00e8me tour \u00e0 Umag&nbsp;&nbsp;L&rsquo;\u00c9quipe ATP : Cinqui\u00e8me&hellip;\n","protected":false},"author":2,"featured_media":266362,"comment_status":"","ping_status":"","sticky":false,"template":"","format":"standard","meta":{"footnotes":""},"categories":[1415],"tags":[1011,27,60,1467],"class_list":{"0":"post-266361","1":"post","2":"type-post","3":"status-publish","4":"format-standard","5":"has-post-thumbnail","7":"category-tennis","8":"tag-fr","9":"tag-france","10":"tag-sports","11":"tag-tennis"},"share_on_mastodon":{"url":"https:\/\/pubeurope.com\/@fr\/114898623712722706","error":""},"_links":{"self":[{"href":"https:\/\/www.europesays.com\/fr\/wp-json\/wp\/v2\/posts\/266361","targetHints":{"allow":["GET"]}}],"collection":[{"href":"https:\/\/www.europesays.com\/fr\/wp-json\/wp\/v2\/posts"}],"about":[{"href":"https:\/\/www.europesays.com\/fr\/wp-json\/wp\/v2\/types\/post"}],"author":[{"embeddable":true,"href":"https:\/\/www.europesays.com\/fr\/wp-json\/wp\/v2\/users\/2"}],"replies":[{"embeddable":true,"href":"https:\/\/www.europesays.com\/fr\/wp-json\/wp\/v2\/comments?post=266361"}],"version-history":[{"count":0,"href":"https:\/\/www.europesays.com\/fr\/wp-json\/wp\/v2\/posts\/266361\/revisions"}],"wp:featuredmedia":[{"embeddable":true,"href":"https:\/\/www.europesays.com\/fr\/wp-json\/wp\/v2\/media\/266362"}],"wp:attachment":[{"href":"https:\/\/www.europesays.com\/fr\/wp-json\/wp\/v2\/media?parent=266361"}],"wp:term":[{"taxonomy":"category","embeddable":true,"href":"https:\/\/www.europesays.com\/fr\/wp-json\/wp\/v2\/categories?post=266361"},{"taxonomy":"post_tag","embeddable":true,"href":"https:\/\/www.europesays.com\/fr\/wp-json\/wp\/v2\/tags?post=266361"}],"curies":[{"name":"wp","href":"https:\/\/api.w.org\/{rel}","templated":true}]}}