{"id":266365,"date":"2025-07-22T19:52:09","date_gmt":"2025-07-22T19:52:09","guid":{"rendered":"https:\/\/www.europesays.com\/fr\/266365\/"},"modified":"2025-07-22T19:52:09","modified_gmt":"2025-07-22T19:52:09","slug":"olivier-giroud-commence-sa-preparation-avec-le-losc","status":"publish","type":"post","link":"https:\/\/www.europesays.com\/fr\/266365\/","title":{"rendered":"Olivier Giroud commence sa pr\u00e9paration avec le LOSC"},"content":{"rendered":"<p>Le champion du monde 2018, tr\u00e8s attendu dans le Nord et en Ligue 1, a fait son apparition ce mardi pour le d\u00e9but de sa pr\u00e9paration.<\/p>\n<p class=\"fig-paragraph\">\u00c0 peine de retour \u00e0 l\u2019entra\u00eenement et la communication du LOSC ne s\u2019est pas priv\u00e9e pour mettre en avant les images sur les r\u00e9seaux sociaux. Symbole d\u2019une attente assez grande autour d\u2019<a href=\"http:\/\/www.lefigaro.fr\/sports\/football\/ligue-1\/olivier-giroud-a-lille-et-de-retour-en-ligue-1-est-ce-une-bonne-idee-la-redaction-du-figaro-n-est-pas-d-accord-20250703\" data-fig-type=\"NewsFlash\" data-gtm-custom-categorie=\"navigation\" data-gtm-custom-action=\"crossclick\" data-gtm-custom-label=\"Contextuel\" data-gtm-event=\"customEventSPE\" data-fig-domain=\"LEFIGARO\" rel=\"nofollow noopener\" target=\"_blank\">Olivier Giroud<\/a>. Le meilleur buteur de l\u2019histoire des Bleus (57 r\u00e9alisations) est tr\u00e8s attendu pour son retour en Ligue 1.<\/p>\n<p class=\"fig-paragraph\">Ce mardi, il a effectu\u00e9 sa reprise \u00e0 l\u2019entra\u00eenement apr\u00e8s des vacances en famille. En priv\u00e9, l\u2019ancien joueur de Montpellier, Arsenal, Chelsea, Milan ou encore Los Angeles se dit impatient \u00e0 l\u2019id\u00e9e de jouer sous ses nouvelles couleurs.<\/p>\n<p>                                    <a class=\"fig-a11y-skip a11y-hidden\" href=\"#fig-a11y-skip-main-inarticle\"><br \/>\n        Passer la publicit\u00e9<br \/>\n    <\/a><\/p>\n<p class=\"fig-paragraph\">\u00c0 bient\u00f4t 39 ans, le champion du monde 2018 aborde cet ultime d\u00e9fi dans sa carri\u00e8re -normalement- avec ambition. Reste \u00e0 savoir quel sera son vrai r\u00f4le au sein de l\u2019attaque lilloise. Avec le d\u00e9part de Jonathan David, le poste de num\u00e9ro 9 est vacant. Mais le mercato est encore long. Apr\u00e8s des tests m\u00e9dicaux et physiques, Olivier Giroud d\u00e9couvrira ses nouveaux partenaires d\u2019ici la fin de semaine. Il a d\u00e9j\u00e0 coch\u00e9 la date du 17 ao\u00fbt dans son calendrier, avec le d\u00e9placement du LOSC \u00e0 Brest.<\/p>\n","protected":false},"excerpt":{"rendered":"Le champion du monde 2018, tr\u00e8s attendu dans le Nord et en Ligue 1, a fait son apparition&hellip;\n","protected":false},"author":2,"featured_media":266366,"comment_status":"","ping_status":"","sticky":false,"template":"","format":"standard","meta":{"footnotes":""},"categories":[1412],"tags":[1451,1452,1453,1454,1455,1011,27,5959,60],"class_list":{"0":"post-266365","1":"post","2":"type-post","3":"status-publish","4":"format-standard","5":"has-post-thumbnail","7":"category-f1","8":"tag-f1","9":"tag-formula-1","10":"tag-formula1","11":"tag-formule-1","12":"tag-formule1","13":"tag-fr","14":"tag-france","15":"tag-olivier-giroud","16":"tag-sports"},"share_on_mastodon":{"url":"https:\/\/pubeurope.com\/@fr\/114898635790167996","error":""},"_links":{"self":[{"href":"https:\/\/www.europesays.com\/fr\/wp-json\/wp\/v2\/posts\/266365","targetHints":{"allow":["GET"]}}],"collection":[{"href":"https:\/\/www.europesays.com\/fr\/wp-json\/wp\/v2\/posts"}],"about":[{"href":"https:\/\/www.europesays.com\/fr\/wp-json\/wp\/v2\/types\/post"}],"author":[{"embeddable":true,"href":"https:\/\/www.europesays.com\/fr\/wp-json\/wp\/v2\/users\/2"}],"replies":[{"embeddable":true,"href":"https:\/\/www.europesays.com\/fr\/wp-json\/wp\/v2\/comments?post=266365"}],"version-history":[{"count":0,"href":"https:\/\/www.europesays.com\/fr\/wp-json\/wp\/v2\/posts\/266365\/revisions"}],"wp:featuredmedia":[{"embeddable":true,"href":"https:\/\/www.europesays.com\/fr\/wp-json\/wp\/v2\/media\/266366"}],"wp:attachment":[{"href":"https:\/\/www.europesays.com\/fr\/wp-json\/wp\/v2\/media?parent=266365"}],"wp:term":[{"taxonomy":"category","embeddable":true,"href":"https:\/\/www.europesays.com\/fr\/wp-json\/wp\/v2\/categories?post=266365"},{"taxonomy":"post_tag","embeddable":true,"href":"https:\/\/www.europesays.com\/fr\/wp-json\/wp\/v2\/tags?post=266365"}],"curies":[{"name":"wp","href":"https:\/\/api.w.org\/{rel}","templated":true}]}}