{"id":266371,"date":"2025-07-22T19:55:11","date_gmt":"2025-07-22T19:55:11","guid":{"rendered":"https:\/\/www.europesays.com\/fr\/266371\/"},"modified":"2025-07-22T19:55:11","modified_gmt":"2025-07-22T19:55:11","slug":"laurent-kerusore-balance-sur-les-salaires-reels-dans-plus-belle-la-vie","status":"publish","type":"post","link":"https:\/\/www.europesays.com\/fr\/266371\/","title":{"rendered":"Laurent K\u00e9rusor\u00e9 balance sur les salaires r\u00e9els dans Plus belle la vie"},"content":{"rendered":"<p>Alors que les fantasmes autour des salaires des acteurs de Plus belle la vie perdurent, Laurent K\u00e9rusor\u00e9 a tenu \u00e0 mettre les choses au clair. Dans une r\u00e9cente interview, il a bris\u00e9 un mythe tenace sur sa pr\u00e9tendue fortune et s\u2019est confi\u00e9 sur la r\u00e9alit\u00e9 de ses revenus.<\/p>\n<p>Depuis l\u2019arr\u00eat de Plus belle la vie, Laurent K\u00e9rusor\u00e9, l\u2019un des piliers historiques de la s\u00e9rie, n\u2019h\u00e9site plus \u00e0 parler sans d\u00e9tour. Accus\u00e9 \u00e0 tort d\u2019avoir touch\u00e9 <strong>jusqu\u2019\u00e0 30 000 euros<\/strong> par mois pour son r\u00f4le de Thomas Marci, le com\u00e9dien a r\u00e9cemment r\u00e9agi avec fermet\u00e9. Loin de l\u2019image de l\u2019acteur millionnaire, il \u00e9voque des <strong>cachets bien plus modestes<\/strong> et une situation financi\u00e8re loin d\u2019\u00eatre aussi confortable qu\u2019on le pense. Une mise au point n\u00e9cessaire, au moment o\u00f9 de nombreuses rumeurs circulent sur les coulisses du feuilleton.<\/p>\n<p> \t\t\t  Laurent K\u00e9rusor\u00e9 r\u00e9tablit la v\u00e9rit\u00e9 sur son salaire dans Plus belle la vie   Une figure incontournable de Plus belle la vie  <\/p>\n<p>Pendant 18 ans, Laurent K\u00e9rusor\u00e9 a pr\u00eat\u00e9 ses traits \u00e0 <strong>Thomas Marci<\/strong>, personnage embl\u00e9matique du feuilleton <a href=\"https:\/\/www.pleinevie.fr\/loisirs\/tele-radio\/plus-belle-la-vie-qui-sont-les-nouveaux-visages-du-casting-2025-zoom-sur-zoe-laib-florian-abboud-166185.html\" target=\"_blank\" rel=\"noopener\">Plus belle la vie<\/a>. Pr\u00e9sent depuis 2005, il est devenu l\u2019un des visages les plus aim\u00e9s du Mistral. Son d\u00e9part, survenu en novembre 2022, a marqu\u00e9 la fin d\u2019une \u00e9poque, autant pour les t\u00e9l\u00e9spectateurs que pour l\u2019acteur. Depuis, <strong>K\u00e9rusor\u00e9<\/strong> n\u2019a jamais cach\u00e9 sa nostalgie. Il affirme d\u2019ailleurs qu\u2019il serait pr\u00eat \u00e0 reprendre son r\u00f4le si la s\u00e9rie venait un jour \u00e0 rena\u00eetre.<\/p>\n<p>    Un retour m\u00e9diatique tr\u00e8s remarqu\u00e9  <\/p>\n<p>D\u2019apr\u00e8s <a href=\"https:\/\/www.femmeactuelle.fr\/actu\/news-actu\/plus-belle-la-vie-laurent-kerusore-revele-lincroyable-salaire-quil-touchait-pendant-la-serie-2150667\" target=\"_blank\" rel=\"noopener\">Femme Actuelle<\/a>, c\u2019est sur le <strong>plateau de l\u2019\u00e9mission<\/strong> Chez Jordan, sur C8, que Laurent K\u00e9rusor\u00e9 a r\u00e9cemment fait sensation. Invit\u00e9 \u00e0 revenir sur ses ann\u00e9es dans la peau de Thomas, il s\u2019est confi\u00e9 sans langue de bois. Face aux rumeurs qui circulent sur les <strong>salaires mirobolants<\/strong> des acteurs de la s\u00e9rie, le com\u00e9dien a souhait\u00e9 r\u00e9tablir la v\u00e9rit\u00e9. Avec franchise, il a \u00e9voqu\u00e9 l\u2019envers du d\u00e9cor, les intrigues, les primes, mais aussi les fantasmes autour de sa suppos\u00e9e fortune t\u00e9l\u00e9visuelle.<\/p>\n<p>  \u201cJe ne touchais pas 30 000 euros\u201d  <\/p>\n<p>Quand Jordan De Luxe \u00e9voque les chiffres \u00e9voqu\u00e9s dans la presse jusqu\u2019\u00e0 <strong>30 000 euros mensuels<\/strong>, Laurent K\u00e9rusor\u00e9 ne se d\u00e9monte pas. Il corrige sans d\u00e9tour le non, il n\u2019a jamais touch\u00e9 autant. Ces estimations lui semblent exag\u00e9r\u00e9es, m\u00eame pour une star de <a href=\"https:\/\/www.pleinevie.fr\/loisirs\/tele-radio\/plus-belle-la-vie-le-saviez-vous-a-lorigine-le-feuilleton-devait-sappeler-166137.html\" target=\"_blank\" rel=\"noopener\">s\u00e9rie quotidienne<\/a>. Le ton est clair, et le message aussi et <strong>le mythe du salaire<\/strong> ind\u00e9cent n\u2019a pas lieu d\u2019\u00eatre. Si certains ont pu s\u2019approcher de tels montants, ce n\u2019est pas son cas.<\/p>\n<p>     Entre fantasmes et r\u00e9alit\u00e9, l\u2019acteur d\u00e9voile les v\u00e9ritables coulisses financi\u00e8res du feuilleton culte de France 3   Un salaire \u201cconfortable\u201d, mais loin des fantasmes  <\/p>\n<p>Pouss\u00e9 dans ses retranchements, l\u2019acteur finit par l\u00e2cher le vrai chiffre. Selon lui, son salaire oscillait autour de <strong>10 000 \u00e0 12 000 euros par mois<\/strong>, \u00e0 condition d\u2019\u00eatre en intrigue et de participer \u00e0 un prime. En dehors de ces p\u00e9riodes, les revenus pouvaient \u00eatre moindres. Un chiffre certes \u00e9lev\u00e9 pour le commun des mortels, mais <strong>loin du jackpot<\/strong> que beaucoup imaginaient. Cette r\u00e9v\u00e9lation vient \u00e9clairer une r\u00e9alit\u00e9 moins dor\u00e9e que ce que les rumeurs laissaient entendre.<\/p>\n<p>  Une carri\u00e8re pas si luxueuse  <\/p>\n<p>Derri\u00e8re les projecteurs, la vie d\u2019un com\u00e9dien de s\u00e9rie quotidienne n\u2019est pas aussi opulente qu\u2019on le pense. <strong>Laurent K\u00e9rusor\u00e9<\/strong> \u00e9voque souvent ses difficult\u00e9s apr\u00e8s la fin de Plus belle la vie, entre <strong>p\u00e9riodes de ch\u00f4mage et incertitudes professionnelles.<\/strong> Il rappelle que ces revenus ne sont pas \u00e9ternels, et que <a href=\"https:\/\/www.pleinevie.fr\/loisirs\/tele-radio\/plus-belle-la-vie-ces-10-acteurs-ont-ete-vires-sans-preavis-les-vraies-raisons-derriere-leur-eviction-165818.html\" target=\"_blank\" rel=\"noopener\">les acteurs<\/a> doivent g\u00e9rer l\u2019instabilit\u00e9 inh\u00e9rente au m\u00e9tier. La fin de la s\u00e9rie a laiss\u00e9 un vide, affectif bien s\u00fbr, mais aussi financier. Le confort d\u2019hier ne garantit rien pour demain.<\/p>\n<p>     Une prise de parole n\u00e9cessaire  <\/p>\n<p>En brisant le silence, Laurent K\u00e9rusor\u00e9 remet les pendules \u00e0 l\u2019heure. Il soul\u00e8ve une question plus large sur la perception des <strong>salaires dans l\u2019audiovisuel<\/strong>. Entre jalousie, fantasme et d\u00e9sinformation, la r\u00e9alit\u00e9 est souvent d\u00e9form\u00e9e. Sa franchise lui permet non seulement de se d\u00e9fendre, mais aussi de redonner une <strong>image plus juste du quotidien des com\u00e9diens<\/strong>. Sinc\u00e8re, direct, il n\u2019a plus peur de dire ce qu\u2019il vit, et continue ainsi d\u2019\u00e9crire son histoire, loin des clich\u00e9s.<\/p>\n","protected":false},"excerpt":{"rendered":"Alors que les fantasmes autour des salaires des acteurs de Plus belle la vie perdurent, Laurent K\u00e9rusor\u00e9 a&hellip;\n","protected":false},"author":2,"featured_media":266372,"comment_status":"","ping_status":"","sticky":false,"template":"","format":"standard","meta":{"footnotes":""},"categories":[1359],"tags":[1102,10281,58,59,1011,27,973,1368],"class_list":{"0":"post-266371","1":"post","2":"type-post","3":"status-publish","4":"format-standard","5":"has-post-thumbnail","7":"category-people","8":"tag-breakingnews","9":"tag-buzz-nonli","10":"tag-divertissement","11":"tag-entertainment","12":"tag-fr","13":"tag-france","14":"tag-people","15":"tag-plus-belle-la-vie"},"share_on_mastodon":{"url":"https:\/\/pubeurope.com\/@fr\/114898647388986069","error":""},"_links":{"self":[{"href":"https:\/\/www.europesays.com\/fr\/wp-json\/wp\/v2\/posts\/266371","targetHints":{"allow":["GET"]}}],"collection":[{"href":"https:\/\/www.europesays.com\/fr\/wp-json\/wp\/v2\/posts"}],"about":[{"href":"https:\/\/www.europesays.com\/fr\/wp-json\/wp\/v2\/types\/post"}],"author":[{"embeddable":true,"href":"https:\/\/www.europesays.com\/fr\/wp-json\/wp\/v2\/users\/2"}],"replies":[{"embeddable":true,"href":"https:\/\/www.europesays.com\/fr\/wp-json\/wp\/v2\/comments?post=266371"}],"version-history":[{"count":0,"href":"https:\/\/www.europesays.com\/fr\/wp-json\/wp\/v2\/posts\/266371\/revisions"}],"wp:featuredmedia":[{"embeddable":true,"href":"https:\/\/www.europesays.com\/fr\/wp-json\/wp\/v2\/media\/266372"}],"wp:attachment":[{"href":"https:\/\/www.europesays.com\/fr\/wp-json\/wp\/v2\/media?parent=266371"}],"wp:term":[{"taxonomy":"category","embeddable":true,"href":"https:\/\/www.europesays.com\/fr\/wp-json\/wp\/v2\/categories?post=266371"},{"taxonomy":"post_tag","embeddable":true,"href":"https:\/\/www.europesays.com\/fr\/wp-json\/wp\/v2\/tags?post=266371"}],"curies":[{"name":"wp","href":"https:\/\/api.w.org\/{rel}","templated":true}]}}