{"id":266375,"date":"2025-07-22T19:57:09","date_gmt":"2025-07-22T19:57:09","guid":{"rendered":"https:\/\/www.europesays.com\/fr\/266375\/"},"modified":"2025-07-22T19:57:09","modified_gmt":"2025-07-22T19:57:09","slug":"anatomie-dun-livre-ancien-bibliotheque-patrimoniale-et-detude-dijon-4-octobre-2025","status":"publish","type":"post","link":"https:\/\/www.europesays.com\/fr\/266375\/","title":{"rendered":"anatomie d\u2019un livre ancien Biblioth\u00e8que Patrimoniale Et D\u2019etude Dijon 4 octobre 2025"},"content":{"rendered":"\n<p><img width=\"700\" height=\"990\" src=\"https:\/\/www.europesays.com\/fr\/wp-content\/uploads\/2025\/07\/bibliotheque-patrimoniale-et-detude-dijon-2025-10-04t100000.jpg\" alt=\"Les coulisses du patrimoine : anatomie d'un livre ancien Biblioth\u00e8que Patrimoniale Et D'etude Dijon\" decoding=\"async\" fetchpriority=\"high\"  \/><\/p>\n<p>\t\t<strong>Les coulisses du patrimoine : anatomie d\u2019un livre ancien Biblioth\u00e8que Patrimoniale Et D\u2019etude Dijon samedi 4 octobre 2025.<\/strong> <\/p>\n<p>Les coulisses du patrimoine : anatomie d\u2019un livre ancien Samedi 4 octobre, 10h00, 14h00 Biblioth\u00e8que Patrimoniale Et D\u2019etude C\u00f4te-d\u2019Or<\/p>\n<p>Sur inscription (10 places par s\u00e9ance)<\/p>\n<p>Dates et horaires de d\u00e9but et de fin (ann\u00e9e \u2013 mois \u2013 jour \u2013 heure) :<br \/>D\u00e9but : 2025-10-04T10:00:00 \u2013 2025-10-04T10:30:00<br \/>Fin : 2025-10-04T14:00:00 \u2013 2025-10-04T14:30:00<\/p>\n<p>Au c\u0153ur de nos r\u00e9serves historiques, vous apprendrez \u00e0 reconna\u00eetre tous les signes distinctifs d\u2019un livre ancien, sa reliure, ses anciens propri\u00e9taires\u2026<\/p>\n<p>Biblioth\u00e8que Patrimoniale Et D\u2019etude 3 RUE DE L\u2019ECOLE-DE-DROIT 21000 Dijon Dijon 21000 Centre-Ville C\u00f4te-d\u2019Or Bourgogne-Franche-Comt\u00e9 0380488230  https:\/\/bm.dijon.fr\/Default\/champollion.aspx  [{\u00ab\u00a0type\u00a0\u00bb: \u00ab\u00a0link\u00a0\u00bb, \u00ab\u00a0value\u00a0\u00bb: \u00ab\u00a0https:\/\/bm.dijon.fr\/search.aspx#\/Search\/(query:(CloudTerms:!()\u00a0\u00bb}]<br \/>Au c\u0153ur de nos r\u00e9serves historiques, vous apprendrez \u00e0 reconna\u00eetre tous les signes distinctifs d\u2019un livre ancien, sa reliure, ses anciens propri\u00e9taires\u2026  <\/p>\n<p>\u00a9 Minist\u00e8re de la Culture<\/p>\n","protected":false},"excerpt":{"rendered":"Les coulisses du patrimoine : anatomie d\u2019un livre ancien Biblioth\u00e8que Patrimoniale Et D\u2019etude Dijon samedi 4 octobre 2025.&hellip;\n","protected":false},"author":2,"featured_media":266376,"comment_status":"","ping_status":"","sticky":false,"template":"","format":"standard","meta":{"footnotes":""},"categories":[1357],"tags":[1379,58,59,1011,27,1380],"class_list":{"0":"post-266375","1":"post","2":"type-post","3":"status-publish","4":"format-standard","5":"has-post-thumbnail","7":"category-livres","8":"tag-books","9":"tag-divertissement","10":"tag-entertainment","11":"tag-fr","12":"tag-france","13":"tag-livres"},"share_on_mastodon":{"url":"https:\/\/pubeurope.com\/@fr\/114898655299597535","error":""},"_links":{"self":[{"href":"https:\/\/www.europesays.com\/fr\/wp-json\/wp\/v2\/posts\/266375","targetHints":{"allow":["GET"]}}],"collection":[{"href":"https:\/\/www.europesays.com\/fr\/wp-json\/wp\/v2\/posts"}],"about":[{"href":"https:\/\/www.europesays.com\/fr\/wp-json\/wp\/v2\/types\/post"}],"author":[{"embeddable":true,"href":"https:\/\/www.europesays.com\/fr\/wp-json\/wp\/v2\/users\/2"}],"replies":[{"embeddable":true,"href":"https:\/\/www.europesays.com\/fr\/wp-json\/wp\/v2\/comments?post=266375"}],"version-history":[{"count":0,"href":"https:\/\/www.europesays.com\/fr\/wp-json\/wp\/v2\/posts\/266375\/revisions"}],"wp:featuredmedia":[{"embeddable":true,"href":"https:\/\/www.europesays.com\/fr\/wp-json\/wp\/v2\/media\/266376"}],"wp:attachment":[{"href":"https:\/\/www.europesays.com\/fr\/wp-json\/wp\/v2\/media?parent=266375"}],"wp:term":[{"taxonomy":"category","embeddable":true,"href":"https:\/\/www.europesays.com\/fr\/wp-json\/wp\/v2\/categories?post=266375"},{"taxonomy":"post_tag","embeddable":true,"href":"https:\/\/www.europesays.com\/fr\/wp-json\/wp\/v2\/tags?post=266375"}],"curies":[{"name":"wp","href":"https:\/\/api.w.org\/{rel}","templated":true}]}}